{"id":2487,"date":"2019-09-23T14:16:56","date_gmt":"2019-09-23T17:16:56","guid":{"rendered":"https:\/\/justicapotiguar.com.br\/?p=2487"},"modified":"2019-09-24T11:50:02","modified_gmt":"2019-09-24T14:50:02","slug":"com-penduricalhos-65-dos-juizes-ganham-acima-do-teto-de-r-393-mil","status":"publish","type":"post","link":"https:\/\/justicapotiguar.com.br\/index.php\/2019\/09\/23\/com-penduricalhos-65-dos-juizes-ganham-acima-do-teto-de-r-393-mil\/","title":{"rendered":"Com \u2018penduricalhos\u2019, 65% dos ju\u00edzes ganham acima do teto de R$ 39,3 mil"},"content":{"rendered":"\n<p>Foi na semana de sexta-feira 13, neste m\u00eas de setembro, que o&nbsp;<strong><a href=\"https:\/\/tudo-sobre.estadao.com.br\/cnj-conselho-nacional-de-justica,2\" target=\"_blank\" rel=\"noreferrer noopener\">Conselho Nacional de Justi\u00e7a (CNJ)<\/a><\/strong>&nbsp;decidiu que o melhor era n\u00e3o dar chance ao azar. Apesar de a situa\u00e7\u00e3o das&nbsp;<strong><a href=\"https:\/\/tudo-sobre.estadao.com.br\/divida-publica\" target=\"_blank\" rel=\"noreferrer noopener\">contas p\u00fablicas<\/a><\/strong>&nbsp;do Pa\u00eds n\u00e3o ir bem, o \u00f3rg\u00e3o que controla o Poder Judici\u00e1rio decidiu que era preciso cuidar melhor da sa\u00fade de seus magistrados e servidores e aprovou um aux\u00edlio que pode chegar a 10% do sal\u00e1rio \u2013 um juiz no Brasil ficar\u00e1 muito pr\u00f3ximo de ganhar o teto, que \u00e9 de R$ 39,3 mil mensais. \u00c9 mais do que o sal\u00e1rio do presidente da Rep\u00fablica, de R$ 30.900,00.<\/p>\n\n\n\n<p>Antes de sair criando novas despesas, o CNJ fez uma consulta a tribunais estaduais, federais e associa\u00e7\u00f5es de ju\u00edzes. Ouviu deles que o novo gasto era justificado. Uma das justificativas veio da Associa\u00e7\u00e3o dos Magistrados Brasileiros (AMB), que havia feito pesquisa mostrando que mais de 90% dos magistrados se dizem mais estressados do que no passado.<\/p>\n\n\n\n<p>O CNJ operou em um dos poucos v\u00e1cuos deixados pela&nbsp;<strong><a href=\"https:\/\/tudo-sobre.estadao.com.br\/ldo-lei-de-diretrizes-orcamentarias\" target=\"_blank\" rel=\"noreferrer noopener\">Lei de Diretrizes Or\u00e7ament\u00e1rias (LDO) de 2019<\/a><\/strong>. Essa lei d\u00e1 as bases para os gastos do governo e, por causa da crise fiscal, proibiu reajustes aos aux\u00edlios alimenta\u00e7\u00e3o, moradia e assist\u00eancia pr\u00e9-escolar. O aux\u00edlio-sa\u00fade ficou de fora da veda\u00e7\u00e3o.<\/p>\n\n\n\n<p>O dinheiro poder\u00e1 ser usado para pagar m\u00e9dicos, hospitais, planos de sa\u00fade, dentista, psic\u00f3logo e at\u00e9 os rem\u00e9dios comprados na farm\u00e1cia. Livre do teto remunerat\u00f3rio, o aux\u00edlio ser\u00e1 mais um \u201cpenduricalho\u201d a turbinar sal\u00e1rios dos servidores e magistrados. Uma despesa criada pelo Judici\u00e1rio para beneficiar o pr\u00f3prio Judici\u00e1rio.<\/p>\n\n\n\n<p>Pesquisa feita pela lideran\u00e7a do partido&nbsp;Novo na C\u00e2mara mostra que, mesmo ap\u00f3s o fim do pagamento indiscriminado de aux\u00edlio-moradia, 65% dos magistrados no Pa\u00eds est\u00e3o recebendo acima do teto do funcionalismo em 2019. O porcentual j\u00e1 considera uma margem de R$ 1 mil, para excluir aqueles que passam do limite por aux\u00edlios menores, como o de alimenta\u00e7\u00e3o. Na advocacia p\u00fablica, que inclui advogados da Uni\u00e3o e procuradores federais, o porcentual \u00e9 bem menor, de 15%.<\/p>\n\n\n\n<h3>Liminar para garantir benef\u00edcio<\/h3>\n\n\n\n<p>O aux\u00edlio-moradia para todos os ju\u00edzes foi obra de uma liminar concedida pelo ministro Luiz Fux, do Supremo Tribunal Federal (STF), em 2014. Seu fim s\u00f3 foi decretado ap\u00f3s uma negocia\u00e7\u00e3o dura que obrigou o governo Michel Temer a avalizar um reajuste de 16,38% para os magistrados, que gerou efeito cascata nos Estados, por elevar o teto de sal\u00e1rios para todos os servidores.<\/p><div class=\"wnqfo69f2930bad367\" ><!--<a href=\"https:\/\/bit.ly\/3QdrqTZ\" target=\"_blank\">\n<img src=\"https:\/\/justicapotiguar.com.br\/wp-content\/uploads\/2023\/09\/mobile-geral.gif\"\/><a\/>--><\/div><style type=\"text\/css\">\r\n.wnqfo69f2930bad367 {\r\ntext-align: center;\r\n}\r\n@media screen and (min-width: 1201px) {\r\n.wnqfo69f2930bad367 {\r\ndisplay: none;\r\n}\r\n}\r\n@media screen and (min-width: 993px) and (max-width: 1200px) {\r\n.wnqfo69f2930bad367 {\r\ndisplay: none;\r\n}\r\n}\r\n@media screen and (min-width: 769px) and (max-width: 992px) {\r\n.wnqfo69f2930bad367 {\r\ndisplay: none;\r\n}\r\n}\r\n@media screen and (min-width: 768px) and (max-width: 768px) {\r\n.wnqfo69f2930bad367 {\r\ndisplay: block;\r\n}\r\n}\r\n@media screen and (max-width: 767px) {\r\n.wnqfo69f2930bad367 {\r\ndisplay: block;\r\n}\r\n}\r\n<\/style>\r\n<div class=\"ybcoa69f2930bad34a\" ><!--<a href=\"https:\/\/bit.ly\/3QdrqTZ\" target=\"_blank\">\n<img src=\"https:\/\/justicapotiguar.com.br\/wp-content\/uploads\/2023\/09\/desktop-geral.gif\"\/><a\/>--><\/div><style type=\"text\/css\">\r\n.ybcoa69f2930bad34a {\r\ntext-align: center;\nmargin-bottom: 1em;\r\n}\r\n@media screen and (min-width: 1201px) {\r\n.ybcoa69f2930bad34a {\r\ndisplay: block;\r\n}\r\n}\r\n@media screen and (min-width: 993px) and (max-width: 1200px) {\r\n.ybcoa69f2930bad34a {\r\ndisplay: block;\r\n}\r\n}\r\n@media screen and (min-width: 769px) and (max-width: 992px) {\r\n.ybcoa69f2930bad34a {\r\ndisplay: block;\r\n}\r\n}\r\n@media screen and (min-width: 768px) and (max-width: 768px) {\r\n.ybcoa69f2930bad34a {\r\ndisplay: none;\r\n}\r\n}\r\n@media screen and (max-width: 767px) {\r\n.ybcoa69f2930bad34a {\r\ndisplay: none;\r\n}\r\n}\r\n<\/style>\r\n\n\n\n\n<figure class=\"wp-block-image\"><img src=\"https:\/\/img.estadao.com.br\/resources\/jpg\/9\/4\/1569199943749.jpg\" alt=\"ctv-aya-fux\"\/><figcaption>Ministro Fux deu liminar por aux\u00edlio-moradia em 2014 Foto: Fabio Motta<\/figcaption><\/figure>\n\n\n\n<p>O levantamento do Novo analisou mais de 200 mil contracheques, inclusive de ju\u00edzes estaduais. O Poder Judici\u00e1rio nos Estados \u00e9 blindado de qualquer crise e n\u00e3o recebe um centavo a menos que o previsto no Or\u00e7amento, mesmo quando as receitas caem. Por l\u00e1, o porcentual de quem extrapola o teto estadual (R$ 35,5 mil) chega a 77%.<\/p>\n\n\n\n<p>A pesquisa exclui os meses de janeiro e julho deste ano para evitar um resultado inflado por quem \u201cfurou\u201d o teto com o ter\u00e7o de f\u00e9rias.<\/p>\n\n\n\n<p>O economista Daniel Couri, diretor da Institui\u00e7\u00e3o Fiscal Independente (IFI) do Senado, diz que o problema dos \u201cpenduricalhos\u201d \u00e9 que, embora seja preciso uma lei para cri\u00e1-los, o valor \u00e9 decidido de forma administrativa. Ou seja, os pr\u00f3prios poderes podem escolher se merecem ou n\u00e3o um aumento.<\/p>\n\n\n\n<p>\u201cA LDO seria o lugar em que se poderia limitar de alguma forma essa autonomia\u201d, diz Couri. Para ele, o impacto do novo aux\u00edlio-sa\u00fade aprovado pelo CNJ deve ser significativo e levar\u00e1 aos \u00f3rg\u00e3os do Judici\u00e1rio federal a ter de cortar gastos em outras \u00e1reas, j\u00e1 que a emenda do teto fixa um limite total para as despesas. Caber\u00e1 a cada tribunal regulamentar o pagamento do benef\u00edcio.<\/p>\n\n\n\n<p>A reportagem questionou o CNJ sobre o impacto da medida e as raz\u00f5es que levaram \u00e0 decis\u00e3o, mas n\u00e3o obteve resposta.<\/p>\n","protected":false},"excerpt":{"rendered":"<p>\u00c9 mais do que o sal\u00e1rio do presidente da Rep\u00fablica, de R$ 30.900,00<br \/><a class=\"more-link\" href=\"https:\/\/justicapotiguar.com.br\/index.php\/2019\/09\/23\/com-penduricalhos-65-dos-juizes-ganham-acima-do-teto-de-r-393-mil\/\">Mais&#8230;<\/a><\/p>\n","protected":false},"author":5,"featured_media":2488,"comment_status":"open","ping_status":"open","sticky":false,"template":"","format":"standard","meta":[],"categories":[3],"tags":[],"_links":{"self":[{"href":"https:\/\/justicapotiguar.com.br\/index.php\/wp-json\/wp\/v2\/posts\/2487"}],"collection":[{"href":"https:\/\/justicapotiguar.com.br\/index.php\/wp-json\/wp\/v2\/posts"}],"about":[{"href":"https:\/\/justicapotiguar.com.br\/index.php\/wp-json\/wp\/v2\/types\/post"}],"author":[{"embeddable":true,"href":"https:\/\/justicapotiguar.com.br\/index.php\/wp-json\/wp\/v2\/users\/5"}],"replies":[{"embeddable":true,"href":"https:\/\/justicapotiguar.com.br\/index.php\/wp-json\/wp\/v2\/comments?post=2487"}],"version-history":[{"count":2,"href":"https:\/\/justicapotiguar.com.br\/index.php\/wp-json\/wp\/v2\/posts\/2487\/revisions"}],"predecessor-version":[{"id":2490,"href":"https:\/\/justicapotiguar.com.br\/index.php\/wp-json\/wp\/v2\/posts\/2487\/revisions\/2490"}],"wp:featuredmedia":[{"embeddable":true,"href":"https:\/\/justicapotiguar.com.br\/index.php\/wp-json\/wp\/v2\/media\/2488"}],"wp:attachment":[{"href":"https:\/\/justicapotiguar.com.br\/index.php\/wp-json\/wp\/v2\/media?parent=2487"}],"wp:term":[{"taxonomy":"category","embeddable":true,"href":"https:\/\/justicapotiguar.com.br\/index.php\/wp-json\/wp\/v2\/categories?post=2487"},{"taxonomy":"post_tag","embeddable":true,"href":"https:\/\/justicapotiguar.com.br\/index.php\/wp-json\/wp\/v2\/tags?post=2487"}],"curies":[{"name":"wp","href":"https:\/\/api.w.org\/{rel}","templated":true}]}}