{"id":24804,"date":"2022-03-04T15:32:00","date_gmt":"2022-03-04T18:32:00","guid":{"rendered":"https:\/\/justicapotiguar.com.br\/?p=24804"},"modified":"2022-03-04T15:31:59","modified_gmt":"2022-03-04T18:31:59","slug":"eleicoes-2022-cidadaos-tem-dois-meses-para-regularizar-o-titulo","status":"publish","type":"post","link":"https:\/\/justicapotiguar.com.br\/index.php\/2022\/03\/04\/eleicoes-2022-cidadaos-tem-dois-meses-para-regularizar-o-titulo\/","title":{"rendered":"Elei\u00e7\u00f5es 2022: cidad\u00e3os t\u00eam dois meses para regularizar o t\u00edtulo"},"content":{"rendered":"\n<p>Faltam dois meses para tirar o t\u00edtulo pela primeira vez ou regularizar pend\u00eancias&nbsp;com a&nbsp;Justi\u00e7a Eleitoral e ficar apto para votar nas Elei\u00e7\u00f5es 2022. Termina no dia 4 de maio o prazo para solicitar a emiss\u00e3o da primeira via do t\u00edtulo, inclus\u00e3o do nome social, transfer\u00eancia, atualiza\u00e7\u00e3o ou regulariza\u00e7\u00e3o do t\u00edtulo de eleitor. Nessa data, o cadastro eleitoral ser\u00e1 fechado, conforme prev\u00ea a Lei das Elei\u00e7\u00f5es (Lei n\u00ba 9.504\/97 \u2013 artigo 91).<\/p>\n\n\n\n<p><strong>Como regularizar?<\/strong><\/p>\n\n\n\n<p>No site do TRE-RN h\u00e1 um destaque principal que leva o internauta at\u00e9 a p\u00e1gina do&nbsp;<a href=\"https:\/\/www.tre-rn.jus.br\/eleitor\/atendimento-remoto\/atendimento-remoto-no-tre-rn\" target=\"_blank\" rel=\"noreferrer noopener\">Atendimento On-Line<\/a>. L\u00e1 o eleitor acessa o sistema T\u00edtulo Net, preenche o formul\u00e1rio com suas informa\u00e7\u00f5es e anexa os documentos solicitados. Ap\u00f3s o preenchimento, \u00e9 gerado protocolo para acompanhamento. Na sequ\u00eancia, os dados s\u00e3o enviados imediatamente para a Zona Eleitoral correspondente e, caso estejam todos corretos, ap\u00f3s verifica\u00e7\u00e3o pela equipe do cart\u00f3rio, as informa\u00e7\u00f5es s\u00e3o encaminhadas para o Tribunal Superior Eleitoral para valida\u00e7\u00e3o. Vale lembrar que quem possui d\u00e9bito com a Justi\u00e7a Eleitoral deve quitar a d\u00edvida antes de iniciar o requerimento.<\/p>\n\n\n\n<p>Na p\u00e1gina do Atendimento On-Line tamb\u00e9m \u00e9 poss\u00edvel acompanhar o andamento da solicita\u00e7\u00e3o. Havendo necessidade de ajustes nos dados, o cart\u00f3rio eleitoral entrar\u00e1 em contato por e-mail ou WhatsApp para a complementa\u00e7\u00e3o. Por isso, o TRE-RN refor\u00e7a a import\u00e2ncia do preenchimento correto das informa\u00e7\u00f5es solicitadas no requerimento para agilizar o atendimento.<\/p><div class=\"zcmcx69f0ce2747e3c\" ><!--<a href=\"https:\/\/bit.ly\/3QdrqTZ\" target=\"_blank\">\n<img src=\"https:\/\/justicapotiguar.com.br\/wp-content\/uploads\/2023\/09\/mobile-geral.gif\"\/><a\/>--><\/div><style type=\"text\/css\">\r\n.zcmcx69f0ce2747e3c {\r\ntext-align: center;\r\n}\r\n@media screen and (min-width: 1201px) {\r\n.zcmcx69f0ce2747e3c {\r\ndisplay: none;\r\n}\r\n}\r\n@media screen and (min-width: 993px) and (max-width: 1200px) {\r\n.zcmcx69f0ce2747e3c {\r\ndisplay: none;\r\n}\r\n}\r\n@media screen and (min-width: 769px) and (max-width: 992px) {\r\n.zcmcx69f0ce2747e3c {\r\ndisplay: none;\r\n}\r\n}\r\n@media screen and (min-width: 768px) and (max-width: 768px) {\r\n.zcmcx69f0ce2747e3c {\r\ndisplay: block;\r\n}\r\n}\r\n@media screen and (max-width: 767px) {\r\n.zcmcx69f0ce2747e3c {\r\ndisplay: block;\r\n}\r\n}\r\n<\/style>\r\n<div class=\"idepb69f0ce2747e25\" ><!--<a href=\"https:\/\/bit.ly\/3QdrqTZ\" target=\"_blank\">\n<img src=\"https:\/\/justicapotiguar.com.br\/wp-content\/uploads\/2023\/09\/desktop-geral.gif\"\/><a\/>--><\/div><style type=\"text\/css\">\r\n.idepb69f0ce2747e25 {\r\ntext-align: center;\nmargin-bottom: 1em;\r\n}\r\n@media screen and (min-width: 1201px) {\r\n.idepb69f0ce2747e25 {\r\ndisplay: block;\r\n}\r\n}\r\n@media screen and (min-width: 993px) and (max-width: 1200px) {\r\n.idepb69f0ce2747e25 {\r\ndisplay: block;\r\n}\r\n}\r\n@media screen and (min-width: 769px) and (max-width: 992px) {\r\n.idepb69f0ce2747e25 {\r\ndisplay: block;\r\n}\r\n}\r\n@media screen and (min-width: 768px) and (max-width: 768px) {\r\n.idepb69f0ce2747e25 {\r\ndisplay: none;\r\n}\r\n}\r\n@media screen and (max-width: 767px) {\r\n.idepb69f0ce2747e25 {\r\ndisplay: none;\r\n}\r\n}\r\n<\/style>\r\n\n\n\n\n<figure class=\"wp-block-image size-large\"><img loading=\"lazy\" width=\"1024\" height=\"615\" src=\"https:\/\/justicapotiguar.com.br\/wp-content\/uploads\/2020\/03\/xTitulo-de-Eleitor.jpg.pagespeed.ic_.aP6WXsNHVt-1024x615.jpg\" alt=\"\" class=\"wp-image-6813\" srcset=\"https:\/\/justicapotiguar.com.br\/wp-content\/uploads\/2020\/03\/xTitulo-de-Eleitor.jpg.pagespeed.ic_.aP6WXsNHVt-1024x615.jpg 1024w, https:\/\/justicapotiguar.com.br\/wp-content\/uploads\/2020\/03\/xTitulo-de-Eleitor.jpg.pagespeed.ic_.aP6WXsNHVt-300x180.jpg 300w, https:\/\/justicapotiguar.com.br\/wp-content\/uploads\/2020\/03\/xTitulo-de-Eleitor.jpg.pagespeed.ic_.aP6WXsNHVt-768x461.jpg 768w, https:\/\/justicapotiguar.com.br\/wp-content\/uploads\/2020\/03\/xTitulo-de-Eleitor.jpg.pagespeed.ic_.aP6WXsNHVt.jpg 1086w\" sizes=\"(max-width: 1024px) 100vw, 1024px\" \/><figcaption>Ilustrativa<\/figcaption><\/figure>\n\n\n\n<p><strong>Biometria<\/strong><\/p>\n\n\n\n<p>\u00c9 importante lembrar que a coleta da biometria est\u00e1 suspensa, conforme estabelecido na&nbsp;<a href=\"https:\/\/www.tse.jus.br\/legislacao\/compilada\/res\/2020\/resolucao-no-23-6152-de-19-de-marco-de-2020\" target=\"_blank\" rel=\"noreferrer noopener\">Resolu\u00e7\u00e3o n\u00ba 23.615\/2020<\/a>e confirmado pela&nbsp;<a href=\"https:\/\/www.tse.jus.br\/legislacao\/compilada\/res\/2021\/resolucao-no-23-667-de-13-de-dezembro-de-2021\" target=\"_blank\" rel=\"noreferrer noopener\">Resolu\u00e7\u00e3o TSE n\u00ba 23.667\/2021<\/a>. Portanto, quem est\u00e1 com o t\u00edtulo em dia e quer apenas cadastrar a biometria n\u00e3o precisa buscar atendimento por enquanto. Essas pessoas poder\u00e3o votar normalmente nas Elei\u00e7\u00f5es 2022.<\/p>\n\n\n\n<p><strong>Contatos<\/strong><\/p>\n\n\n\n<p>Para solucionar d\u00favidas sobre o requerimento do T\u00edtulo Net e sobre a situa\u00e7\u00e3o eleitoral \u00e9 poss\u00edvel entrar em contato direto com sua Zona Eleitoral. Acesse&nbsp;<a href=\"https:\/\/www.tre-rn.jus.br\/o-tre\/zonas-eleitorais\/enderecos-eletronicos\" target=\"_blank\" rel=\"noreferrer noopener\">AQUI<\/a>&nbsp;os telefones.<\/p>\n","protected":false},"excerpt":{"rendered":"<p>Faltam dois meses para tirar o t\u00edtulo pela primeira vez ou regularizar pend\u00eancias&nbsp;com a&nbsp;Justi\u00e7a Eleitoral e ficar apto para votar nas Elei\u00e7\u00f5es 2022. Termina no dia 4 de maio o prazo para solicitar a emiss\u00e3o da primeira via do t\u00edtulo, inclus\u00e3o do nome social, transfer\u00eancia, atualiza\u00e7\u00e3o ou regulariza\u00e7\u00e3o do t\u00edtulo de eleitor. Nessa data, o<br \/><a class=\"more-link\" href=\"https:\/\/justicapotiguar.com.br\/index.php\/2022\/03\/04\/eleicoes-2022-cidadaos-tem-dois-meses-para-regularizar-o-titulo\/\">Mais&#8230;<\/a><\/p>\n","protected":false},"author":5,"featured_media":0,"comment_status":"open","ping_status":"open","sticky":false,"template":"","format":"standard","meta":[],"categories":[1],"tags":[],"_links":{"self":[{"href":"https:\/\/justicapotiguar.com.br\/index.php\/wp-json\/wp\/v2\/posts\/24804"}],"collection":[{"href":"https:\/\/justicapotiguar.com.br\/index.php\/wp-json\/wp\/v2\/posts"}],"about":[{"href":"https:\/\/justicapotiguar.com.br\/index.php\/wp-json\/wp\/v2\/types\/post"}],"author":[{"embeddable":true,"href":"https:\/\/justicapotiguar.com.br\/index.php\/wp-json\/wp\/v2\/users\/5"}],"replies":[{"embeddable":true,"href":"https:\/\/justicapotiguar.com.br\/index.php\/wp-json\/wp\/v2\/comments?post=24804"}],"version-history":[{"count":1,"href":"https:\/\/justicapotiguar.com.br\/index.php\/wp-json\/wp\/v2\/posts\/24804\/revisions"}],"predecessor-version":[{"id":24805,"href":"https:\/\/justicapotiguar.com.br\/index.php\/wp-json\/wp\/v2\/posts\/24804\/revisions\/24805"}],"wp:attachment":[{"href":"https:\/\/justicapotiguar.com.br\/index.php\/wp-json\/wp\/v2\/media?parent=24804"}],"wp:term":[{"taxonomy":"category","embeddable":true,"href":"https:\/\/justicapotiguar.com.br\/index.php\/wp-json\/wp\/v2\/categories?post=24804"},{"taxonomy":"post_tag","embeddable":true,"href":"https:\/\/justicapotiguar.com.br\/index.php\/wp-json\/wp\/v2\/tags?post=24804"}],"curies":[{"name":"wp","href":"https:\/\/api.w.org\/{rel}","templated":true}]}}