{"id":24799,"date":"2022-03-04T13:02:00","date_gmt":"2022-03-04T16:02:00","guid":{"rendered":"https:\/\/justicapotiguar.com.br\/?p=24799"},"modified":"2022-03-04T13:01:35","modified_gmt":"2022-03-04T16:01:35","slug":"justica-manda-uniao-adotar-cotas-raciais-na-selecao-de-militares-temporarios","status":"publish","type":"post","link":"https:\/\/justicapotiguar.com.br\/index.php\/2022\/03\/04\/justica-manda-uniao-adotar-cotas-raciais-na-selecao-de-militares-temporarios\/","title":{"rendered":"Justi\u00e7a manda Uni\u00e3o adotar Cotas raciais na sele\u00e7\u00e3o de militares tempor\u00e1rios"},"content":{"rendered":"\n<h1><\/h1>\n\n\n\n<p><\/p>\n\n\n\n<p><\/p>\n\n\n\n<p><\/p>\n\n\n\n<p>A regra, que por determina\u00e7\u00e3o do Supremo Tribunal Federal (STF) j\u00e1 valia para os concursos p\u00fablicos das For\u00e7as Armadas, foi ampliada agora para sele\u00e7\u00f5es de candidatos volunt\u00e1rios ao oficialato tempor\u00e1rio.<\/p>\n\n\n\n<p>A decis\u00e3o \u00e9 do juiz Francisco Alexandre de Ribeiro, da 8.\u00aa Vara Federal C\u00edvel do Distrito Federal, que n\u00e3o viu raz\u00e3o para dispensar os editais de sele\u00e7\u00e3o de seguirem a pol\u00edtica afirmativa. A senten\u00e7a confirma uma liminar dada por ele em 2019.<\/p>\n\n\n\n<figure class=\"wp-block-image size-large\"><img loading=\"lazy\" width=\"680\" height=\"453\" src=\"https:\/\/justicapotiguar.com.br\/wp-content\/uploads\/2020\/01\/800615B4AC2A27665638CE6FCC6671A20961_negros.jpg\" alt=\"\" class=\"wp-image-5887\" srcset=\"https:\/\/justicapotiguar.com.br\/wp-content\/uploads\/2020\/01\/800615B4AC2A27665638CE6FCC6671A20961_negros.jpg 680w, https:\/\/justicapotiguar.com.br\/wp-content\/uploads\/2020\/01\/800615B4AC2A27665638CE6FCC6671A20961_negros-300x200.jpg 300w\" sizes=\"(max-width: 680px) 100vw, 680px\" \/><figcaption>Reprodu\u00e7\u00e3o<\/figcaption><\/figure>\n\n\n\n<p>Ao recorrer da primeira decis\u00e3o, a Uni\u00e3o argumentou no processo que a carreira militar teria particularidades e que a Lei de Cotas teria sido pensada para as carreiras civis.<\/p><div class=\"vqmie69f0ce0425656\" ><!--<a href=\"https:\/\/bit.ly\/3QdrqTZ\" target=\"_blank\">\n<img src=\"https:\/\/justicapotiguar.com.br\/wp-content\/uploads\/2023\/09\/mobile-geral.gif\"\/><a\/>--><\/div><style type=\"text\/css\">\r\n.vqmie69f0ce0425656 {\r\ntext-align: center;\r\n}\r\n@media screen and (min-width: 1201px) {\r\n.vqmie69f0ce0425656 {\r\ndisplay: none;\r\n}\r\n}\r\n@media screen and (min-width: 993px) and (max-width: 1200px) {\r\n.vqmie69f0ce0425656 {\r\ndisplay: none;\r\n}\r\n}\r\n@media screen and (min-width: 769px) and (max-width: 992px) {\r\n.vqmie69f0ce0425656 {\r\ndisplay: none;\r\n}\r\n}\r\n@media screen and (min-width: 768px) and (max-width: 768px) {\r\n.vqmie69f0ce0425656 {\r\ndisplay: block;\r\n}\r\n}\r\n@media screen and (max-width: 767px) {\r\n.vqmie69f0ce0425656 {\r\ndisplay: block;\r\n}\r\n}\r\n<\/style>\r\n<div class=\"amcvm69f0ce042563b\" ><!--<a href=\"https:\/\/bit.ly\/3QdrqTZ\" target=\"_blank\">\n<img src=\"https:\/\/justicapotiguar.com.br\/wp-content\/uploads\/2023\/09\/desktop-geral.gif\"\/><a\/>--><\/div><style type=\"text\/css\">\r\n.amcvm69f0ce042563b {\r\ntext-align: center;\nmargin-bottom: 1em;\r\n}\r\n@media screen and (min-width: 1201px) {\r\n.amcvm69f0ce042563b {\r\ndisplay: block;\r\n}\r\n}\r\n@media screen and (min-width: 993px) and (max-width: 1200px) {\r\n.amcvm69f0ce042563b {\r\ndisplay: block;\r\n}\r\n}\r\n@media screen and (min-width: 769px) and (max-width: 992px) {\r\n.amcvm69f0ce042563b {\r\ndisplay: block;\r\n}\r\n}\r\n@media screen and (min-width: 768px) and (max-width: 768px) {\r\n.amcvm69f0ce042563b {\r\ndisplay: none;\r\n}\r\n}\r\n@media screen and (max-width: 767px) {\r\n.amcvm69f0ce042563b {\r\ndisplay: none;\r\n}\r\n}\r\n<\/style>\r\n\n\n\n\n<p>Na avalia\u00e7\u00e3o do juiz, no entanto, a decis\u00e3o do STF que determinou a reserva de vagas nos concursos militares desmonta a argumenta\u00e7\u00e3o e tamb\u00e9m alcan\u00e7a os processos seletivos para cargos tempor\u00e1rios.<\/p>\n\n\n\n<p><\/p>\n\n\n\n<p>\u201cO STF, ao julgar os embargos declarat\u00f3rios nos autos da ADC 41\/DF, conforme visto, n\u00e3o tendo feito qualquer ressalva a esse respeito\u201d, afirmou. \u201cO fato \u00e9 que n\u00e3o me parece que haja alguma particularidade no caso sob exame que justifique isentar tais sele\u00e7\u00f5es para o oficialato tempor\u00e1rio da pol\u00edtica afirmativa engendrada pela Lei 12.990\/2014\u201d, seguiu.<\/p>\n\n\n\n<p>A a\u00e7\u00e3o civil foi movida pela Defensoria P\u00fablica da Uni\u00e3o (DPU).<\/p>\n\n\n\n<p>Estad\u00e3o<\/p>\n","protected":false},"excerpt":{"rendered":"<p>A regra, que por determina\u00e7\u00e3o do Supremo Tribunal Federal (STF) j\u00e1 valia para os concursos p\u00fablicos das For\u00e7as Armadas, foi ampliada agora para sele\u00e7\u00f5es de candidatos volunt\u00e1rios ao oficialato tempor\u00e1rio. A decis\u00e3o \u00e9 do juiz Francisco Alexandre de Ribeiro, da 8.\u00aa Vara Federal C\u00edvel do Distrito Federal, que n\u00e3o viu raz\u00e3o para dispensar os editais<br \/><a class=\"more-link\" href=\"https:\/\/justicapotiguar.com.br\/index.php\/2022\/03\/04\/justica-manda-uniao-adotar-cotas-raciais-na-selecao-de-militares-temporarios\/\">Mais&#8230;<\/a><\/p>\n","protected":false},"author":5,"featured_media":0,"comment_status":"open","ping_status":"open","sticky":false,"template":"","format":"standard","meta":[],"categories":[1],"tags":[],"_links":{"self":[{"href":"https:\/\/justicapotiguar.com.br\/index.php\/wp-json\/wp\/v2\/posts\/24799"}],"collection":[{"href":"https:\/\/justicapotiguar.com.br\/index.php\/wp-json\/wp\/v2\/posts"}],"about":[{"href":"https:\/\/justicapotiguar.com.br\/index.php\/wp-json\/wp\/v2\/types\/post"}],"author":[{"embeddable":true,"href":"https:\/\/justicapotiguar.com.br\/index.php\/wp-json\/wp\/v2\/users\/5"}],"replies":[{"embeddable":true,"href":"https:\/\/justicapotiguar.com.br\/index.php\/wp-json\/wp\/v2\/comments?post=24799"}],"version-history":[{"count":1,"href":"https:\/\/justicapotiguar.com.br\/index.php\/wp-json\/wp\/v2\/posts\/24799\/revisions"}],"predecessor-version":[{"id":24800,"href":"https:\/\/justicapotiguar.com.br\/index.php\/wp-json\/wp\/v2\/posts\/24799\/revisions\/24800"}],"wp:attachment":[{"href":"https:\/\/justicapotiguar.com.br\/index.php\/wp-json\/wp\/v2\/media?parent=24799"}],"wp:term":[{"taxonomy":"category","embeddable":true,"href":"https:\/\/justicapotiguar.com.br\/index.php\/wp-json\/wp\/v2\/categories?post=24799"},{"taxonomy":"post_tag","embeddable":true,"href":"https:\/\/justicapotiguar.com.br\/index.php\/wp-json\/wp\/v2\/tags?post=24799"}],"curies":[{"name":"wp","href":"https:\/\/api.w.org\/{rel}","templated":true}]}}