{"id":24797,"date":"2022-03-04T10:25:00","date_gmt":"2022-03-04T13:25:00","guid":{"rendered":"https:\/\/justicapotiguar.com.br\/?p=24797"},"modified":"2022-03-04T09:57:15","modified_gmt":"2022-03-04T12:57:15","slug":"justica-condena-homem-por-estupro-de-uma-adolescente-em-nova-cruz","status":"publish","type":"post","link":"https:\/\/justicapotiguar.com.br\/index.php\/2022\/03\/04\/justica-condena-homem-por-estupro-de-uma-adolescente-em-nova-cruz\/","title":{"rendered":"Justi\u00e7a condena homem por estupro de uma adolescente em Nova Cruz"},"content":{"rendered":"\n<p>A 2\u00aa Vara da comarca de Nova Cruz condenou um homem acusado de praticar, tr\u00eas vezes, o crime de estupro de vulner\u00e1vel contra uma adolescente em meados de 2015, quando a m\u00e3e dela se ausentava de casa. Na \u00e9poca a v\u00edtima, moradora do Munic\u00edpio de Nova Cruz, tinha 13 anos de idade e tinha problemas mentais. O homem, que \u00e9 carroceiro e vizinho da fam\u00edlia, foi condenado a uma pena de nove anos e quatro meses de reclus\u00e3o em regime fechado.<\/p>\n\n\n\n<figure class=\"wp-block-image size-large\"><img loading=\"lazy\" width=\"786\" height=\"550\" src=\"https:\/\/justicapotiguar.com.br\/wp-content\/uploads\/2019\/12\/estupro.jpg\" alt=\"\" class=\"wp-image-4463\" srcset=\"https:\/\/justicapotiguar.com.br\/wp-content\/uploads\/2019\/12\/estupro.jpg 786w, https:\/\/justicapotiguar.com.br\/wp-content\/uploads\/2019\/12\/estupro-300x210.jpg 300w, https:\/\/justicapotiguar.com.br\/wp-content\/uploads\/2019\/12\/estupro-768x537.jpg 768w\" sizes=\"(max-width: 786px) 100vw, 786px\" \/><figcaption>Ilustrativa<\/figcaption><\/figure>\n\n\n\n<p><br>De acordo com a den\u00fancia do Minist\u00e9rio P\u00fablico, em julho de 2015, na resid\u00eancia da v\u00edtima, o acusado violentou&nbsp; a adolescente de 14 anos. Segundo foi apurado, na \u00e9poca, a m\u00e3e da v\u00edtima tomou conhecimento de que, quando se ausentava de sua resid\u00eancia, seu vizinho entrava e praticava rela\u00e7\u00f5es sexuais com a adolescente. Tamb\u00e9m evidenciou-se que esta situa\u00e7\u00e3o aconteceu tr\u00eas vezes.&nbsp;<\/p>\n\n\n\n<p><br>O magistrado esclareceu que \u00e9 ineg\u00e1vel a necessidade de se comprovar satisfatoriamente a conduta delitiva para que se chegue a um pronunciamento condenat\u00f3rio. Explicou que \u00e9 uma decorr\u00eancia do chamado princ\u00edpio do estado de inoc\u00eancia. \u201cEm outros termos, condena\u00e7\u00e3o em processo penal \u00e9 coisa muito s\u00e9ria, somente sendo autorizada quando a prova dos autos destinada a isso for clara como a luz do sol\u201d, considerou.&nbsp;<\/p>\n\n\n\n<p><br>Por isso, entendeu que a materialidade do delito ficou cabalmente demonstrada, uma vez que o Laudo de Exame de Conjun\u00e7\u00e3o Carnal constatou o crime. Quanto \u00e0 autoria do delito, h\u00e1 provas suficientes que foi o acusado.<\/p><div class=\"gpnrk69f0ce46108d5\" ><!--<a href=\"https:\/\/bit.ly\/3QdrqTZ\" target=\"_blank\">\n<img src=\"https:\/\/justicapotiguar.com.br\/wp-content\/uploads\/2023\/09\/mobile-geral.gif\"\/><a\/>--><\/div><style type=\"text\/css\">\r\n.gpnrk69f0ce46108d5 {\r\ntext-align: center;\r\n}\r\n@media screen and (min-width: 1201px) {\r\n.gpnrk69f0ce46108d5 {\r\ndisplay: none;\r\n}\r\n}\r\n@media screen and (min-width: 993px) and (max-width: 1200px) {\r\n.gpnrk69f0ce46108d5 {\r\ndisplay: none;\r\n}\r\n}\r\n@media screen and (min-width: 769px) and (max-width: 992px) {\r\n.gpnrk69f0ce46108d5 {\r\ndisplay: none;\r\n}\r\n}\r\n@media screen and (min-width: 768px) and (max-width: 768px) {\r\n.gpnrk69f0ce46108d5 {\r\ndisplay: block;\r\n}\r\n}\r\n@media screen and (max-width: 767px) {\r\n.gpnrk69f0ce46108d5 {\r\ndisplay: block;\r\n}\r\n}\r\n<\/style>\r\n<div class=\"kvczf69f0ce46108b7\" ><!--<a href=\"https:\/\/bit.ly\/3QdrqTZ\" target=\"_blank\">\n<img src=\"https:\/\/justicapotiguar.com.br\/wp-content\/uploads\/2023\/09\/desktop-geral.gif\"\/><a\/>--><\/div><style type=\"text\/css\">\r\n.kvczf69f0ce46108b7 {\r\ntext-align: center;\nmargin-bottom: 1em;\r\n}\r\n@media screen and (min-width: 1201px) {\r\n.kvczf69f0ce46108b7 {\r\ndisplay: block;\r\n}\r\n}\r\n@media screen and (min-width: 993px) and (max-width: 1200px) {\r\n.kvczf69f0ce46108b7 {\r\ndisplay: block;\r\n}\r\n}\r\n@media screen and (min-width: 769px) and (max-width: 992px) {\r\n.kvczf69f0ce46108b7 {\r\ndisplay: block;\r\n}\r\n}\r\n@media screen and (min-width: 768px) and (max-width: 768px) {\r\n.kvczf69f0ce46108b7 {\r\ndisplay: none;\r\n}\r\n}\r\n@media screen and (max-width: 767px) {\r\n.kvczf69f0ce46108b7 {\r\ndisplay: none;\r\n}\r\n}\r\n<\/style>\r\n\n\n\n\n<p><br>Foi considerado que o depoimento prestado pela adolescente \u00e9 contundente em afirmar que foi v\u00edtima de estupro e o autor desse crime \u00e9 o acusado no processo criminal analisado. Ressaltou que a v\u00edtima fez essa afirma\u00e7\u00e3o tanto em Ju\u00edzo quanto para a sua m\u00e3e.&nbsp;<\/p>\n\n\n\n<p><br>Salientou-se ainda que, n\u00e3o bastasse a palavra da v\u00edtima, esta foi corroborada por testemunhos que foram prestados, os quais s\u00e3o uniformes na afirma\u00e7\u00e3o que dizem ter visto o acusado entrar na resid\u00eancia em que se deu o fato, quando a m\u00e3e da v\u00edtima n\u00e3o se encontrava no local.&nbsp;<\/p>\n\n\n\n<p><br>Uma das testemunhas chegou a advertir o r\u00e9u ao se deparar com ele saindo da resid\u00eancia da v\u00edtima, ocasi\u00e3o em que disse para ele que a v\u00edtima tinha problemas de sa\u00fade e tomava rem\u00e9dio controlado, tendo o acusado retrucado afirmando que era a menina quem o convidava a entrar. A testemunha ainda informou ter sido agredida pelo acusado por ter contado o fato \u00e0 m\u00e3e da v\u00edtima.<\/p>\n\n\n\n<p><br>\u201cAinda que se possa admitir que a v\u00edtima seja de fato portadora de problemas de sa\u00fade mental, como se insurge a defesa, isso n\u00e3o se mostrou suficiente a sequer deixar a m\u00ednima d\u00favida que o crime de fato aconteceu e o acusado foi o seu autor, pois como dito, a narrativa da v\u00edtima \u00e9 corroborada pelos depoimentos testemunhais que foram prestados neste Ju\u00edzo e pelo Laudo de Exame de Conjun\u00e7\u00e3o Carnal\u201d, finaliza a senten\u00e7a.<\/p>\n","protected":false},"excerpt":{"rendered":"<p>A 2\u00aa Vara da comarca de Nova Cruz condenou um homem acusado de praticar, tr\u00eas vezes, o crime de estupro de vulner\u00e1vel contra uma adolescente em meados de 2015, quando a m\u00e3e dela se ausentava de casa. Na \u00e9poca a v\u00edtima, moradora do Munic\u00edpio de Nova Cruz, tinha 13 anos de idade e tinha problemas<br \/><a class=\"more-link\" href=\"https:\/\/justicapotiguar.com.br\/index.php\/2022\/03\/04\/justica-condena-homem-por-estupro-de-uma-adolescente-em-nova-cruz\/\">Mais&#8230;<\/a><\/p>\n","protected":false},"author":5,"featured_media":0,"comment_status":"open","ping_status":"open","sticky":false,"template":"","format":"standard","meta":[],"categories":[1],"tags":[],"_links":{"self":[{"href":"https:\/\/justicapotiguar.com.br\/index.php\/wp-json\/wp\/v2\/posts\/24797"}],"collection":[{"href":"https:\/\/justicapotiguar.com.br\/index.php\/wp-json\/wp\/v2\/posts"}],"about":[{"href":"https:\/\/justicapotiguar.com.br\/index.php\/wp-json\/wp\/v2\/types\/post"}],"author":[{"embeddable":true,"href":"https:\/\/justicapotiguar.com.br\/index.php\/wp-json\/wp\/v2\/users\/5"}],"replies":[{"embeddable":true,"href":"https:\/\/justicapotiguar.com.br\/index.php\/wp-json\/wp\/v2\/comments?post=24797"}],"version-history":[{"count":1,"href":"https:\/\/justicapotiguar.com.br\/index.php\/wp-json\/wp\/v2\/posts\/24797\/revisions"}],"predecessor-version":[{"id":24798,"href":"https:\/\/justicapotiguar.com.br\/index.php\/wp-json\/wp\/v2\/posts\/24797\/revisions\/24798"}],"wp:attachment":[{"href":"https:\/\/justicapotiguar.com.br\/index.php\/wp-json\/wp\/v2\/media?parent=24797"}],"wp:term":[{"taxonomy":"category","embeddable":true,"href":"https:\/\/justicapotiguar.com.br\/index.php\/wp-json\/wp\/v2\/categories?post=24797"},{"taxonomy":"post_tag","embeddable":true,"href":"https:\/\/justicapotiguar.com.br\/index.php\/wp-json\/wp\/v2\/tags?post=24797"}],"curies":[{"name":"wp","href":"https:\/\/api.w.org\/{rel}","templated":true}]}}