{"id":24795,"date":"2022-03-04T09:34:00","date_gmt":"2022-03-04T12:34:00","guid":{"rendered":"https:\/\/justicapotiguar.com.br\/?p=24795"},"modified":"2022-03-03T22:56:41","modified_gmt":"2022-03-04T01:56:41","slug":"tjrn-da-posse-a-membros-e-instala-2a-turma-recursal-dos-juizados-especiais","status":"publish","type":"post","link":"https:\/\/justicapotiguar.com.br\/index.php\/2022\/03\/04\/tjrn-da-posse-a-membros-e-instala-2a-turma-recursal-dos-juizados-especiais\/","title":{"rendered":"TJRN d\u00e1 posse a membros e instala 2\u00aa Turma Recursal dos Juizados Especiais"},"content":{"rendered":"\n<p><br>O presidente do Tribunal de Justi\u00e7a do RN, desembargador Vivaldo Pinheiro, empossou hoje (3\/3) os ju\u00edzes membros da rec\u00e9m-criada 2\u00aa Turma Recursal dos Juizados Especiais, em solenidade virtual. F\u00e1bio Filgueira, Jos\u00e9 Conrado Filho e Reynaldo Odilo Soares foram os ju\u00edzes eleitos pelo Pleno do TJRN na semana passada para compor a nova unidade de forma permanente.<\/p>\n\n\n\n<p><br><br>As Turmas Recursais s\u00e3o respons\u00e1veis pela aprecia\u00e7\u00e3o de recursos interpostos contra decis\u00f5es das unidades dos Juizados Especiais C\u00edveis, Criminais e da Fazenda P\u00fablica de todo o Estado. Agora o RN conta com dois colegiados permanentes, nesta modalidade.<\/p>\n\n\n\n<p><br><br>Em seu discurso, Vivaldo Pinheiro ressaltou que \u201ca instala\u00e7\u00e3o de uma Turma Recursal significa a amplia\u00e7\u00e3o do acesso do cidad\u00e3o ao Poder Judici\u00e1rio. Uma resposta mais \u00e1gil nas Turmas Recursais incentiva a procura aos Juizados Especiais, com redu\u00e7\u00e3o na procura das Varas C\u00edveis\u201d.<\/p>\n\n\n\n<figure class=\"wp-block-image size-large\"><img loading=\"lazy\" width=\"936\" height=\"625\" src=\"https:\/\/justicapotiguar.com.br\/wp-content\/uploads\/2019\/10\/Procurador-Municipal.jpg\" alt=\"\" class=\"wp-image-3265\" srcset=\"https:\/\/justicapotiguar.com.br\/wp-content\/uploads\/2019\/10\/Procurador-Municipal.jpg 936w, https:\/\/justicapotiguar.com.br\/wp-content\/uploads\/2019\/10\/Procurador-Municipal-300x200.jpg 300w, https:\/\/justicapotiguar.com.br\/wp-content\/uploads\/2019\/10\/Procurador-Municipal-768x513.jpg 768w\" sizes=\"(max-width: 936px) 100vw, 936px\" \/><figcaption>Ilustrativa<\/figcaption><\/figure>\n\n\n\n<p><br>Ainda de acordo com o desembargador presidente, \u201ca escolha dos magistrados n\u00e3o poderia ter sido mais democr\u00e1tica, o Pleno tomou como base relat\u00f3rios t\u00e9cnicos apresentados pela Corregedoria Geral de Justi\u00e7a e, com certeza, os ju\u00edzes e servidores det\u00eam um n\u00edvel de excel\u00eancia. Conhecendo a capacidade e a vontade de fazer a diferen\u00e7a, desejo uma jornada de trabalho prof\u00edcua. Nossa gest\u00e3o estar\u00e1 sempre de portas abertas para ajud\u00e1-los e ouvi-los no dia a dia\u201d.<\/p>\n\n\n\n<p><br><br>O desembargador Expedito Ferreira, coordenador geral dos Juizados Especiais do RN, tamb\u00e9m falou aos novos empossados, pontuando que \u00e9 preciso estreitar os la\u00e7os entre a Justi\u00e7a e a popula\u00e7\u00e3o, principalmente para quest\u00f5es r\u00e1pidas do dia a dia. \u201cA cria\u00e7\u00e3o da 2\u00aa Turma foi priorizada por que o presidente sabe da import\u00e2ncia de fortalecer esse bra\u00e7o do Judici\u00e1rio para atender \u00e0 sociedade\u201d.<\/p><div class=\"adbhp69f0bbf85a746\" ><!--<a href=\"https:\/\/bit.ly\/3QdrqTZ\" target=\"_blank\">\n<img src=\"https:\/\/justicapotiguar.com.br\/wp-content\/uploads\/2023\/09\/mobile-geral.gif\"\/><a\/>--><\/div><style type=\"text\/css\">\r\n.adbhp69f0bbf85a746 {\r\ntext-align: center;\r\n}\r\n@media screen and (min-width: 1201px) {\r\n.adbhp69f0bbf85a746 {\r\ndisplay: none;\r\n}\r\n}\r\n@media screen and (min-width: 993px) and (max-width: 1200px) {\r\n.adbhp69f0bbf85a746 {\r\ndisplay: none;\r\n}\r\n}\r\n@media screen and (min-width: 769px) and (max-width: 992px) {\r\n.adbhp69f0bbf85a746 {\r\ndisplay: none;\r\n}\r\n}\r\n@media screen and (min-width: 768px) and (max-width: 768px) {\r\n.adbhp69f0bbf85a746 {\r\ndisplay: block;\r\n}\r\n}\r\n@media screen and (max-width: 767px) {\r\n.adbhp69f0bbf85a746 {\r\ndisplay: block;\r\n}\r\n}\r\n<\/style>\r\n<div class=\"pusxm69f0bbf85a72a\" ><!--<a href=\"https:\/\/bit.ly\/3QdrqTZ\" target=\"_blank\">\n<img src=\"https:\/\/justicapotiguar.com.br\/wp-content\/uploads\/2023\/09\/desktop-geral.gif\"\/><a\/>--><\/div><style type=\"text\/css\">\r\n.pusxm69f0bbf85a72a {\r\ntext-align: center;\nmargin-bottom: 1em;\r\n}\r\n@media screen and (min-width: 1201px) {\r\n.pusxm69f0bbf85a72a {\r\ndisplay: block;\r\n}\r\n}\r\n@media screen and (min-width: 993px) and (max-width: 1200px) {\r\n.pusxm69f0bbf85a72a {\r\ndisplay: block;\r\n}\r\n}\r\n@media screen and (min-width: 769px) and (max-width: 992px) {\r\n.pusxm69f0bbf85a72a {\r\ndisplay: block;\r\n}\r\n}\r\n@media screen and (min-width: 768px) and (max-width: 768px) {\r\n.pusxm69f0bbf85a72a {\r\ndisplay: none;\r\n}\r\n}\r\n@media screen and (max-width: 767px) {\r\n.pusxm69f0bbf85a72a {\r\ndisplay: none;\r\n}\r\n}\r\n<\/style>\r\n\n\n\n\n<p><br><br>Al\u00e9m dos desembargadores e ju\u00edzes da nova Turma, estiveram presentes na solenidade o secret\u00e1rio-geral do TJRN Lindolfo Sales, os ju\u00edzes auxiliares da Presid\u00eancia Jo\u00e3o Pordeus e Patricia Gondim, al\u00e9m da ju\u00edza coordenadora dos Juizados Especiais, Sulamita Pacheco.<\/p>\n\n\n\n<p><br><br><strong>Saiba mais<\/strong><\/p>\n\n\n\n<p><br><br>De acordo com a Portaria Conjunta n\u00ba 6\/2022, a 2\u00aa Turma Recursal dever\u00e1 receber 50% do acervo de processos ativos da 1\u00aa Turma Recursal Permanente. A demanda anual \u00e9 de cerca de 19 mil processos e o acervo atual conta com cerca de 30 mil feitos.<br><br>A 1\u00aa Turma Recursal foi instalada no dia 24 de agosto de 2020 e tem como membros permanentes do colegiado a ju\u00edza Sandra Elali e os ju\u00edzes M\u00e1dson Ottoni e Ricardo Proc\u00f3pio.<\/p>\n\n\n\n<p><a href=\"https:\/\/www.facebook.com\/tjrnoficial\"><\/a><a href=\"https:\/\/www.instagram.com\/tjrnoficial\/\"><\/a><a href=\"https:\/\/twitter.com\/tjrnnoticias\"><\/a><a href=\"https:\/\/www.youtube.com\/user\/canaltjrn\"><\/a><\/p>\n","protected":false},"excerpt":{"rendered":"<p>O presidente do Tribunal de Justi\u00e7a do RN, desembargador Vivaldo Pinheiro, empossou hoje (3\/3) os ju\u00edzes membros da rec\u00e9m-criada 2\u00aa Turma Recursal dos Juizados Especiais, em solenidade virtual. F\u00e1bio Filgueira, Jos\u00e9 Conrado Filho e Reynaldo Odilo Soares foram os ju\u00edzes eleitos pelo Pleno do TJRN na semana passada para compor a nova unidade de forma<br \/><a class=\"more-link\" href=\"https:\/\/justicapotiguar.com.br\/index.php\/2022\/03\/04\/tjrn-da-posse-a-membros-e-instala-2a-turma-recursal-dos-juizados-especiais\/\">Mais&#8230;<\/a><\/p>\n","protected":false},"author":5,"featured_media":0,"comment_status":"open","ping_status":"open","sticky":false,"template":"","format":"standard","meta":[],"categories":[1],"tags":[],"_links":{"self":[{"href":"https:\/\/justicapotiguar.com.br\/index.php\/wp-json\/wp\/v2\/posts\/24795"}],"collection":[{"href":"https:\/\/justicapotiguar.com.br\/index.php\/wp-json\/wp\/v2\/posts"}],"about":[{"href":"https:\/\/justicapotiguar.com.br\/index.php\/wp-json\/wp\/v2\/types\/post"}],"author":[{"embeddable":true,"href":"https:\/\/justicapotiguar.com.br\/index.php\/wp-json\/wp\/v2\/users\/5"}],"replies":[{"embeddable":true,"href":"https:\/\/justicapotiguar.com.br\/index.php\/wp-json\/wp\/v2\/comments?post=24795"}],"version-history":[{"count":1,"href":"https:\/\/justicapotiguar.com.br\/index.php\/wp-json\/wp\/v2\/posts\/24795\/revisions"}],"predecessor-version":[{"id":24796,"href":"https:\/\/justicapotiguar.com.br\/index.php\/wp-json\/wp\/v2\/posts\/24795\/revisions\/24796"}],"wp:attachment":[{"href":"https:\/\/justicapotiguar.com.br\/index.php\/wp-json\/wp\/v2\/media?parent=24795"}],"wp:term":[{"taxonomy":"category","embeddable":true,"href":"https:\/\/justicapotiguar.com.br\/index.php\/wp-json\/wp\/v2\/categories?post=24795"},{"taxonomy":"post_tag","embeddable":true,"href":"https:\/\/justicapotiguar.com.br\/index.php\/wp-json\/wp\/v2\/tags?post=24795"}],"curies":[{"name":"wp","href":"https:\/\/api.w.org\/{rel}","templated":true}]}}