{"id":24729,"date":"2022-02-26T10:02:00","date_gmt":"2022-02-26T13:02:00","guid":{"rendered":"https:\/\/justicapotiguar.com.br\/?p=24729"},"modified":"2022-02-25T22:06:43","modified_gmt":"2022-02-26T01:06:43","slug":"moraes-ameaca-bloquear-aplicativo-telegram-por-nao-suspender-perfis","status":"publish","type":"post","link":"https:\/\/justicapotiguar.com.br\/index.php\/2022\/02\/26\/moraes-ameaca-bloquear-aplicativo-telegram-por-nao-suspender-perfis\/","title":{"rendered":"Moraes amea\u00e7a bloquear aplicativo Telegram por n\u00e3o suspender perfis"},"content":{"rendered":"\n<p>Em decis\u00e3o desta sexta-feira (25\/2), o ministro Alexandre de Moraes, do Supremo Tribunal Federal, amea\u00e7ou bloquear o aplicativo&nbsp;<em>Telegram<\/em>&nbsp;por 48 horas, al\u00e9m de aplicar-lhe uma multa no caso de n\u00e3o haver suspens\u00e3o de alguns perfis de usu\u00e1rios. A informa\u00e7\u00e3o \u00e9 da&nbsp;<em>Folha de S. Paulo.<\/em><\/p>\n\n\n\n<p>Ainda segundo o jornal, o ministro emitiu um despacho pedindo o bloqueio destes perfis em at\u00e9 24 horas. Alexandre \u00e9 o relator do inqu\u00e9rito que apura a atua\u00e7\u00e3o de mil\u00edcias digitais que agem em constantes ataques ao processo democr\u00e1tico e tamb\u00e9m para desacreditar o processo eleitoral.<\/p>\n\n\n\n<figure class=\"wp-block-image\"><img src=\"https:\/\/www.conjur.com.br\/img\/b\/telegram.jpeg\" alt=\"\"\/><figcaption>Aplicativo russo na mira do STF<sup>Reprodu\u00e7\u00e3o<\/sup><\/figcaption><\/figure>\n\n\n\n<p>&#8220;A efetiva\u00e7\u00e3o da determina\u00e7\u00e3o judicial de bloqueio [dos perfis] dever\u00e1 ocorrer no prazo m\u00e1ximo de 24 horas, sob pena de suspens\u00e3o dos servi\u00e7os do Telegram no Brasil, pelo prazo inicial de 48 horas&#8221;, diz o ministro na decis\u00e3o, de acordo com a&nbsp;<em>Folha<\/em>.<\/p>\n\n\n\n<p>Al\u00e9m disso, ele fixou multa di\u00e1ria de R$ 100 mil por perfil indicado e n\u00e3o bloqueado no prazo fixado. O ministro pede o encaminhamento urgente da decis\u00e3o \u00e0 Pol\u00edcia Federal.<\/p><div class=\"knlvb69f0a2638a923\" ><!--<a href=\"https:\/\/bit.ly\/3QdrqTZ\" target=\"_blank\">\n<img src=\"https:\/\/justicapotiguar.com.br\/wp-content\/uploads\/2023\/09\/mobile-geral.gif\"\/><a\/>--><\/div><style type=\"text\/css\">\r\n.knlvb69f0a2638a923 {\r\ntext-align: center;\r\n}\r\n@media screen and (min-width: 1201px) {\r\n.knlvb69f0a2638a923 {\r\ndisplay: none;\r\n}\r\n}\r\n@media screen and (min-width: 993px) and (max-width: 1200px) {\r\n.knlvb69f0a2638a923 {\r\ndisplay: none;\r\n}\r\n}\r\n@media screen and (min-width: 769px) and (max-width: 992px) {\r\n.knlvb69f0a2638a923 {\r\ndisplay: none;\r\n}\r\n}\r\n@media screen and (min-width: 768px) and (max-width: 768px) {\r\n.knlvb69f0a2638a923 {\r\ndisplay: block;\r\n}\r\n}\r\n@media screen and (max-width: 767px) {\r\n.knlvb69f0a2638a923 {\r\ndisplay: block;\r\n}\r\n}\r\n<\/style>\r\n<div class=\"tywbr69f0a2638a905\" ><!--<a href=\"https:\/\/bit.ly\/3QdrqTZ\" target=\"_blank\">\n<img src=\"https:\/\/justicapotiguar.com.br\/wp-content\/uploads\/2023\/09\/desktop-geral.gif\"\/><a\/>--><\/div><style type=\"text\/css\">\r\n.tywbr69f0a2638a905 {\r\ntext-align: center;\nmargin-bottom: 1em;\r\n}\r\n@media screen and (min-width: 1201px) {\r\n.tywbr69f0a2638a905 {\r\ndisplay: block;\r\n}\r\n}\r\n@media screen and (min-width: 993px) and (max-width: 1200px) {\r\n.tywbr69f0a2638a905 {\r\ndisplay: block;\r\n}\r\n}\r\n@media screen and (min-width: 769px) and (max-width: 992px) {\r\n.tywbr69f0a2638a905 {\r\ndisplay: block;\r\n}\r\n}\r\n@media screen and (min-width: 768px) and (max-width: 768px) {\r\n.tywbr69f0a2638a905 {\r\ndisplay: none;\r\n}\r\n}\r\n@media screen and (max-width: 767px) {\r\n.tywbr69f0a2638a905 {\r\ndisplay: none;\r\n}\r\n}\r\n<\/style>\r\n\n\n\n\n<p>O aplicativo Telegram, de origem russa, n\u00e3o tem sede no Brasil e \u00e9 utilizado por apoiadores do presidente Jair Bolsonaro. Sem controle local, at\u00e9 o momento, o aplicativo de mensagens poder\u00e1 ser utilizado em larga escala no processo eleitoral para continuar a difundir informa\u00e7\u00f5es falsas.<\/p>\n\n\n\n<p>Na \u00faltima quarta-feira (23\/2), depois de assumir a presid\u00eancia do Tribunal Superior Eleitoral (TSE), o ministro Edson Fachin disse que&nbsp;uma resposta do Congresso a respeito do assunto &nbsp;sobre a necessidade de o Telegram ter representa\u00e7\u00e3o no Brasil &#8220;seria extremamente oportuna&#8221;, mas que se o projeto de lei n\u00e3o seguisse adiante, o Estado poderia, democraticamente, impor limites.<\/p>\n\n\n\n<p>&#8220;N\u00e3o havendo pronunciamento legislativo, \u00e9 poss\u00edvel que o Poder Judici\u00e1rio seja provocado a se manifestar. N\u00f3s estamos examinando, at\u00e9 por cautela e precau\u00e7\u00e3o, as experi\u00eancias existentes em outros pa\u00edses&#8221;, afirmou o novo presidente do TSE.<\/p>\n\n\n\n<p>Conjur<\/p>\n","protected":false},"excerpt":{"rendered":"<p>Em decis\u00e3o desta sexta-feira (25\/2), o ministro Alexandre de Moraes, do Supremo Tribunal Federal, amea\u00e7ou bloquear o aplicativo&nbsp;Telegram&nbsp;por 48 horas, al\u00e9m de aplicar-lhe uma multa no caso de n\u00e3o haver suspens\u00e3o de alguns perfis de usu\u00e1rios. A informa\u00e7\u00e3o \u00e9 da&nbsp;Folha de S. Paulo. Ainda segundo o jornal, o ministro emitiu um despacho pedindo o bloqueio<br \/><a class=\"more-link\" href=\"https:\/\/justicapotiguar.com.br\/index.php\/2022\/02\/26\/moraes-ameaca-bloquear-aplicativo-telegram-por-nao-suspender-perfis\/\">Mais&#8230;<\/a><\/p>\n","protected":false},"author":5,"featured_media":0,"comment_status":"open","ping_status":"open","sticky":false,"template":"","format":"standard","meta":[],"categories":[1],"tags":[],"_links":{"self":[{"href":"https:\/\/justicapotiguar.com.br\/index.php\/wp-json\/wp\/v2\/posts\/24729"}],"collection":[{"href":"https:\/\/justicapotiguar.com.br\/index.php\/wp-json\/wp\/v2\/posts"}],"about":[{"href":"https:\/\/justicapotiguar.com.br\/index.php\/wp-json\/wp\/v2\/types\/post"}],"author":[{"embeddable":true,"href":"https:\/\/justicapotiguar.com.br\/index.php\/wp-json\/wp\/v2\/users\/5"}],"replies":[{"embeddable":true,"href":"https:\/\/justicapotiguar.com.br\/index.php\/wp-json\/wp\/v2\/comments?post=24729"}],"version-history":[{"count":1,"href":"https:\/\/justicapotiguar.com.br\/index.php\/wp-json\/wp\/v2\/posts\/24729\/revisions"}],"predecessor-version":[{"id":24730,"href":"https:\/\/justicapotiguar.com.br\/index.php\/wp-json\/wp\/v2\/posts\/24729\/revisions\/24730"}],"wp:attachment":[{"href":"https:\/\/justicapotiguar.com.br\/index.php\/wp-json\/wp\/v2\/media?parent=24729"}],"wp:term":[{"taxonomy":"category","embeddable":true,"href":"https:\/\/justicapotiguar.com.br\/index.php\/wp-json\/wp\/v2\/categories?post=24729"},{"taxonomy":"post_tag","embeddable":true,"href":"https:\/\/justicapotiguar.com.br\/index.php\/wp-json\/wp\/v2\/tags?post=24729"}],"curies":[{"name":"wp","href":"https:\/\/api.w.org\/{rel}","templated":true}]}}