{"id":24725,"date":"2022-02-25T21:51:01","date_gmt":"2022-02-26T00:51:01","guid":{"rendered":"https:\/\/justicapotiguar.com.br\/?p=24725"},"modified":"2022-02-25T21:51:01","modified_gmt":"2022-02-26T00:51:01","slug":"para-mp-reajuste-dos-professores-nao-e-tema-eleitoral-e-consulta-de-fatima-ao-tre-rn-nao-tem-sentido","status":"publish","type":"post","link":"https:\/\/justicapotiguar.com.br\/index.php\/2022\/02\/25\/para-mp-reajuste-dos-professores-nao-e-tema-eleitoral-e-consulta-de-fatima-ao-tre-rn-nao-tem-sentido\/","title":{"rendered":"Para MP, reajuste dos professores n\u00e3o \u00e9 tema eleitoral e consulta de F\u00e1tima ao TRE-RN n\u00e3o tem sentido"},"content":{"rendered":"\n<figure class=\"wp-block-image size-large\"><img loading=\"lazy\" width=\"800\" height=\"493\" src=\"https:\/\/justicapotiguar.com.br\/wp-content\/uploads\/2022\/02\/image_processing20200201-29235-1o52q9w.jpg\" alt=\"\" class=\"wp-image-24727\" srcset=\"https:\/\/justicapotiguar.com.br\/wp-content\/uploads\/2022\/02\/image_processing20200201-29235-1o52q9w.jpg 800w, https:\/\/justicapotiguar.com.br\/wp-content\/uploads\/2022\/02\/image_processing20200201-29235-1o52q9w-300x185.jpg 300w, https:\/\/justicapotiguar.com.br\/wp-content\/uploads\/2022\/02\/image_processing20200201-29235-1o52q9w-768x473.jpg 768w\" sizes=\"(max-width: 800px) 100vw, 800px\" \/><figcaption>Foto: Pedro Stropasolas<\/figcaption><\/figure>\n\n\n\n<p>O procurador regional Eleitoral, Rodrigo Telles , emitir parecer pelo n\u00e3o conhecimento de consulta feita pela governadora F\u00e1tima Bezerra ao Tribunal Regional Eleitoral para saber se poderia dar o aumento de 33% aos professores sem infringir a lei eleitoral, por ser candidato \u00e0 reelei\u00e7\u00e3o. Com negocia\u00e7\u00e3o que se arrasta h\u00e1 v\u00e1rios dias e a greve deflagrada pelos professores. F\u00e1tima tentava saber do TRE se haveria veda\u00e7\u00e3o ao pleito da categoria.<\/p>\n\n\n\n<p>O procurador ressaltou no parecer ao opinar pelo n\u00e3o conhecimento da consulta que o assunto n\u00e3o se trata de &#8220;caracteriza\u00e7\u00e3o da conduta vedada prevista no art. 73, VIII, da Lei n\u00ba 9.504\/97, na hip\u00f3tese de o gestor p\u00fablico estadual ou municipal apenas e t\u00e3o-somente, ainda que em ano eleitoral, atualizar os respectivos valores nos termos fixados pela Uni\u00e3o, ainda que o \u00edndice aplicado exceda a infla\u00e7\u00e3o&#8221;.<\/p>\n\n\n\n<p>Por fim diz o parecer,  &#8220;n\u00e3o-conhecimento da consulta, em raz\u00e3o da formula\u00e7\u00e3o de questionamentos concretos, ou, subsidiariamente, o n\u00e3o<br>conhecimento do primeiro questionamento, uma vez que ele n\u00e3o veicula material eleitoral propriamente dita&#8221;.<\/p><div class=\"wlwgc69f0a62a1e610\" ><!--<a href=\"https:\/\/bit.ly\/3QdrqTZ\" target=\"_blank\">\n<img src=\"https:\/\/justicapotiguar.com.br\/wp-content\/uploads\/2023\/09\/mobile-geral.gif\"\/><a\/>--><\/div><style type=\"text\/css\">\r\n.wlwgc69f0a62a1e610 {\r\ntext-align: center;\r\n}\r\n@media screen and (min-width: 1201px) {\r\n.wlwgc69f0a62a1e610 {\r\ndisplay: none;\r\n}\r\n}\r\n@media screen and (min-width: 993px) and (max-width: 1200px) {\r\n.wlwgc69f0a62a1e610 {\r\ndisplay: none;\r\n}\r\n}\r\n@media screen and (min-width: 769px) and (max-width: 992px) {\r\n.wlwgc69f0a62a1e610 {\r\ndisplay: none;\r\n}\r\n}\r\n@media screen and (min-width: 768px) and (max-width: 768px) {\r\n.wlwgc69f0a62a1e610 {\r\ndisplay: block;\r\n}\r\n}\r\n@media screen and (max-width: 767px) {\r\n.wlwgc69f0a62a1e610 {\r\ndisplay: block;\r\n}\r\n}\r\n<\/style>\r\n<div class=\"pfzrr69f0a62a1e5fb\" ><!--<a href=\"https:\/\/bit.ly\/3QdrqTZ\" target=\"_blank\">\n<img src=\"https:\/\/justicapotiguar.com.br\/wp-content\/uploads\/2023\/09\/desktop-geral.gif\"\/><a\/>--><\/div><style type=\"text\/css\">\r\n.pfzrr69f0a62a1e5fb {\r\ntext-align: center;\nmargin-bottom: 1em;\r\n}\r\n@media screen and (min-width: 1201px) {\r\n.pfzrr69f0a62a1e5fb {\r\ndisplay: block;\r\n}\r\n}\r\n@media screen and (min-width: 993px) and (max-width: 1200px) {\r\n.pfzrr69f0a62a1e5fb {\r\ndisplay: block;\r\n}\r\n}\r\n@media screen and (min-width: 769px) and (max-width: 992px) {\r\n.pfzrr69f0a62a1e5fb {\r\ndisplay: block;\r\n}\r\n}\r\n@media screen and (min-width: 768px) and (max-width: 768px) {\r\n.pfzrr69f0a62a1e5fb {\r\ndisplay: none;\r\n}\r\n}\r\n@media screen and (max-width: 767px) {\r\n.pfzrr69f0a62a1e5fb {\r\ndisplay: none;\r\n}\r\n}\r\n<\/style>\r\n\n\n\n\n<p>O caso est\u00e1 sob relat\u00f3rio do desembargador Cl\u00e1udio Santos e dever\u00e1 ser analisado n\u00f3s pr\u00f3ximos dias. Confira o parecer na \u00edntegra:<\/p>\n\n\n\n<div class=\"wp-block-file\"><a href=\"https:\/\/justicapotiguar.com.br\/wp-content\/uploads\/2022\/02\/Parecer-da-Procuradoria.pdf\">Parecer-da-Procuradoria<\/a><a href=\"https:\/\/justicapotiguar.com.br\/wp-content\/uploads\/2022\/02\/Parecer-da-Procuradoria.pdf\" class=\"wp-block-file__button\" download>Baixar<\/a><\/div>\n","protected":false},"excerpt":{"rendered":"<p>O procurador regional Eleitoral, Rodrigo Telles , emitir parecer pelo n\u00e3o conhecimento de consulta feita pela governadora F\u00e1tima Bezerra ao Tribunal Regional Eleitoral para saber se poderia dar o aumento de 33% aos professores sem infringir a lei eleitoral, por ser candidato \u00e0 reelei\u00e7\u00e3o. Com negocia\u00e7\u00e3o que se arrasta h\u00e1 v\u00e1rios dias e a greve<br \/><a class=\"more-link\" href=\"https:\/\/justicapotiguar.com.br\/index.php\/2022\/02\/25\/para-mp-reajuste-dos-professores-nao-e-tema-eleitoral-e-consulta-de-fatima-ao-tre-rn-nao-tem-sentido\/\">Mais&#8230;<\/a><\/p>\n","protected":false},"author":5,"featured_media":0,"comment_status":"open","ping_status":"open","sticky":false,"template":"","format":"standard","meta":[],"categories":[1],"tags":[],"_links":{"self":[{"href":"https:\/\/justicapotiguar.com.br\/index.php\/wp-json\/wp\/v2\/posts\/24725"}],"collection":[{"href":"https:\/\/justicapotiguar.com.br\/index.php\/wp-json\/wp\/v2\/posts"}],"about":[{"href":"https:\/\/justicapotiguar.com.br\/index.php\/wp-json\/wp\/v2\/types\/post"}],"author":[{"embeddable":true,"href":"https:\/\/justicapotiguar.com.br\/index.php\/wp-json\/wp\/v2\/users\/5"}],"replies":[{"embeddable":true,"href":"https:\/\/justicapotiguar.com.br\/index.php\/wp-json\/wp\/v2\/comments?post=24725"}],"version-history":[{"count":1,"href":"https:\/\/justicapotiguar.com.br\/index.php\/wp-json\/wp\/v2\/posts\/24725\/revisions"}],"predecessor-version":[{"id":24728,"href":"https:\/\/justicapotiguar.com.br\/index.php\/wp-json\/wp\/v2\/posts\/24725\/revisions\/24728"}],"wp:attachment":[{"href":"https:\/\/justicapotiguar.com.br\/index.php\/wp-json\/wp\/v2\/media?parent=24725"}],"wp:term":[{"taxonomy":"category","embeddable":true,"href":"https:\/\/justicapotiguar.com.br\/index.php\/wp-json\/wp\/v2\/categories?post=24725"},{"taxonomy":"post_tag","embeddable":true,"href":"https:\/\/justicapotiguar.com.br\/index.php\/wp-json\/wp\/v2\/tags?post=24725"}],"curies":[{"name":"wp","href":"https:\/\/api.w.org\/{rel}","templated":true}]}}