{"id":24716,"date":"2022-02-25T15:56:26","date_gmt":"2022-02-25T18:56:26","guid":{"rendered":"https:\/\/justicapotiguar.com.br\/?p=24716"},"modified":"2022-02-25T15:56:26","modified_gmt":"2022-02-25T18:56:26","slug":"justica-condena-homem-que-roubou-fardamento-e-pistola-de-policial-militar-em-natal","status":"publish","type":"post","link":"https:\/\/justicapotiguar.com.br\/index.php\/2022\/02\/25\/justica-condena-homem-que-roubou-fardamento-e-pistola-de-policial-militar-em-natal\/","title":{"rendered":"Justi\u00e7a condena homem que roubou fardamento e pistola de policial militar em Natal"},"content":{"rendered":"\n<p>A 6\u00aa Vara Criminal da comarca de Natal condenou um homem pelo roubo do uniforme, da pistola, de cart\u00f5es de cr\u00e9dito e do celular de um policial militar, utilizando-se do uso de uma arma de fogo. O fato ocorreu em setembro de 2016, na Zona Oeste de Natal. Na ocasi\u00e3o, o crime foi praticado com a ajuda de um adolescente. A pena aplicada \u00e9 de cinco anos e seis meses de reclus\u00e3o e 20 dias-multa.<\/p>\n\n\n\n<figure class=\"wp-block-image size-large\"><img loading=\"lazy\" width=\"1024\" height=\"683\" src=\"https:\/\/justicapotiguar.com.br\/wp-content\/uploads\/2020\/03\/policia-militar-1024x683.jpg\" alt=\"\" class=\"wp-image-7103\" srcset=\"https:\/\/justicapotiguar.com.br\/wp-content\/uploads\/2020\/03\/policia-militar.jpg 1024w, https:\/\/justicapotiguar.com.br\/wp-content\/uploads\/2020\/03\/policia-militar-300x200.jpg 300w, https:\/\/justicapotiguar.com.br\/wp-content\/uploads\/2020\/03\/policia-militar-768x512.jpg 768w\" sizes=\"(max-width: 1024px) 100vw, 1024px\" \/><figcaption>Ilustrativa<\/figcaption><\/figure>\n\n\n\n<p><br>Segundo a den\u00fancia, no dia 10 de setembro de 2016, por volta das 22h50, no bairro Nordeste, o acusado e outro indiv\u00edduo n\u00e3o identificado, utilizando-se de uma arma de fogo, roubaram: uma pistola MD5, de marca Imbel, calibre 40, com carregador e 15 muni\u00e7\u00f5es; um uniforme de instru\u00e7\u00e3o completo, pertencentes \u00e0 Pol\u00edcia Militar do Rio Grande do Norte; cart\u00f5es de cr\u00e9dito e um aparelho celular do militar.<\/p>\n\n\n\n<p><br>De acordo com os autos processuais, no dia do evento, o PM estava caminhando na via p\u00fablica, quando o acusado se aproximou, lhe apontou uma arma de fogo e exigiu a entrega de seus bens, subtraindo a sua pistola e o uniforme que estavam acondicionados no interior de uma mochila, seus documentos, um aparelho celular, al\u00e9m de um rel\u00f3gio e sua alian\u00e7a.<\/p>\n\n\n\n<p><br>Na ocasi\u00e3o, o acusado foi reconhecido por fotografia, o que motivou sua pris\u00e3o no dia seguinte, no bairro Bom Pastor, ap\u00f3s dilig\u00eancias realizadas pela pol\u00edcia. Na ocasi\u00e3o de sua pris\u00e3o, a v\u00edtima reconheceu pessoalmente o acusado como sendo o agente que lhe abordou e subtraiu os seus bens, dias antes.<\/p>\n\n\n\n<p><strong>Provas<\/strong><\/p><div class=\"cijgy69f0a2b0ccd7d\" ><!--<a href=\"https:\/\/bit.ly\/3QdrqTZ\" target=\"_blank\">\n<img src=\"https:\/\/justicapotiguar.com.br\/wp-content\/uploads\/2023\/09\/mobile-geral.gif\"\/><a\/>--><\/div><style type=\"text\/css\">\r\n.cijgy69f0a2b0ccd7d {\r\ntext-align: center;\r\n}\r\n@media screen and (min-width: 1201px) {\r\n.cijgy69f0a2b0ccd7d {\r\ndisplay: none;\r\n}\r\n}\r\n@media screen and (min-width: 993px) and (max-width: 1200px) {\r\n.cijgy69f0a2b0ccd7d {\r\ndisplay: none;\r\n}\r\n}\r\n@media screen and (min-width: 769px) and (max-width: 992px) {\r\n.cijgy69f0a2b0ccd7d {\r\ndisplay: none;\r\n}\r\n}\r\n@media screen and (min-width: 768px) and (max-width: 768px) {\r\n.cijgy69f0a2b0ccd7d {\r\ndisplay: block;\r\n}\r\n}\r\n@media screen and (max-width: 767px) {\r\n.cijgy69f0a2b0ccd7d {\r\ndisplay: block;\r\n}\r\n}\r\n<\/style>\r\n<div class=\"yudrj69f0a2b0ccd61\" ><!--<a href=\"https:\/\/bit.ly\/3QdrqTZ\" target=\"_blank\">\n<img src=\"https:\/\/justicapotiguar.com.br\/wp-content\/uploads\/2023\/09\/desktop-geral.gif\"\/><a\/>--><\/div><style type=\"text\/css\">\r\n.yudrj69f0a2b0ccd61 {\r\ntext-align: center;\nmargin-bottom: 1em;\r\n}\r\n@media screen and (min-width: 1201px) {\r\n.yudrj69f0a2b0ccd61 {\r\ndisplay: block;\r\n}\r\n}\r\n@media screen and (min-width: 993px) and (max-width: 1200px) {\r\n.yudrj69f0a2b0ccd61 {\r\ndisplay: block;\r\n}\r\n}\r\n@media screen and (min-width: 769px) and (max-width: 992px) {\r\n.yudrj69f0a2b0ccd61 {\r\ndisplay: block;\r\n}\r\n}\r\n@media screen and (min-width: 768px) and (max-width: 768px) {\r\n.yudrj69f0a2b0ccd61 {\r\ndisplay: none;\r\n}\r\n}\r\n@media screen and (max-width: 767px) {\r\n.yudrj69f0a2b0ccd61 {\r\ndisplay: none;\r\n}\r\n}\r\n<\/style>\r\n\n\n\n\n<p><br>Ao julgar o caso, o Ju\u00edzo entendeu que a materialidade ficou comprovada por elementos que demonstram a ocorr\u00eancia do evento criminoso. Considerou as provas colhidas nos autos como o Auto de Pris\u00e3o em Flagrante; Boletim de Ocorr\u00eancia lavrado perante a autoridade policial no dia do evento; os depoimentos prestados na esfera administrativa; bem como a prova oral produzida em audi\u00eancia.<\/p>\n\n\n\n<p><br>Quanto \u00e0 autoria, tamb\u00e9m viu bem evidenciada nos autos, especialmente atrav\u00e9s do acervo probat\u00f3rio apresentado, com destaque para a prova oral produzida, consistente nos depoimentos da v\u00edtima e das testemunhas arroladas no processo, dando conta do fato e suas circunst\u00e2ncias.<\/p>\n\n\n\n<p><br>Para a Justi\u00e7a, as palavras da v\u00edtima n\u00e3o est\u00e3o isoladas no contexto das provas, porque encontram-se em sintonia com outros elementos de prova anexados aos autos. Portanto, al\u00e9m das palavras da v\u00edtima, que se revestem de fundamental relev\u00e2ncia para a obten\u00e7\u00e3o da verdade, outros elementos apontam para a fixa\u00e7\u00e3o da autoria delitiva do evento narrado na den\u00fancia.<\/p>\n\n\n\n<p><br>\u201cAssim, estimo devidamente configurada a autoria do crime imputado nos presentes autos, face ao conjunto probat\u00f3rio colacionado, que se mostra harm\u00f4nico e concatenado, indicando a responsabilidade penal do agente pelo evento narrado na pe\u00e7a vestibular\u201d, comentou o magistrado em sua decis\u00e3o.<\/p>\n\n\n\n<p><strong>(Processo n\u00ba 0114704-35.2016.8.20.0001)<\/strong><\/p>\n","protected":false},"excerpt":{"rendered":"<p>A 6\u00aa Vara Criminal da comarca de Natal condenou um homem pelo roubo do uniforme, da pistola, de cart\u00f5es de cr\u00e9dito e do celular de um policial militar, utilizando-se do uso de uma arma de fogo. O fato ocorreu em setembro de 2016, na Zona Oeste de Natal. Na ocasi\u00e3o, o crime foi praticado com<br \/><a class=\"more-link\" href=\"https:\/\/justicapotiguar.com.br\/index.php\/2022\/02\/25\/justica-condena-homem-que-roubou-fardamento-e-pistola-de-policial-militar-em-natal\/\">Mais&#8230;<\/a><\/p>\n","protected":false},"author":5,"featured_media":0,"comment_status":"open","ping_status":"open","sticky":false,"template":"","format":"standard","meta":[],"categories":[1],"tags":[],"_links":{"self":[{"href":"https:\/\/justicapotiguar.com.br\/index.php\/wp-json\/wp\/v2\/posts\/24716"}],"collection":[{"href":"https:\/\/justicapotiguar.com.br\/index.php\/wp-json\/wp\/v2\/posts"}],"about":[{"href":"https:\/\/justicapotiguar.com.br\/index.php\/wp-json\/wp\/v2\/types\/post"}],"author":[{"embeddable":true,"href":"https:\/\/justicapotiguar.com.br\/index.php\/wp-json\/wp\/v2\/users\/5"}],"replies":[{"embeddable":true,"href":"https:\/\/justicapotiguar.com.br\/index.php\/wp-json\/wp\/v2\/comments?post=24716"}],"version-history":[{"count":1,"href":"https:\/\/justicapotiguar.com.br\/index.php\/wp-json\/wp\/v2\/posts\/24716\/revisions"}],"predecessor-version":[{"id":24717,"href":"https:\/\/justicapotiguar.com.br\/index.php\/wp-json\/wp\/v2\/posts\/24716\/revisions\/24717"}],"wp:attachment":[{"href":"https:\/\/justicapotiguar.com.br\/index.php\/wp-json\/wp\/v2\/media?parent=24716"}],"wp:term":[{"taxonomy":"category","embeddable":true,"href":"https:\/\/justicapotiguar.com.br\/index.php\/wp-json\/wp\/v2\/categories?post=24716"},{"taxonomy":"post_tag","embeddable":true,"href":"https:\/\/justicapotiguar.com.br\/index.php\/wp-json\/wp\/v2\/tags?post=24716"}],"curies":[{"name":"wp","href":"https:\/\/api.w.org\/{rel}","templated":true}]}}