{"id":24712,"date":"2022-02-25T11:30:00","date_gmt":"2022-02-25T14:30:00","guid":{"rendered":"https:\/\/justicapotiguar.com.br\/?p=24712"},"modified":"2022-02-25T11:29:44","modified_gmt":"2022-02-25T14:29:44","slug":"defensoria-recomenda-a-amil-o-reestabelecimento-dos-atendimentos-de-urgencia-pediatrica-em-natal","status":"publish","type":"post","link":"https:\/\/justicapotiguar.com.br\/index.php\/2022\/02\/25\/defensoria-recomenda-a-amil-o-reestabelecimento-dos-atendimentos-de-urgencia-pediatrica-em-natal\/","title":{"rendered":"Defensoria  recomenda a Amil o reestabelecimento dos atendimentos de urg\u00eancia pedi\u00e1trica em Natal"},"content":{"rendered":"\n<figure class=\"wp-block-image size-large\"><img loading=\"lazy\" width=\"680\" height=\"399\" src=\"https:\/\/justicapotiguar.com.br\/wp-content\/uploads\/2019\/09\/03F361B29E657D3A605829F1E2AA010C4B7E_medicina.jpg\" alt=\"\" class=\"wp-image-1965\" srcset=\"https:\/\/justicapotiguar.com.br\/wp-content\/uploads\/2019\/09\/03F361B29E657D3A605829F1E2AA010C4B7E_medicina.jpg 680w, https:\/\/justicapotiguar.com.br\/wp-content\/uploads\/2019\/09\/03F361B29E657D3A605829F1E2AA010C4B7E_medicina-300x176.jpg 300w\" sizes=\"(max-width: 680px) 100vw, 680px\" \/><figcaption>Ilustrativa<\/figcaption><\/figure>\n\n\n\n<p>A Defensoria P\u00fablica do Estado do Rio Grande do Norte (DPE\/RN) emitiu uma recomenda\u00e7\u00e3o \u00e0 rede de planos de sa\u00fade Amil para que seja reestabelecido os atendimentos de urg\u00eancias pedi\u00e1tricas no munic\u00edpio de Natal. A recomenda\u00e7\u00e3o foi publicada no Di\u00e1rio Oficial do Estado (DOE) desta sexta-feira (25) e confere prazo de cinco dias para a operadora informar as provid\u00eancias a serem tomadas para regularizar o servi\u00e7o. \u00a0<\/p>\n\n\n\n<p><br>A recomenda\u00e7\u00e3o foi motivada ap\u00f3s usu\u00e1rios do plano de sa\u00fade relatarem ao N\u00facleo de Tutela Coletiva da Defensoria a inexist\u00eancia de prestador credenciado para atendimento pedi\u00e1trico de urg\u00eancia na rede Amil em Natal. Al\u00e9m da emiss\u00e3o da recomenda\u00e7\u00e3o, a institui\u00e7\u00e3o tamb\u00e9m instaurou um procedimento preparat\u00f3rio para a\u00e7\u00e3o civil p\u00fablica sobre a quest\u00e3o.<br>Em resposta aos of\u00edcios enviados pela Defensoria, a Amil alega que a interrup\u00e7\u00e3o dos servi\u00e7os pedi\u00e1tricos se deu ap\u00f3s rescis\u00e3o contratual ocorrida unilateralmente pelo Hospital Promater, que ofertava atendimento pedi\u00e1trico de urg\u00eancia atrav\u00e9s de conv\u00eanio com o plano de sa\u00fade. Desde ent\u00e3o, segundo a operadora, os servi\u00e7os passaram a ser fornecidos pela Prontocl\u00ednica da Crian\u00e7a que disp\u00f5e de uma ala pedi\u00e1trica de urg\u00eancia, mas n\u00e3o disp\u00f5e de leitos de UTI pedi\u00e1tricos.\u00a0<\/p><div class=\"ruzdt69f0b78b4cacc\" ><!--<a href=\"https:\/\/bit.ly\/3QdrqTZ\" target=\"_blank\">\n<img src=\"https:\/\/justicapotiguar.com.br\/wp-content\/uploads\/2023\/09\/mobile-geral.gif\"\/><a\/>--><\/div><style type=\"text\/css\">\r\n.ruzdt69f0b78b4cacc {\r\ntext-align: center;\r\n}\r\n@media screen and (min-width: 1201px) {\r\n.ruzdt69f0b78b4cacc {\r\ndisplay: none;\r\n}\r\n}\r\n@media screen and (min-width: 993px) and (max-width: 1200px) {\r\n.ruzdt69f0b78b4cacc {\r\ndisplay: none;\r\n}\r\n}\r\n@media screen and (min-width: 769px) and (max-width: 992px) {\r\n.ruzdt69f0b78b4cacc {\r\ndisplay: none;\r\n}\r\n}\r\n@media screen and (min-width: 768px) and (max-width: 768px) {\r\n.ruzdt69f0b78b4cacc {\r\ndisplay: block;\r\n}\r\n}\r\n@media screen and (max-width: 767px) {\r\n.ruzdt69f0b78b4cacc {\r\ndisplay: block;\r\n}\r\n}\r\n<\/style>\r\n<div class=\"faiyo69f0b78b4caaa\" ><!--<a href=\"https:\/\/bit.ly\/3QdrqTZ\" target=\"_blank\">\n<img src=\"https:\/\/justicapotiguar.com.br\/wp-content\/uploads\/2023\/09\/desktop-geral.gif\"\/><a\/>--><\/div><style type=\"text\/css\">\r\n.faiyo69f0b78b4caaa {\r\ntext-align: center;\nmargin-bottom: 1em;\r\n}\r\n@media screen and (min-width: 1201px) {\r\n.faiyo69f0b78b4caaa {\r\ndisplay: block;\r\n}\r\n}\r\n@media screen and (min-width: 993px) and (max-width: 1200px) {\r\n.faiyo69f0b78b4caaa {\r\ndisplay: block;\r\n}\r\n}\r\n@media screen and (min-width: 769px) and (max-width: 992px) {\r\n.faiyo69f0b78b4caaa {\r\ndisplay: block;\r\n}\r\n}\r\n@media screen and (min-width: 768px) and (max-width: 768px) {\r\n.faiyo69f0b78b4caaa {\r\ndisplay: none;\r\n}\r\n}\r\n@media screen and (max-width: 767px) {\r\n.faiyo69f0b78b4caaa {\r\ndisplay: none;\r\n}\r\n}\r\n<\/style>\r\n\n\n\n\n<p><br>A Defensoria aponta, no entanto, que a operadora foi informada sobre o descredenciamento do hospital prestador do servi\u00e7o tr\u00eas meses antes do efetivo desligamento, e que, portanto, houve tempo h\u00e1bil para reorganizar a estrutura de atendimento.\u00a0<br>Diante do apurado, a Defensoria iniciou uma s\u00e9rie de an\u00e1lises de poss\u00edveis irregularidades na presta\u00e7\u00e3o de servi\u00e7os de sa\u00fade pedi\u00e1trica pela operadora e recomenda o reestabelecimento imediato do servi\u00e7o de urg\u00eancia pedi\u00e1trica com disponibilidade de leito de UTI pedi\u00e1trico mediante o credenciamento de novo prestador de servi\u00e7o. O \u00f3rg\u00e3o recomenda ainda que a Amil confira publicidade \u00e0 essa contrata\u00e7\u00e3o, atrav\u00e9s de comunica\u00e7\u00e3o por meio dos canais oficiais da empresa e notifica\u00e7\u00e3o individual aos usu\u00e1rios do plano.<\/p>\n","protected":false},"excerpt":{"rendered":"<p>A Defensoria P\u00fablica do Estado do Rio Grande do Norte (DPE\/RN) emitiu uma recomenda\u00e7\u00e3o \u00e0 rede de planos de sa\u00fade Amil para que seja reestabelecido os atendimentos de urg\u00eancias pedi\u00e1tricas no munic\u00edpio de Natal. A recomenda\u00e7\u00e3o foi publicada no Di\u00e1rio Oficial do Estado (DOE) desta sexta-feira (25) e confere prazo de cinco dias para a<br \/><a class=\"more-link\" href=\"https:\/\/justicapotiguar.com.br\/index.php\/2022\/02\/25\/defensoria-recomenda-a-amil-o-reestabelecimento-dos-atendimentos-de-urgencia-pediatrica-em-natal\/\">Mais&#8230;<\/a><\/p>\n","protected":false},"author":5,"featured_media":0,"comment_status":"open","ping_status":"open","sticky":false,"template":"","format":"standard","meta":[],"categories":[1],"tags":[],"_links":{"self":[{"href":"https:\/\/justicapotiguar.com.br\/index.php\/wp-json\/wp\/v2\/posts\/24712"}],"collection":[{"href":"https:\/\/justicapotiguar.com.br\/index.php\/wp-json\/wp\/v2\/posts"}],"about":[{"href":"https:\/\/justicapotiguar.com.br\/index.php\/wp-json\/wp\/v2\/types\/post"}],"author":[{"embeddable":true,"href":"https:\/\/justicapotiguar.com.br\/index.php\/wp-json\/wp\/v2\/users\/5"}],"replies":[{"embeddable":true,"href":"https:\/\/justicapotiguar.com.br\/index.php\/wp-json\/wp\/v2\/comments?post=24712"}],"version-history":[{"count":1,"href":"https:\/\/justicapotiguar.com.br\/index.php\/wp-json\/wp\/v2\/posts\/24712\/revisions"}],"predecessor-version":[{"id":24713,"href":"https:\/\/justicapotiguar.com.br\/index.php\/wp-json\/wp\/v2\/posts\/24712\/revisions\/24713"}],"wp:attachment":[{"href":"https:\/\/justicapotiguar.com.br\/index.php\/wp-json\/wp\/v2\/media?parent=24712"}],"wp:term":[{"taxonomy":"category","embeddable":true,"href":"https:\/\/justicapotiguar.com.br\/index.php\/wp-json\/wp\/v2\/categories?post=24712"},{"taxonomy":"post_tag","embeddable":true,"href":"https:\/\/justicapotiguar.com.br\/index.php\/wp-json\/wp\/v2\/tags?post=24712"}],"curies":[{"name":"wp","href":"https:\/\/api.w.org\/{rel}","templated":true}]}}