{"id":24710,"date":"2022-02-25T10:19:45","date_gmt":"2022-02-25T13:19:45","guid":{"rendered":"https:\/\/justicapotiguar.com.br\/?p=24710"},"modified":"2022-02-25T10:19:45","modified_gmt":"2022-02-25T13:19:45","slug":"operacao-do-mprn-cumpre-mandados-contra-suspeitos-de-assassinato-de-estudante-em-areia-branca","status":"publish","type":"post","link":"https:\/\/justicapotiguar.com.br\/index.php\/2022\/02\/25\/operacao-do-mprn-cumpre-mandados-contra-suspeitos-de-assassinato-de-estudante-em-areia-branca\/","title":{"rendered":"Opera\u00e7\u00e3o do MPRN cumpre mandados contra suspeitos de assassinato de estudante em Areia Branca"},"content":{"rendered":"\n<figure class=\"wp-block-image\"><img src=\"https:\/\/www.mprn.mp.br\/portal\/images\/2022\/20220225_operacao_areia.jpeg\" alt=\"\"\/><figcaption>Reprodu\u00e7\u00e3o <\/figcaption><\/figure>\n\n\n\n<p>O Minist\u00e9rio P\u00fablico do Rio Grande do Norte (MPRN) deflagrou nesta sexta-feira (25) a opera\u00e7\u00e3o Areia Vermelha, com o objetivo de prender dois homens suspeitos de participarem do homic\u00eddio do estudante Guido Marques da Silva, fato ocorrido no dia 27 de novembro de 2021, na cidade de Areia Branca.<br><br>No dia do assassinato, Guido encontrava-se em uma casa na rua Pastor Juscelino, no bairro Ilha, ajudando amigos em uma mudan\u00e7a. Por volta das 16h30, dois homens armados chegaram ao local e efetuaram disparos de arma de fogo contra o estudante, fugindo em seguida.<br><br>A v\u00edtima ainda chegou a ser socorrida para uma unidade hospitalar de Areia Branca e, em seguida, para um pronto-socorro em Mossor\u00f3. Antes de morrer, Guido conseguiu informar a um policial militar quem seriam os autores dos disparos.<br><br>A opera\u00e7\u00e3o Areia Vermelha cumpriu quatro mandados de busca e apreens\u00e3o em quatro endere\u00e7os relacionados aos suspeitos do crime. Aparelhos celulares foram apreendidos na a\u00e7\u00e3o, que contou com a participa\u00e7\u00e3o de dois promotores de Justi\u00e7a, sete servidores do MPRN e 32 policiais militares.<br><br>Os mandados de pris\u00e3o preventiva expedidos pelo Ju\u00edzo de Areia Branca n\u00e3o foram cumpridos, pois os suspeitos n\u00e3o foram localizados nos locais das buscas, raz\u00e3o pela qual encontram-se foragidos da Justi\u00e7a.<\/p>\n","protected":false},"excerpt":{"rendered":"<p>O Minist\u00e9rio P\u00fablico do Rio Grande do Norte (MPRN) deflagrou nesta sexta-feira (25) a opera\u00e7\u00e3o Areia Vermelha, com o objetivo de prender dois homens suspeitos de participarem do homic\u00eddio do estudante Guido Marques da Silva, fato ocorrido no dia 27 de novembro de 2021, na cidade de Areia Branca. No dia do assassinato, Guido encontrava-se<br \/><a class=\"more-link\" href=\"https:\/\/justicapotiguar.com.br\/index.php\/2022\/02\/25\/operacao-do-mprn-cumpre-mandados-contra-suspeitos-de-assassinato-de-estudante-em-areia-branca\/\">Mais&#8230;<\/a><\/p>\n","protected":false},"author":5,"featured_media":0,"comment_status":"open","ping_status":"open","sticky":false,"template":"","format":"standard","meta":[],"categories":[1],"tags":[],"_links":{"self":[{"href":"https:\/\/justicapotiguar.com.br\/index.php\/wp-json\/wp\/v2\/posts\/24710"}],"collection":[{"href":"https:\/\/justicapotiguar.com.br\/index.php\/wp-json\/wp\/v2\/posts"}],"about":[{"href":"https:\/\/justicapotiguar.com.br\/index.php\/wp-json\/wp\/v2\/types\/post"}],"author":[{"embeddable":true,"href":"https:\/\/justicapotiguar.com.br\/index.php\/wp-json\/wp\/v2\/users\/5"}],"replies":[{"embeddable":true,"href":"https:\/\/justicapotiguar.com.br\/index.php\/wp-json\/wp\/v2\/comments?post=24710"}],"version-history":[{"count":1,"href":"https:\/\/justicapotiguar.com.br\/index.php\/wp-json\/wp\/v2\/posts\/24710\/revisions"}],"predecessor-version":[{"id":24711,"href":"https:\/\/justicapotiguar.com.br\/index.php\/wp-json\/wp\/v2\/posts\/24710\/revisions\/24711"}],"wp:attachment":[{"href":"https:\/\/justicapotiguar.com.br\/index.php\/wp-json\/wp\/v2\/media?parent=24710"}],"wp:term":[{"taxonomy":"category","embeddable":true,"href":"https:\/\/justicapotiguar.com.br\/index.php\/wp-json\/wp\/v2\/categories?post=24710"},{"taxonomy":"post_tag","embeddable":true,"href":"https:\/\/justicapotiguar.com.br\/index.php\/wp-json\/wp\/v2\/tags?post=24710"}],"curies":[{"name":"wp","href":"https:\/\/api.w.org\/{rel}","templated":true}]}}