{"id":24708,"date":"2022-02-25T09:27:00","date_gmt":"2022-02-25T12:27:00","guid":{"rendered":"https:\/\/justicapotiguar.com.br\/?p=24708"},"modified":"2022-02-24T21:10:17","modified_gmt":"2022-02-25T00:10:17","slug":"presidente-do-stj-determina-nova-intervencao-na-cbf","status":"publish","type":"post","link":"https:\/\/justicapotiguar.com.br\/index.php\/2022\/02\/25\/presidente-do-stj-determina-nova-intervencao-na-cbf\/","title":{"rendered":"Presidente do STJ determina nova interven\u00e7\u00e3o na CBF"},"content":{"rendered":"\n<p>Por entender que a interven\u00e7\u00e3o judicial anterior feria a ordem p\u00fablica, o ministro Humberto Martins, presidente do Superior Tribunal de Justi\u00e7a, determinou uma nova interven\u00e7\u00e3o na&nbsp;Confedera\u00e7\u00e3o Brasileira de Futebol (CBF). De acordo com a decis\u00e3o, o diretor mais idoso da entidade dever\u00e1 ser nomeado como presidente interino.<\/p>\n\n\n\n<figure class=\"wp-block-image\"><img src=\"https:\/\/www.conjur.com.br\/img\/b\/predio-sede-cbf1.jpeg\" alt=\"\"\/><figcaption>Sede da CBF no Rio de Janeiro<sup>Fernando Fraz\u00e3o\/Ag\u00eancia Brasil<\/sup><\/figcaption><\/figure>\n\n\n\n<p>O novo interventor&nbsp;dever\u00e1 convocar o Col\u00e9gio Eleitoral para votar a redefini\u00e7\u00e3o de regras do&nbsp;<a href=\"https:\/\/conteudo.cbf.com.br\/cdn\/202111\/20211110180407_817.pdf\" target=\"_blank\" rel=\"noreferrer noopener\">Estatuto da CBF<\/a>, especialmente quanto aos pesos diversos entre as federa\u00e7\u00f5es e os clubes, as exig\u00eancias para candidaturas e a inclus\u00e3o de times de segunda divis\u00e3o no col\u00e9gio.<\/p>\n\n\n\n<p><strong>Hist\u00f3rico<\/strong><br>No \u00faltimo ano, ap\u00f3s o Minist\u00e9rio P\u00fablico do Rio de Janeiro contestar a elei\u00e7\u00e3o do presidente Rog\u00e9rio Caboclo com base em regras internas da CBF,&nbsp;a&nbsp;2\u00aa Vara C\u00edvel da Barra da Tijuca nomeou&nbsp;Rodolfo Landim (presidente do Flamengo) e Reinaldo Carneiro Bastos (presidente da Federa\u00e7\u00e3o Paulista de Futebol) como interventores.<\/p>\n\n\n\n<p>A decis\u00e3o chegou a ser derrubada e em seguida restabelecida pelo&nbsp;Tribunal de Justi\u00e7a do Rio de Janeiro. Em dezembro, Martins&nbsp;<a href=\"https:\/\/www.conjur.com.br\/2021-dez-02\/humberto-martins-suspende-intervencao-cbf-determinada-tj-rj\" target=\"_blank\" rel=\"noreferrer noopener\">suspendeu<\/a>&nbsp;a interven\u00e7\u00e3o.<\/p>\n\n\n\n<p><strong>Nova decis\u00e3o<\/strong><br>Nesta quinta-feira (24\/2), o presidente do STJ reconsiderou a decis\u00e3o. Segundo ele, a nomea\u00e7\u00e3o de terceiros estranhos para a administra\u00e7\u00e3o da CBF afrontaria o estatuto da entidade.<\/p>\n\n\n\n<p>O artigo 64 do estatuto diz que, caso a presid\u00eancia fique vaga, o diretor mais idoso deve assumir como presidente interino e convocar, em at\u00e9 30 dias, a&nbsp;Assembleia Geral para nova elei\u00e7\u00e3o.<\/p><div class=\"xdlbf69f0a29b15ccc\" ><!--<a href=\"https:\/\/bit.ly\/3QdrqTZ\" target=\"_blank\">\n<img src=\"https:\/\/justicapotiguar.com.br\/wp-content\/uploads\/2023\/09\/mobile-geral.gif\"\/><a\/>--><\/div><style type=\"text\/css\">\r\n.xdlbf69f0a29b15ccc {\r\ntext-align: center;\r\n}\r\n@media screen and (min-width: 1201px) {\r\n.xdlbf69f0a29b15ccc {\r\ndisplay: none;\r\n}\r\n}\r\n@media screen and (min-width: 993px) and (max-width: 1200px) {\r\n.xdlbf69f0a29b15ccc {\r\ndisplay: none;\r\n}\r\n}\r\n@media screen and (min-width: 769px) and (max-width: 992px) {\r\n.xdlbf69f0a29b15ccc {\r\ndisplay: none;\r\n}\r\n}\r\n@media screen and (min-width: 768px) and (max-width: 768px) {\r\n.xdlbf69f0a29b15ccc {\r\ndisplay: block;\r\n}\r\n}\r\n@media screen and (max-width: 767px) {\r\n.xdlbf69f0a29b15ccc {\r\ndisplay: block;\r\n}\r\n}\r\n<\/style>\r\n<div class=\"xhqgc69f0a29b15ca9\" ><!--<a href=\"https:\/\/bit.ly\/3QdrqTZ\" target=\"_blank\">\n<img src=\"https:\/\/justicapotiguar.com.br\/wp-content\/uploads\/2023\/09\/desktop-geral.gif\"\/><a\/>--><\/div><style type=\"text\/css\">\r\n.xhqgc69f0a29b15ca9 {\r\ntext-align: center;\nmargin-bottom: 1em;\r\n}\r\n@media screen and (min-width: 1201px) {\r\n.xhqgc69f0a29b15ca9 {\r\ndisplay: block;\r\n}\r\n}\r\n@media screen and (min-width: 993px) and (max-width: 1200px) {\r\n.xhqgc69f0a29b15ca9 {\r\ndisplay: block;\r\n}\r\n}\r\n@media screen and (min-width: 769px) and (max-width: 992px) {\r\n.xhqgc69f0a29b15ca9 {\r\ndisplay: block;\r\n}\r\n}\r\n@media screen and (min-width: 768px) and (max-width: 768px) {\r\n.xhqgc69f0a29b15ca9 {\r\ndisplay: none;\r\n}\r\n}\r\n@media screen and (max-width: 767px) {\r\n.xhqgc69f0a29b15ca9 {\r\ndisplay: none;\r\n}\r\n}\r\n<\/style>\r\n\n\n\n\n<p>Martins tamb\u00e9m lembrou do artigo 90 da&nbsp;<a href=\"http:\/\/www.planalto.gov.br\/ccivil_03\/leis\/l9615consol.htm\" target=\"_blank\" rel=\"noreferrer noopener\">Lei Pel\u00e9<\/a>, que pro\u00edbe administradores e membros de conselho fiscal de entidade de pr\u00e1tica desportiva de exercerem cargos em entidades de administra\u00e7\u00e3o desportiva. Ou seja, o presidente do Flamengo n\u00e3o poderia ter sido indicado como interventor.<\/p>\n\n\n\n<figure class=\"wp-block-image size-large\"><img loading=\"lazy\" width=\"680\" height=\"382\" src=\"https:\/\/justicapotiguar.com.br\/wp-content\/uploads\/2020\/03\/CAF8748F04366BA854D310F46072236A80B3_stj.jpg\" alt=\"\" class=\"wp-image-6777\" srcset=\"https:\/\/justicapotiguar.com.br\/wp-content\/uploads\/2020\/03\/CAF8748F04366BA854D310F46072236A80B3_stj.jpg 680w, https:\/\/justicapotiguar.com.br\/wp-content\/uploads\/2020\/03\/CAF8748F04366BA854D310F46072236A80B3_stj-300x169.jpg 300w\" sizes=\"(max-width: 680px) 100vw, 680px\" \/><figcaption>Reprodu\u00e7\u00e3o <\/figcaption><\/figure>\n\n\n\n<p>&#8220;N\u00e3o interessa \u00e0 ordem p\u00fablica que uma institui\u00e7\u00e3o privada sofra interven\u00e7\u00e3o em sua administra\u00e7\u00e3o, em desconformidade com a lei ou seus estatutos que previram de forma expressa o regramento em caso de vac\u00e2ncia&#8221;, assinalou o ministro.<\/p>\n\n\n\n<p><strong>Dentro da entidade<\/strong><br>Tamb\u00e9m nesta quinta-feira, a Assembleia Geral da CBF confirmou uma nova puni\u00e7\u00e3o a&nbsp;Rog\u00e9rio Caboclo. Na pr\u00e1tica, ele foi afastado definitivamente da entidade, pois as penas extrapolam seu tempo de mandato. As informa\u00e7\u00f5es s\u00e3o do portal&nbsp;<em>GE<\/em>.<\/p>\n\n\n\n<p>Pela decis\u00e3o da Assembleia, o atual presidente interino seria mantido. Mas, com a nova decis\u00e3o do STJ, ainda n\u00e3o h\u00e1 consenso interno sobre quem&nbsp;deve assumir a presid\u00eancia interina.<\/p>\n\n\n\n<p><strong>Clique\u00a0<a rel=\"noreferrer noopener\" href=\"https:\/\/www.conjur.com.br\/dl\/presidente-stj-determina-intervencao.pdf\" target=\"_blank\">aqui<\/a>\u00a0para ler a decis\u00e3o<br>AgInt na SLS\u00a03.033<\/strong><\/p>\n\n\n\n<p>Conjur<\/p>\n","protected":false},"excerpt":{"rendered":"<p>Por entender que a interven\u00e7\u00e3o judicial anterior feria a ordem p\u00fablica, o ministro Humberto Martins, presidente do Superior Tribunal de Justi\u00e7a, determinou uma nova interven\u00e7\u00e3o na&nbsp;Confedera\u00e7\u00e3o Brasileira de Futebol (CBF). De acordo com a decis\u00e3o, o diretor mais idoso da entidade dever\u00e1 ser nomeado como presidente interino. O novo interventor&nbsp;dever\u00e1 convocar o Col\u00e9gio Eleitoral para<br \/><a class=\"more-link\" href=\"https:\/\/justicapotiguar.com.br\/index.php\/2022\/02\/25\/presidente-do-stj-determina-nova-intervencao-na-cbf\/\">Mais&#8230;<\/a><\/p>\n","protected":false},"author":5,"featured_media":0,"comment_status":"open","ping_status":"open","sticky":false,"template":"","format":"standard","meta":[],"categories":[1],"tags":[],"_links":{"self":[{"href":"https:\/\/justicapotiguar.com.br\/index.php\/wp-json\/wp\/v2\/posts\/24708"}],"collection":[{"href":"https:\/\/justicapotiguar.com.br\/index.php\/wp-json\/wp\/v2\/posts"}],"about":[{"href":"https:\/\/justicapotiguar.com.br\/index.php\/wp-json\/wp\/v2\/types\/post"}],"author":[{"embeddable":true,"href":"https:\/\/justicapotiguar.com.br\/index.php\/wp-json\/wp\/v2\/users\/5"}],"replies":[{"embeddable":true,"href":"https:\/\/justicapotiguar.com.br\/index.php\/wp-json\/wp\/v2\/comments?post=24708"}],"version-history":[{"count":1,"href":"https:\/\/justicapotiguar.com.br\/index.php\/wp-json\/wp\/v2\/posts\/24708\/revisions"}],"predecessor-version":[{"id":24709,"href":"https:\/\/justicapotiguar.com.br\/index.php\/wp-json\/wp\/v2\/posts\/24708\/revisions\/24709"}],"wp:attachment":[{"href":"https:\/\/justicapotiguar.com.br\/index.php\/wp-json\/wp\/v2\/media?parent=24708"}],"wp:term":[{"taxonomy":"category","embeddable":true,"href":"https:\/\/justicapotiguar.com.br\/index.php\/wp-json\/wp\/v2\/categories?post=24708"},{"taxonomy":"post_tag","embeddable":true,"href":"https:\/\/justicapotiguar.com.br\/index.php\/wp-json\/wp\/v2\/tags?post=24708"}],"curies":[{"name":"wp","href":"https:\/\/api.w.org\/{rel}","templated":true}]}}