{"id":24670,"date":"2022-02-23T09:55:53","date_gmt":"2022-02-23T12:55:53","guid":{"rendered":"https:\/\/justicapotiguar.com.br\/?p=24670"},"modified":"2022-02-23T09:55:53","modified_gmt":"2022-02-23T12:55:53","slug":"stj-decide-hoje-se-plano-de-saude-so-precisa-cobrir-lista-da-ans","status":"publish","type":"post","link":"https:\/\/justicapotiguar.com.br\/index.php\/2022\/02\/23\/stj-decide-hoje-se-plano-de-saude-so-precisa-cobrir-lista-da-ans\/","title":{"rendered":"STJ decide hoje se plano de sa\u00fade s\u00f3 precisa cobrir lista da ANS"},"content":{"rendered":"\n<figure class=\"wp-block-image size-large\"><img loading=\"lazy\" width=\"954\" height=\"499\" src=\"https:\/\/justicapotiguar.com.br\/wp-content\/uploads\/2019\/08\/plano-de-sa\u00fade.png\" alt=\"\" class=\"wp-image-661\" srcset=\"https:\/\/justicapotiguar.com.br\/wp-content\/uploads\/2019\/08\/plano-de-sa\u00fade.png 954w, https:\/\/justicapotiguar.com.br\/wp-content\/uploads\/2019\/08\/plano-de-sa\u00fade-300x157.png 300w, https:\/\/justicapotiguar.com.br\/wp-content\/uploads\/2019\/08\/plano-de-sa\u00fade-768x402.png 768w\" sizes=\"(max-width: 954px) 100vw, 954px\" \/><figcaption>Reprodu\u00e7\u00e3o<\/figcaption><\/figure>\n\n\n\n<p>O STJ deve retomar nesta quarta-feira, 23, o julgamento de dois recursos para definir se a lista da ANS de cobertura obrigat\u00f3ria para planos de sa\u00fade \u00e9 exemplificativa ou taxativa. Na pr\u00e1tica, a 2\u00aa se\u00e7\u00e3o deve definir se as operadoras s\u00e3o ou n\u00e3o obrigadas a cobrir o que n\u00e3o est\u00e1 no rol de procedimentos estabelecidos pela ag\u00eancia. Os processos s\u00e3o o EREsp 1.886.929 e o EREsp 1.889.704, ambos de relatoria do ministro Salom\u00e3o. Julgamento se inicia \u00e0s 13h.<\/p>\n\n\n\n<p>STJ decidir\u00e1 taxatividade do rol da ANS para cobertura de planos de sa\u00fade.(Imagem: Rafael Luz\/STJ)<br>O entendimento consolidado nos tribunais nos \u00faltimos 20 anos \u00e9 de que a interpreta\u00e7\u00e3o deve ser mais ampla. A Justi\u00e7a considera a lista de procedimentos como refer\u00eancia m\u00ednima ou exemplificativa, e em geral concede a obrigatoriedade de cobertura para al\u00e9m do rol.<\/p>\n\n\n\n<p>Mas, no STJ, h\u00e1 diverg\u00eancia entre turmas. Enquanto a 3\u00aa turma tem decis\u00f5es no sentido de que a lista seria meramente exemplificativa, a 4\u00aa turma adotou, em 2019, entendimento de que o rol n\u00e3o \u00e9 meramente exemplificativo, tratando-se de m\u00ednimo obrigat\u00f3rio para as operadoras.<\/p>\n\n\n\n<p>O caso aportou, ent\u00e3o, \u00e0 2\u00aa se\u00e7\u00e3o, para uniformiza\u00e7\u00e3o sobre o tema. A decis\u00e3o \u00e9 importante pois servir\u00e1 como precedente \u00e0s inst\u00e2ncias inferiores.<\/p><div class=\"hvqdp69f08c2d55054\" ><!--<a href=\"https:\/\/bit.ly\/3QdrqTZ\" target=\"_blank\">\n<img src=\"https:\/\/justicapotiguar.com.br\/wp-content\/uploads\/2023\/09\/mobile-geral.gif\"\/><a\/>--><\/div><style type=\"text\/css\">\r\n.hvqdp69f08c2d55054 {\r\ntext-align: center;\r\n}\r\n@media screen and (min-width: 1201px) {\r\n.hvqdp69f08c2d55054 {\r\ndisplay: none;\r\n}\r\n}\r\n@media screen and (min-width: 993px) and (max-width: 1200px) {\r\n.hvqdp69f08c2d55054 {\r\ndisplay: none;\r\n}\r\n}\r\n@media screen and (min-width: 769px) and (max-width: 992px) {\r\n.hvqdp69f08c2d55054 {\r\ndisplay: none;\r\n}\r\n}\r\n@media screen and (min-width: 768px) and (max-width: 768px) {\r\n.hvqdp69f08c2d55054 {\r\ndisplay: block;\r\n}\r\n}\r\n@media screen and (max-width: 767px) {\r\n.hvqdp69f08c2d55054 {\r\ndisplay: block;\r\n}\r\n}\r\n<\/style>\r\n<div class=\"tnqpf69f08c2d55036\" ><!--<a href=\"https:\/\/bit.ly\/3QdrqTZ\" target=\"_blank\">\n<img src=\"https:\/\/justicapotiguar.com.br\/wp-content\/uploads\/2023\/09\/desktop-geral.gif\"\/><a\/>--><\/div><style type=\"text\/css\">\r\n.tnqpf69f08c2d55036 {\r\ntext-align: center;\nmargin-bottom: 1em;\r\n}\r\n@media screen and (min-width: 1201px) {\r\n.tnqpf69f08c2d55036 {\r\ndisplay: block;\r\n}\r\n}\r\n@media screen and (min-width: 993px) and (max-width: 1200px) {\r\n.tnqpf69f08c2d55036 {\r\ndisplay: block;\r\n}\r\n}\r\n@media screen and (min-width: 769px) and (max-width: 992px) {\r\n.tnqpf69f08c2d55036 {\r\ndisplay: block;\r\n}\r\n}\r\n@media screen and (min-width: 768px) and (max-width: 768px) {\r\n.tnqpf69f08c2d55036 {\r\ndisplay: none;\r\n}\r\n}\r\n@media screen and (max-width: 767px) {\r\n.tnqpf69f08c2d55036 {\r\ndisplay: none;\r\n}\r\n}\r\n<\/style>\r\n\n\n\n\n<p>O julgamento teve in\u00edcio no ano passado, quando votou o relator, ministro Salom\u00e3o, pela taxatividade da lista. No entanto, o relator ressalvou hip\u00f3teses excepcionais em que seria poss\u00edvel obrigar uma operadora a cobrir procedimentos n\u00e3o previstos na lista. A an\u00e1lise foi interrompida por pedido de vista da ministra Nancy Andrighi.<\/p>\n\n\n\n<p>Publicidade<\/p>\n\n\n\n<p>O apresentador Marcos Mion chamou aten\u00e7\u00e3o para o tema nas redes sociais. Ele, que \u00e9 pai de um menino com autismo, diz que, a depender da decis\u00e3o da Corte, o julgamento pode prejudicar milhares de pessoas que necessitam de tratamentos espec\u00edficos.<\/p>\n\n\n\n<p>Migalhas<\/p>\n","protected":false},"excerpt":{"rendered":"<p>O STJ deve retomar nesta quarta-feira, 23, o julgamento de dois recursos para definir se a lista da ANS de cobertura obrigat\u00f3ria para planos de sa\u00fade \u00e9 exemplificativa ou taxativa. Na pr\u00e1tica, a 2\u00aa se\u00e7\u00e3o deve definir se as operadoras s\u00e3o ou n\u00e3o obrigadas a cobrir o que n\u00e3o est\u00e1 no rol de procedimentos estabelecidos<br \/><a class=\"more-link\" href=\"https:\/\/justicapotiguar.com.br\/index.php\/2022\/02\/23\/stj-decide-hoje-se-plano-de-saude-so-precisa-cobrir-lista-da-ans\/\">Mais&#8230;<\/a><\/p>\n","protected":false},"author":5,"featured_media":0,"comment_status":"open","ping_status":"open","sticky":false,"template":"","format":"standard","meta":[],"categories":[1],"tags":[],"_links":{"self":[{"href":"https:\/\/justicapotiguar.com.br\/index.php\/wp-json\/wp\/v2\/posts\/24670"}],"collection":[{"href":"https:\/\/justicapotiguar.com.br\/index.php\/wp-json\/wp\/v2\/posts"}],"about":[{"href":"https:\/\/justicapotiguar.com.br\/index.php\/wp-json\/wp\/v2\/types\/post"}],"author":[{"embeddable":true,"href":"https:\/\/justicapotiguar.com.br\/index.php\/wp-json\/wp\/v2\/users\/5"}],"replies":[{"embeddable":true,"href":"https:\/\/justicapotiguar.com.br\/index.php\/wp-json\/wp\/v2\/comments?post=24670"}],"version-history":[{"count":1,"href":"https:\/\/justicapotiguar.com.br\/index.php\/wp-json\/wp\/v2\/posts\/24670\/revisions"}],"predecessor-version":[{"id":24671,"href":"https:\/\/justicapotiguar.com.br\/index.php\/wp-json\/wp\/v2\/posts\/24670\/revisions\/24671"}],"wp:attachment":[{"href":"https:\/\/justicapotiguar.com.br\/index.php\/wp-json\/wp\/v2\/media?parent=24670"}],"wp:term":[{"taxonomy":"category","embeddable":true,"href":"https:\/\/justicapotiguar.com.br\/index.php\/wp-json\/wp\/v2\/categories?post=24670"},{"taxonomy":"post_tag","embeddable":true,"href":"https:\/\/justicapotiguar.com.br\/index.php\/wp-json\/wp\/v2\/tags?post=24670"}],"curies":[{"name":"wp","href":"https:\/\/api.w.org\/{rel}","templated":true}]}}