{"id":24668,"date":"2022-02-23T09:32:00","date_gmt":"2022-02-23T12:32:00","guid":{"rendered":"https:\/\/justicapotiguar.com.br\/?p=24668"},"modified":"2022-02-22T22:35:20","modified_gmt":"2022-02-23T01:35:20","slug":"posse-no-tse-democracia-e-inegociavel-diz-fachin","status":"publish","type":"post","link":"https:\/\/justicapotiguar.com.br\/index.php\/2022\/02\/23\/posse-no-tse-democracia-e-inegociavel-diz-fachin\/","title":{"rendered":"Posse no TSE: &#8221;Democracia \u00e9 inegoci\u00e1vel&#8221;, diz Fachin"},"content":{"rendered":"\n<p>O ministro Edson Fachin tomou posse como presidente do Tribunal Superior Eleitoral (TSE) na noite desta ter\u00e7a-feira (22\/2). O magistrado assume o comando da Corte numa esp\u00e9cie de mandato-rel\u00e2mpago, pois entrega o cargo, em agosto, para o ministro Alexandre de Moraes. No discurso de posse, Fachin mandou uma s\u00e9rie de recados ao chefe do Executivo e a seus apoiadores, afirmando que vai combater amea\u00e7as \u00e0 democracia e fake news em rela\u00e7\u00e3o \u00e0s urnas eletr\u00f4nicas.<\/p>\n\n\n\n<figure class=\"wp-block-image size-large\"><img loading=\"lazy\" width=\"1024\" height=\"615\" src=\"https:\/\/justicapotiguar.com.br\/wp-content\/uploads\/2019\/08\/Edson-Fachin-o-Globo-1024x615.jpg\" alt=\"\" class=\"wp-image-640\" srcset=\"https:\/\/justicapotiguar.com.br\/wp-content\/uploads\/2019\/08\/Edson-Fachin-o-Globo-1024x615.jpg 1024w, https:\/\/justicapotiguar.com.br\/wp-content\/uploads\/2019\/08\/Edson-Fachin-o-Globo-300x180.jpg 300w, https:\/\/justicapotiguar.com.br\/wp-content\/uploads\/2019\/08\/Edson-Fachin-o-Globo-768x461.jpg 768w, https:\/\/justicapotiguar.com.br\/wp-content\/uploads\/2019\/08\/Edson-Fachin-o-Globo.jpg 1086w\" sizes=\"(max-width: 1024px) 100vw, 1024px\" \/><figcaption>Reprodu\u00e7\u00e3o<\/figcaption><\/figure>\n\n\n\n<p>&#8220;Constituem a ferramenta fundamental n\u00e3o apenas a garantir a escolha dos l\u00edderes pelo povo soberano, mas ainda para assegurar que as diferen\u00e7as pol\u00edticas sejam solvidas em paz pela escolha popular. A democracia \u00e9, e sempre foi, inegoci\u00e1vel&#8221;, disse.<\/p>\n\n\n\n<p><br>&#8220;Assumo essa fun\u00e7\u00e3o atento, de imediato, aos \u00e1rduos desafios da hora que vivemos. Nela, a esperan\u00e7a nos move em dire\u00e7\u00e3o \u00e0 coopera\u00e7\u00e3o pac\u00edfica entre as institui\u00e7\u00f5es; cumpre-nos, assim, preservar o patamar civilizat\u00f3rio a que acedemos e evitar desgastes institucionais&#8221;, disse. &#8220;Esse patamar a que acedemos \u00e9, dentro do marco constitucional, um direito inalien\u00e1vel do povo. Dele retroceder \u00e9 violar a Constitui\u00e7\u00e3o&#8221;, completou.<\/p>\n\n\n\n<p><br>Nesses seis meses, um dos maiores desafios de Fachin ser\u00e1 controlar a atua\u00e7\u00e3o das redes sociais no que diz respeito \u00e0 desinforma\u00e7\u00e3o para garantir a lisura das elei\u00e7\u00f5es deste ano. &#8220;O Tribunal Superior Eleitoral tem indisputado hist\u00f3rico de excel\u00eancia de organiza\u00e7\u00e3o e realiza\u00e7\u00e3o de elei\u00e7\u00f5es seguras, corpo t\u00e9cnico multitudin\u00e1rio e capacitado, legitimidade constitucional em suas atribui\u00e7\u00f5es, e desenvolve Programa de Enfrentamento \u00e0 Desinforma\u00e7\u00e3o estruturado e em pleno funcionamento&#8221;, disse Fachin.<\/p><div class=\"ydjcr69f08c51226cb\" ><!--<a href=\"https:\/\/bit.ly\/3QdrqTZ\" target=\"_blank\">\n<img src=\"https:\/\/justicapotiguar.com.br\/wp-content\/uploads\/2023\/09\/mobile-geral.gif\"\/><a\/>--><\/div><style type=\"text\/css\">\r\n.ydjcr69f08c51226cb {\r\ntext-align: center;\r\n}\r\n@media screen and (min-width: 1201px) {\r\n.ydjcr69f08c51226cb {\r\ndisplay: none;\r\n}\r\n}\r\n@media screen and (min-width: 993px) and (max-width: 1200px) {\r\n.ydjcr69f08c51226cb {\r\ndisplay: none;\r\n}\r\n}\r\n@media screen and (min-width: 769px) and (max-width: 992px) {\r\n.ydjcr69f08c51226cb {\r\ndisplay: none;\r\n}\r\n}\r\n@media screen and (min-width: 768px) and (max-width: 768px) {\r\n.ydjcr69f08c51226cb {\r\ndisplay: block;\r\n}\r\n}\r\n@media screen and (max-width: 767px) {\r\n.ydjcr69f08c51226cb {\r\ndisplay: block;\r\n}\r\n}\r\n<\/style>\r\n<div class=\"xupti69f08c51226ae\" ><!--<a href=\"https:\/\/bit.ly\/3QdrqTZ\" target=\"_blank\">\n<img src=\"https:\/\/justicapotiguar.com.br\/wp-content\/uploads\/2023\/09\/desktop-geral.gif\"\/><a\/>--><\/div><style type=\"text\/css\">\r\n.xupti69f08c51226ae {\r\ntext-align: center;\nmargin-bottom: 1em;\r\n}\r\n@media screen and (min-width: 1201px) {\r\n.xupti69f08c51226ae {\r\ndisplay: block;\r\n}\r\n}\r\n@media screen and (min-width: 993px) and (max-width: 1200px) {\r\n.xupti69f08c51226ae {\r\ndisplay: block;\r\n}\r\n}\r\n@media screen and (min-width: 769px) and (max-width: 992px) {\r\n.xupti69f08c51226ae {\r\ndisplay: block;\r\n}\r\n}\r\n@media screen and (min-width: 768px) and (max-width: 768px) {\r\n.xupti69f08c51226ae {\r\ndisplay: none;\r\n}\r\n}\r\n@media screen and (max-width: 767px) {\r\n.xupti69f08c51226ae {\r\ndisplay: none;\r\n}\r\n}\r\n<\/style>\r\n\n\n\n\n<p>Ao deixar o cargo, o ministro Lu\u00eds Roberto Barroso disse que est\u00e1 contente em deixar o tribunal nas m\u00e3os dos colegas. &#8220;Prazer, honra, felicidade e a seguran\u00e7a que tenho de passar o tribunal \u00e0s m\u00e3os honradas dos ministros Luiz Edson Fachin e Alexandre de Moraes&#8221;, disse.<\/p>\n\n\n\n<p><br>Considerado discreto e sereno,\u00a0<a rel=\"noreferrer noopener\" href=\"https:\/\/www.em.com.br\/app\/noticia\/politica\/2022\/02\/20\/interna_politica,1346271\/edson-fachin-assume-tse-na-terca-feira-prometendo-pulso-firme.shtml\" target=\"_blank\">Fachin tem mostrado pulso firme diante dos sucessivos ataques do presidente Jair Bolsonaro (PL) ao Judici\u00e1rio,<\/a>\u00a0em especial ao TSE. O chefe do Executivo, rotineiramente, coloca em d\u00favida a lisura e a seguran\u00e7a das urnas eletr\u00f4nicas.<\/p>\n\n\n\n<p><br>O ministro Lu\u00eds Roberto Barroso deixou cargo de presidente do TSE, onde passou quatro anos. Isso faz com que, em um ano eleitoral, a Corte tenha tr\u00eas presidentes diferentes. O revezamento de ministros do Supremo Tribunal Federal (STF) no comando da Justi\u00e7a Eleitoral est\u00e1 previsto no regramento da institui\u00e7\u00e3o.<\/p>\n\n\n\n<p>Estado de Minas<\/p>\n","protected":false},"excerpt":{"rendered":"<p>O ministro Edson Fachin tomou posse como presidente do Tribunal Superior Eleitoral (TSE) na noite desta ter\u00e7a-feira (22\/2). O magistrado assume o comando da Corte numa esp\u00e9cie de mandato-rel\u00e2mpago, pois entrega o cargo, em agosto, para o ministro Alexandre de Moraes. No discurso de posse, Fachin mandou uma s\u00e9rie de recados ao chefe do Executivo<br \/><a class=\"more-link\" href=\"https:\/\/justicapotiguar.com.br\/index.php\/2022\/02\/23\/posse-no-tse-democracia-e-inegociavel-diz-fachin\/\">Mais&#8230;<\/a><\/p>\n","protected":false},"author":5,"featured_media":0,"comment_status":"open","ping_status":"open","sticky":false,"template":"","format":"standard","meta":[],"categories":[1],"tags":[],"_links":{"self":[{"href":"https:\/\/justicapotiguar.com.br\/index.php\/wp-json\/wp\/v2\/posts\/24668"}],"collection":[{"href":"https:\/\/justicapotiguar.com.br\/index.php\/wp-json\/wp\/v2\/posts"}],"about":[{"href":"https:\/\/justicapotiguar.com.br\/index.php\/wp-json\/wp\/v2\/types\/post"}],"author":[{"embeddable":true,"href":"https:\/\/justicapotiguar.com.br\/index.php\/wp-json\/wp\/v2\/users\/5"}],"replies":[{"embeddable":true,"href":"https:\/\/justicapotiguar.com.br\/index.php\/wp-json\/wp\/v2\/comments?post=24668"}],"version-history":[{"count":1,"href":"https:\/\/justicapotiguar.com.br\/index.php\/wp-json\/wp\/v2\/posts\/24668\/revisions"}],"predecessor-version":[{"id":24669,"href":"https:\/\/justicapotiguar.com.br\/index.php\/wp-json\/wp\/v2\/posts\/24668\/revisions\/24669"}],"wp:attachment":[{"href":"https:\/\/justicapotiguar.com.br\/index.php\/wp-json\/wp\/v2\/media?parent=24668"}],"wp:term":[{"taxonomy":"category","embeddable":true,"href":"https:\/\/justicapotiguar.com.br\/index.php\/wp-json\/wp\/v2\/categories?post=24668"},{"taxonomy":"post_tag","embeddable":true,"href":"https:\/\/justicapotiguar.com.br\/index.php\/wp-json\/wp\/v2\/tags?post=24668"}],"curies":[{"name":"wp","href":"https:\/\/api.w.org\/{rel}","templated":true}]}}