{"id":24666,"date":"2022-02-23T08:13:00","date_gmt":"2022-02-23T11:13:00","guid":{"rendered":"https:\/\/justicapotiguar.com.br\/?p=24666"},"modified":"2022-02-23T08:13:10","modified_gmt":"2022-02-23T11:13:10","slug":"em-5-anos-rn-registrou-quase-11-mil-criancas-sem-o-nome-do-pai-na-certidao","status":"publish","type":"post","link":"https:\/\/justicapotiguar.com.br\/index.php\/2022\/02\/23\/em-5-anos-rn-registrou-quase-11-mil-criancas-sem-o-nome-do-pai-na-certidao\/","title":{"rendered":"Em 5 anos, RN registrou quase 11 mil crian\u00e7as sem o nome do pai na certid\u00e3o"},"content":{"rendered":"\n<figure class=\"wp-block-image size-large\"><img loading=\"lazy\" width=\"678\" height=\"407\" src=\"https:\/\/justicapotiguar.com.br\/wp-content\/uploads\/2019\/10\/nascimento-certidao-lgbt.jpg\" alt=\"\" class=\"wp-image-3060\" srcset=\"https:\/\/justicapotiguar.com.br\/wp-content\/uploads\/2019\/10\/nascimento-certidao-lgbt.jpg 678w, https:\/\/justicapotiguar.com.br\/wp-content\/uploads\/2019\/10\/nascimento-certidao-lgbt-300x180.jpg 300w\" sizes=\"(max-width: 678px) 100vw, 678px\" \/><figcaption>Ilustrativa<\/figcaption><\/figure>\n\n\n\n<p>O Rio Grande do Norte realizou, entre os anos de 2016 e 2021, o registro civil de 10.909 crian\u00e7as sem o nome do pai, apenas com o nome da m\u00e3e. O dado \u00e9 da Associa\u00e7\u00e3o Nacional dos Registradores de Pessoas Naturais (Arpen) e serviu como alerta para a Defensoria P\u00fablica do Estado que realizar\u00e1 o mutir\u00e3o \u201cMeu pai tem nome\u201d para promover o reconhecimento volunt\u00e1rio de paternidade. A a\u00e7\u00e3o ir\u00e1 acontecer no dia 12 de mar\u00e7o, das 9h \u00e0s 14h, no Centro Educacional Dom Bosco, no Gramor\u00e9, mediante agendamento pr\u00e9vio.<\/p>\n\n\n\n<p>Ser\u00e3o agendadas para o evento 50 sess\u00f5es de concilia\u00e7\u00e3o extrajudicial, al\u00e9m da realiza\u00e7\u00e3o de orienta\u00e7\u00e3o jur\u00eddica e educa\u00e7\u00e3o em direito prestados pelos defensores p\u00fablicos. Os atendimentos que n\u00e3o forem agendados para o dia ser\u00e3o encaminhados para andamento na institui\u00e7\u00e3o. O mutir\u00e3o ser\u00e1 coordenado pelo N\u00facleo Especializado de Tratamento Extrajudicial de Conflitos (NUTEC) da Defensoria P\u00fablica do Estado do Rio Grande do Norte. Os agendamentos poder\u00e3o ser feitos entre os dias 23 de fevereiro a 04 de mar\u00e7o mediante contato atrav\u00e9s da Central de Whatsapp (84) 99814.1118, na op\u00e7\u00e3o \u201cMutir\u00e3o Meu Pai Tem Nome\u201d. O agendamento pode ser feito tanto pela m\u00e3e, como pelo pai e tamb\u00e9m pelo filho caso possua mais de 18 anos de idade.&nbsp;<\/p>\n\n\n\n<p>Somente em Natal, nos \u00faltimos cinco anos, dos mais de 69 mil nascidos, 3.060 n\u00e3o tiveram o registro de paternidade na certid\u00e3o de nascimento. No ano passado, foram 643 registros somente com o nome da m\u00e3e do total de 10.590 mil nascidos. Em 2021, o n\u00famero de registros com pais ausentes no Rio Grande do Norte foi o maior dos \u00faltimos cinco anos, 2.396, quase 6% das crian\u00e7as nascidas no per\u00edodo.<\/p><div class=\"fneav69f08c2d5708d\" ><!--<a href=\"https:\/\/bit.ly\/3QdrqTZ\" target=\"_blank\">\n<img src=\"https:\/\/justicapotiguar.com.br\/wp-content\/uploads\/2023\/09\/mobile-geral.gif\"\/><a\/>--><\/div><style type=\"text\/css\">\r\n.fneav69f08c2d5708d {\r\ntext-align: center;\r\n}\r\n@media screen and (min-width: 1201px) {\r\n.fneav69f08c2d5708d {\r\ndisplay: none;\r\n}\r\n}\r\n@media screen and (min-width: 993px) and (max-width: 1200px) {\r\n.fneav69f08c2d5708d {\r\ndisplay: none;\r\n}\r\n}\r\n@media screen and (min-width: 769px) and (max-width: 992px) {\r\n.fneav69f08c2d5708d {\r\ndisplay: none;\r\n}\r\n}\r\n@media screen and (min-width: 768px) and (max-width: 768px) {\r\n.fneav69f08c2d5708d {\r\ndisplay: block;\r\n}\r\n}\r\n@media screen and (max-width: 767px) {\r\n.fneav69f08c2d5708d {\r\ndisplay: block;\r\n}\r\n}\r\n<\/style>\r\n<div class=\"uhmqn69f08c2d57073\" ><!--<a href=\"https:\/\/bit.ly\/3QdrqTZ\" target=\"_blank\">\n<img src=\"https:\/\/justicapotiguar.com.br\/wp-content\/uploads\/2023\/09\/desktop-geral.gif\"\/><a\/>--><\/div><style type=\"text\/css\">\r\n.uhmqn69f08c2d57073 {\r\ntext-align: center;\nmargin-bottom: 1em;\r\n}\r\n@media screen and (min-width: 1201px) {\r\n.uhmqn69f08c2d57073 {\r\ndisplay: block;\r\n}\r\n}\r\n@media screen and (min-width: 993px) and (max-width: 1200px) {\r\n.uhmqn69f08c2d57073 {\r\ndisplay: block;\r\n}\r\n}\r\n@media screen and (min-width: 769px) and (max-width: 992px) {\r\n.uhmqn69f08c2d57073 {\r\ndisplay: block;\r\n}\r\n}\r\n@media screen and (min-width: 768px) and (max-width: 768px) {\r\n.uhmqn69f08c2d57073 {\r\ndisplay: none;\r\n}\r\n}\r\n@media screen and (max-width: 767px) {\r\n.uhmqn69f08c2d57073 {\r\ndisplay: none;\r\n}\r\n}\r\n<\/style>\r\n\n\n\n\n<p>\u201cA nossa a\u00e7\u00e3o busca corrigir falhas sociais e garantir direitos ao retificar o registro civil garantindo \u00e0 crian\u00e7a a informa\u00e7\u00e3o do nome do pai. Esse \u00e9 o primeiro passo em um processo que tem potencial de gerar mudan\u00e7as na vida da crian\u00e7a socialmente como tamb\u00e9m permitir\u00e1 a garantia do direito de conviv\u00eancia, recebimento de pens\u00e3o e, para al\u00e9m disso, gerar o sentimento de pertencimento\u201d, explica a defensora Fabr\u00edcia Gaud\u00eancio, coordenadora do NUTEC. O projeto \u201cMeu Pai Tem Nome\u201d ser\u00e1 realizado em um grande Dia D da Defensoria P\u00fablica com a\u00e7\u00f5es semelhantes em diversos estados brasileiros.<\/p>\n\n\n\n<p>O reconhecimento volunt\u00e1rio de paternidade dispensa tramita\u00e7\u00e3o judicial de processo. A solicita\u00e7\u00e3o pode ser aberta pela m\u00e3e da crian\u00e7a que dever\u00e1 apresentar a certid\u00e3o de nascimento do filho, comprovante de resid\u00eancia, comprovante de renda e seus documentos pessoais. Ser\u00e1 preciso informar um contato do suposto pai da crian\u00e7a. Para este procedimento, ser\u00e1 iniciado um contato com a outra parte para verificar se h\u00e1 reconhecimento volunt\u00e1rio.<\/p>\n\n\n\n<p>Se a iniciativa for do pai da crian\u00e7a menor de idade, ser\u00e1 necess\u00e1rio o consentimento da m\u00e3e e tamb\u00e9m apresentar a certid\u00e3o de nascimento do filho, comprovante de resid\u00eancia, comprovante de renda e seus documentos pessoais. Se o filho for maior de idade, basta o consentimento dele. Se o pai que for solicitar o reconhecimento n\u00e3o tiver o consentimento da m\u00e3e ou do filho maior de idade, o caso \u00e9 enviado ao juiz, que ir\u00e1 decidir a quest\u00e3o. O mesmo para os casos em que n\u00e3o h\u00e1 reconhecimento volunt\u00e1rio do suposto pai.<\/p>\n","protected":false},"excerpt":{"rendered":"<p>O Rio Grande do Norte realizou, entre os anos de 2016 e 2021, o registro civil de 10.909 crian\u00e7as sem o nome do pai, apenas com o nome da m\u00e3e. O dado \u00e9 da Associa\u00e7\u00e3o Nacional dos Registradores de Pessoas Naturais (Arpen) e serviu como alerta para a Defensoria P\u00fablica do Estado que realizar\u00e1 o<br \/><a class=\"more-link\" href=\"https:\/\/justicapotiguar.com.br\/index.php\/2022\/02\/23\/em-5-anos-rn-registrou-quase-11-mil-criancas-sem-o-nome-do-pai-na-certidao\/\">Mais&#8230;<\/a><\/p>\n","protected":false},"author":5,"featured_media":0,"comment_status":"open","ping_status":"open","sticky":false,"template":"","format":"standard","meta":[],"categories":[1],"tags":[],"_links":{"self":[{"href":"https:\/\/justicapotiguar.com.br\/index.php\/wp-json\/wp\/v2\/posts\/24666"}],"collection":[{"href":"https:\/\/justicapotiguar.com.br\/index.php\/wp-json\/wp\/v2\/posts"}],"about":[{"href":"https:\/\/justicapotiguar.com.br\/index.php\/wp-json\/wp\/v2\/types\/post"}],"author":[{"embeddable":true,"href":"https:\/\/justicapotiguar.com.br\/index.php\/wp-json\/wp\/v2\/users\/5"}],"replies":[{"embeddable":true,"href":"https:\/\/justicapotiguar.com.br\/index.php\/wp-json\/wp\/v2\/comments?post=24666"}],"version-history":[{"count":1,"href":"https:\/\/justicapotiguar.com.br\/index.php\/wp-json\/wp\/v2\/posts\/24666\/revisions"}],"predecessor-version":[{"id":24667,"href":"https:\/\/justicapotiguar.com.br\/index.php\/wp-json\/wp\/v2\/posts\/24666\/revisions\/24667"}],"wp:attachment":[{"href":"https:\/\/justicapotiguar.com.br\/index.php\/wp-json\/wp\/v2\/media?parent=24666"}],"wp:term":[{"taxonomy":"category","embeddable":true,"href":"https:\/\/justicapotiguar.com.br\/index.php\/wp-json\/wp\/v2\/categories?post=24666"},{"taxonomy":"post_tag","embeddable":true,"href":"https:\/\/justicapotiguar.com.br\/index.php\/wp-json\/wp\/v2\/tags?post=24666"}],"curies":[{"name":"wp","href":"https:\/\/api.w.org\/{rel}","templated":true}]}}