{"id":24612,"date":"2022-02-18T15:34:37","date_gmt":"2022-02-18T18:34:37","guid":{"rendered":"https:\/\/justicapotiguar.com.br\/?p=24612"},"modified":"2022-02-18T15:34:37","modified_gmt":"2022-02-18T18:34:37","slug":"acusados-de-tentativa-de-roubo-sao-condenados-pela-vara-criminal-de-goianinha","status":"publish","type":"post","link":"https:\/\/justicapotiguar.com.br\/index.php\/2022\/02\/18\/acusados-de-tentativa-de-roubo-sao-condenados-pela-vara-criminal-de-goianinha\/","title":{"rendered":"Acusados de tentativa de roubo s\u00e3o condenados pela Vara Criminal de Goianinha"},"content":{"rendered":"\n<p>A Vara \u00danica da comarca de Goianinha condenou tr\u00eas homens por tentativa de roubo com uso de arma de fogo, ocorrida em outubro de 2015, em uma loja no centro da cidade. Pelos crimes cometidos, os demandados receberam penas estabelecidas entre dois anos e sete meses de reclus\u00e3o e&nbsp;nove anos e nove meses de reclus\u00e3o.<\/p>\n\n\n\n<p>Conforme consta no processo, os demandados, mediante grave amea\u00e7a, tentaram subtrair v\u00e1rias pe\u00e7as de ouro no estabelecimento de um empres\u00e1rio da cidade, mas o delito foi interrompido pela a\u00e7\u00e3o de policiais militares que estavam pr\u00f3ximos ao local.<\/p>\n\n\n\n<p>Ao analisar o processo, a ju\u00edza Maria Viana frisou inicialmente que a ocorr\u00eancia do crime, chamada tecnicamente de materialidade, ficou comprovada por meio de dados obtidos no &#8220;relat\u00f3rio de atividade t\u00e9cnica em aparelhos celulares dos envolvidos, bem como depoimentos das testemunhas e a pr\u00f3pria confiss\u00e3o de dois dos acusados&#8221;.&nbsp;<\/p>\n\n\n\n<p>Quanto \u00e0 autoria das condutas, segundo a magistrada, ficou &#8220;demonstrada notadamente pelos depoimentos da v\u00edtima e testemunhas, as quais reconheceram um dos denunciados em posse de uma arma de fogo&#8221;. Al\u00e9m disso, foi apurado que esse demandado &#8220;foi abordado pelos policiais militares antes de sacar a arma de sua cintura e antes que ele deixasse o local na posse dos bens subtra\u00eddos&#8221;.<\/p><div class=\"idafv69f0777e6c9e2\" ><!--<a href=\"https:\/\/bit.ly\/3QdrqTZ\" target=\"_blank\">\n<img src=\"https:\/\/justicapotiguar.com.br\/wp-content\/uploads\/2023\/09\/mobile-geral.gif\"\/><a\/>--><\/div><style type=\"text\/css\">\r\n.idafv69f0777e6c9e2 {\r\ntext-align: center;\r\n}\r\n@media screen and (min-width: 1201px) {\r\n.idafv69f0777e6c9e2 {\r\ndisplay: none;\r\n}\r\n}\r\n@media screen and (min-width: 993px) and (max-width: 1200px) {\r\n.idafv69f0777e6c9e2 {\r\ndisplay: none;\r\n}\r\n}\r\n@media screen and (min-width: 769px) and (max-width: 992px) {\r\n.idafv69f0777e6c9e2 {\r\ndisplay: none;\r\n}\r\n}\r\n@media screen and (min-width: 768px) and (max-width: 768px) {\r\n.idafv69f0777e6c9e2 {\r\ndisplay: block;\r\n}\r\n}\r\n@media screen and (max-width: 767px) {\r\n.idafv69f0777e6c9e2 {\r\ndisplay: block;\r\n}\r\n}\r\n<\/style>\r\n<div class=\"dnwhe69f0777e6c9ce\" ><!--<a href=\"https:\/\/bit.ly\/3QdrqTZ\" target=\"_blank\">\n<img src=\"https:\/\/justicapotiguar.com.br\/wp-content\/uploads\/2023\/09\/desktop-geral.gif\"\/><a\/>--><\/div><style type=\"text\/css\">\r\n.dnwhe69f0777e6c9ce {\r\ntext-align: center;\nmargin-bottom: 1em;\r\n}\r\n@media screen and (min-width: 1201px) {\r\n.dnwhe69f0777e6c9ce {\r\ndisplay: block;\r\n}\r\n}\r\n@media screen and (min-width: 993px) and (max-width: 1200px) {\r\n.dnwhe69f0777e6c9ce {\r\ndisplay: block;\r\n}\r\n}\r\n@media screen and (min-width: 769px) and (max-width: 992px) {\r\n.dnwhe69f0777e6c9ce {\r\ndisplay: block;\r\n}\r\n}\r\n@media screen and (min-width: 768px) and (max-width: 768px) {\r\n.dnwhe69f0777e6c9ce {\r\ndisplay: none;\r\n}\r\n}\r\n@media screen and (max-width: 767px) {\r\n.dnwhe69f0777e6c9ce {\r\ndisplay: none;\r\n}\r\n}\r\n<\/style>\r\n\n\n\n\n<figure class=\"wp-block-image size-large\"><img loading=\"lazy\" width=\"640\" height=\"413\" src=\"https:\/\/justicapotiguar.com.br\/wp-content\/uploads\/2019\/08\/Martelo-da-justi\u00e7a.jpg\" alt=\"\" class=\"wp-image-77\" srcset=\"https:\/\/justicapotiguar.com.br\/wp-content\/uploads\/2019\/08\/Martelo-da-justi\u00e7a.jpg 640w, https:\/\/justicapotiguar.com.br\/wp-content\/uploads\/2019\/08\/Martelo-da-justi\u00e7a-300x194.jpg 300w\" sizes=\"(max-width: 640px) 100vw, 640px\" \/><figcaption>Ilustrativa<\/figcaption><\/figure>\n\n\n\n<p>Os dados obtidos tamb\u00e9m apontaram que um outro r\u00e9u &#8220;planejou todo o assalto, sendo o autor intelectual do delito e preparando toda a &#8216;log\u00edstica&#8217; do evento criminoso&#8221;, tendo sido ele quem &#8220;levantou informa\u00e7\u00f5es sobre a loja e seu funcionamento&#8221;. E Por fim, um terceiro r\u00e9u ficou respons\u00e1vel por guiar o ve\u00edculo para a cena do crime, fato que \u00e9 confirmado pela vers\u00e3o dos demais acusados.<\/p>\n\n\n\n<p>Al\u00e9m disso, no decorrer da a\u00e7\u00e3o policial foi encontrada uma quantidade significativa de subst\u00e2ncias ilegais na casa do r\u00e9u respons\u00e1vel pelo planejamento da a\u00e7\u00e3o criminosa. Assim, ao apreciar as provas produzidas, &#8220;tanto na fase policial, como na judicial constatou-se de forma clara e segura que o acusado guardava em sua resid\u00eancia drogas variadas&#8221;, sendo identificadas &#8220;as subst\u00e2ncias entorpecentes conhecidas como maconha, coca\u00edna e &#8216;crack&#8217;, as quais n\u00e3o eram destinadas a consumo pessoal&#8221;.<\/p>\n\n\n\n<p>Em seguida, a magistrada estabeleceu as penas aplic\u00e1veis aos criminosos na parte final da senten\u00e7a, chamada dispositivo, fixando em tr\u00eas anos e quatro meses de reclus\u00e3o a penalidade do r\u00e9u que tentou subtrair os bens usando arma de fogo. J\u00e1 o r\u00e9u respons\u00e1vel por dirigir o ve\u00edculo recebeu a pena de dois anos e sete meses de reclus\u00e3o. E o autor intelectual do crime ficou com a pena maior, de nove anos e nove meses de reclus\u00e3o, em raz\u00e3o de ter sido apenado tamb\u00e9m pelo crime de tr\u00e1fico de drogas.<\/p>\n\n\n\n<p><strong>(Processo n\u00ba 0101528-66.2015.8.20.0116)<\/strong><\/p>\n","protected":false},"excerpt":{"rendered":"<p>A Vara \u00danica da comarca de Goianinha condenou tr\u00eas homens por tentativa de roubo com uso de arma de fogo, ocorrida em outubro de 2015, em uma loja no centro da cidade. Pelos crimes cometidos, os demandados receberam penas estabelecidas entre dois anos e sete meses de reclus\u00e3o e&nbsp;nove anos e nove meses de reclus\u00e3o.<br \/><a class=\"more-link\" href=\"https:\/\/justicapotiguar.com.br\/index.php\/2022\/02\/18\/acusados-de-tentativa-de-roubo-sao-condenados-pela-vara-criminal-de-goianinha\/\">Mais&#8230;<\/a><\/p>\n","protected":false},"author":5,"featured_media":0,"comment_status":"open","ping_status":"open","sticky":false,"template":"","format":"standard","meta":[],"categories":[1],"tags":[],"_links":{"self":[{"href":"https:\/\/justicapotiguar.com.br\/index.php\/wp-json\/wp\/v2\/posts\/24612"}],"collection":[{"href":"https:\/\/justicapotiguar.com.br\/index.php\/wp-json\/wp\/v2\/posts"}],"about":[{"href":"https:\/\/justicapotiguar.com.br\/index.php\/wp-json\/wp\/v2\/types\/post"}],"author":[{"embeddable":true,"href":"https:\/\/justicapotiguar.com.br\/index.php\/wp-json\/wp\/v2\/users\/5"}],"replies":[{"embeddable":true,"href":"https:\/\/justicapotiguar.com.br\/index.php\/wp-json\/wp\/v2\/comments?post=24612"}],"version-history":[{"count":1,"href":"https:\/\/justicapotiguar.com.br\/index.php\/wp-json\/wp\/v2\/posts\/24612\/revisions"}],"predecessor-version":[{"id":24613,"href":"https:\/\/justicapotiguar.com.br\/index.php\/wp-json\/wp\/v2\/posts\/24612\/revisions\/24613"}],"wp:attachment":[{"href":"https:\/\/justicapotiguar.com.br\/index.php\/wp-json\/wp\/v2\/media?parent=24612"}],"wp:term":[{"taxonomy":"category","embeddable":true,"href":"https:\/\/justicapotiguar.com.br\/index.php\/wp-json\/wp\/v2\/categories?post=24612"},{"taxonomy":"post_tag","embeddable":true,"href":"https:\/\/justicapotiguar.com.br\/index.php\/wp-json\/wp\/v2\/tags?post=24612"}],"curies":[{"name":"wp","href":"https:\/\/api.w.org\/{rel}","templated":true}]}}