{"id":24605,"date":"2022-02-18T10:50:00","date_gmt":"2022-02-18T13:50:00","guid":{"rendered":"https:\/\/justicapotiguar.com.br\/?p=24605"},"modified":"2022-02-18T10:49:31","modified_gmt":"2022-02-18T13:49:31","slug":"defensoria-publica-entra-com-acao-para-adequar-edital-do-concurso-da-pm-e-pede-prorrogacao-de-inscricoes","status":"publish","type":"post","link":"https:\/\/justicapotiguar.com.br\/index.php\/2022\/02\/18\/defensoria-publica-entra-com-acao-para-adequar-edital-do-concurso-da-pm-e-pede-prorrogacao-de-inscricoes\/","title":{"rendered":"Defensoria P\u00fablica entra com a\u00e7\u00e3o para adequar edital do concurso da PM e pede prorroga\u00e7\u00e3o de inscri\u00e7\u00f5es"},"content":{"rendered":"\n<p>A Defensoria P\u00fablica do Estado do Rio Grande do Norte (DPE\/RN) prop\u00f4s, nesta quinta-feira (17), uma A\u00e7\u00e3o Civil P\u00fablica com o objetivo de adequar cl\u00e1usulas previstas no Edital para sele\u00e7\u00e3o de Oficiais de Sa\u00fade da Pol\u00edcia Militar. O pedido inclui a prorroga\u00e7\u00e3o do prazo de inscri\u00e7\u00e3o, por, no m\u00ednimo, mais 30 dias, amplia\u00e7\u00e3o do prazo para solicita\u00e7\u00e3o de isen\u00e7\u00e3o e ainda ajuste nas regras para participa\u00e7\u00e3o de pessoas com defici\u00eancia, al\u00e9m da exclus\u00e3o dos limites et\u00e1rios e de altura m\u00ednima para os candidatos.<\/p>\n\n\n\n<p>A identifica\u00e7\u00e3o das irregularidades no Edital foi apontada em reclama\u00e7\u00f5es formalizadas \u00e0 Defensoria P\u00fablica por pretensos candidatos ao certame. Em an\u00e1lise do Edital, a institui\u00e7\u00e3o constatou, por exemplo, que n\u00e3o h\u00e1 previs\u00e3o de reserva de vagas para pessoas com defici\u00eancia, o que contraria norma expressa da Constitui\u00e7\u00e3o Federal e entendimento consolidado pelo Supremo Tribunal Federal. Al\u00e9m disso, restou constatado que o Edital prev\u00ea limita\u00e7\u00e3o et\u00e1ria ao estabelecer que apenas pessoas nascidas a partir de 1986 podem se inscrever no concurso e altura m\u00ednima para os candidatos do sexo masculino e feminino. Restri\u00e7\u00f5es essas que n\u00e3o guardam correla\u00e7\u00e3o com as atribui\u00e7\u00f5es dos cargos de oficiais de sa\u00fade da pol\u00edcia militar e que contraria a s\u00famula 683 do Supremo Tribunal Federal.<\/p>\n\n\n\n<p>A DPE\/RN verificou ainda que no Edital foram listados 180 tipos de doen\u00e7as (condi\u00e7\u00f5es cl\u00ednicas de sa\u00fade) que, por si s\u00f3, gerariam a presun\u00e7\u00e3o de que o candidato n\u00e3o estaria apto ao exerc\u00edcio do cargo. \u201cLimita\u00e7\u00f5es estas que n\u00e3o est\u00e3o previstas em lei e que n\u00e3o necessariamente geram incapacidade f\u00edsica ou ps\u00edquica que impe\u00e7a o exerc\u00edcio das atribui\u00e7\u00f5es previstas para os cargos de oficiais de sa\u00fade da pol\u00edcia militar\u201d, registra a a\u00e7\u00e3o. Dentre as condi\u00e7\u00f5es de sa\u00fade excludentes encontra-se, por exemplo, a diabetes, doen\u00e7a que atinge grande parte da popula\u00e7\u00e3o brasileira e que, por si s\u00f3, n\u00e3o gera incapacidade f\u00edsica.<\/p>\n\n\n\n<figure class=\"wp-block-image size-large\"><img loading=\"lazy\" width=\"1024\" height=\"683\" src=\"https:\/\/justicapotiguar.com.br\/wp-content\/uploads\/2020\/03\/policia-militar-1024x683.jpg\" alt=\"\" class=\"wp-image-7103\" srcset=\"https:\/\/justicapotiguar.com.br\/wp-content\/uploads\/2020\/03\/policia-militar.jpg 1024w, https:\/\/justicapotiguar.com.br\/wp-content\/uploads\/2020\/03\/policia-militar-300x200.jpg 300w, https:\/\/justicapotiguar.com.br\/wp-content\/uploads\/2020\/03\/policia-militar-768x512.jpg 768w\" sizes=\"(max-width: 1024px) 100vw, 1024px\" \/><figcaption>Ilustrativa<\/figcaption><\/figure>\n\n\n\n<p>Antes da propositura da a\u00e7\u00e3o, a Defensoria P\u00fablica realizou reuni\u00f5es extrajudiciais com membros da Comiss\u00e3o do Concurso e com a Procuradoria Geral do Estado. No entanto, n\u00e3o foi poss\u00edvel uma composi\u00e7\u00e3o consensual da demanda ante a justificativa de que os militares possuem regime pr\u00f3prio na Constitui\u00e7\u00e3o federal. O argumento, no entendimento da Defensoria P\u00fablica, n\u00e3o justifica a n\u00e3o observ\u00e2ncia dos direitos e garantias fundamentais das pessoas com defici\u00eancia e dos demais candidatos previstos na Constitui\u00e7\u00e3o Federal, na legisla\u00e7\u00e3o nacional e nos entendimentos do Supremo Tribunal Federal.<\/p><div class=\"docmt69f090f67e709\" ><!--<a href=\"https:\/\/bit.ly\/3QdrqTZ\" target=\"_blank\">\n<img src=\"https:\/\/justicapotiguar.com.br\/wp-content\/uploads\/2023\/09\/mobile-geral.gif\"\/><a\/>--><\/div><style type=\"text\/css\">\r\n.docmt69f090f67e709 {\r\ntext-align: center;\r\n}\r\n@media screen and (min-width: 1201px) {\r\n.docmt69f090f67e709 {\r\ndisplay: none;\r\n}\r\n}\r\n@media screen and (min-width: 993px) and (max-width: 1200px) {\r\n.docmt69f090f67e709 {\r\ndisplay: none;\r\n}\r\n}\r\n@media screen and (min-width: 769px) and (max-width: 992px) {\r\n.docmt69f090f67e709 {\r\ndisplay: none;\r\n}\r\n}\r\n@media screen and (min-width: 768px) and (max-width: 768px) {\r\n.docmt69f090f67e709 {\r\ndisplay: block;\r\n}\r\n}\r\n@media screen and (max-width: 767px) {\r\n.docmt69f090f67e709 {\r\ndisplay: block;\r\n}\r\n}\r\n<\/style>\r\n<div class=\"emrmx69f090f67e6e8\" ><!--<a href=\"https:\/\/bit.ly\/3QdrqTZ\" target=\"_blank\">\n<img src=\"https:\/\/justicapotiguar.com.br\/wp-content\/uploads\/2023\/09\/desktop-geral.gif\"\/><a\/>--><\/div><style type=\"text\/css\">\r\n.emrmx69f090f67e6e8 {\r\ntext-align: center;\nmargin-bottom: 1em;\r\n}\r\n@media screen and (min-width: 1201px) {\r\n.emrmx69f090f67e6e8 {\r\ndisplay: block;\r\n}\r\n}\r\n@media screen and (min-width: 993px) and (max-width: 1200px) {\r\n.emrmx69f090f67e6e8 {\r\ndisplay: block;\r\n}\r\n}\r\n@media screen and (min-width: 769px) and (max-width: 992px) {\r\n.emrmx69f090f67e6e8 {\r\ndisplay: block;\r\n}\r\n}\r\n@media screen and (min-width: 768px) and (max-width: 768px) {\r\n.emrmx69f090f67e6e8 {\r\ndisplay: none;\r\n}\r\n}\r\n@media screen and (max-width: 767px) {\r\n.emrmx69f090f67e6e8 {\r\ndisplay: none;\r\n}\r\n}\r\n<\/style>\r\n\n\n\n\n<p>Na a\u00e7\u00e3o, a institui\u00e7\u00e3o registra ainda que editais para ingresso na Pol\u00edcia Militar de outros estados da federa\u00e7\u00e3o j\u00e1 foram adaptados para contemplar a reserva de vagas para pessoas com defici\u00eancia, a exemplo do Edital n\u00ba 1 \u2013 PM\/MA, de 29 de setembro de 2017. \u201cO que n\u00e3o se pode admitir \u00e9 que os promovidos justifiquem a aus\u00eancia de reserva de vagas para pessoas com defici\u00eancia com base em uma lei estadual flagrantemente inconstitucional, discriminat\u00f3ria, fundada na alegativa gen\u00e9rica de incompatibilidade de qualquer tipo de defici\u00eancia para os cargos, sem ao menos considerar que existem diversos graus de defici\u00eancia que possibilitam o desempenho da atribui\u00e7\u00e3o dos cargos em quest\u00e3o e que essa possibilidade deve ser avaliada por uma equipe multidisciplinar que avalie crit\u00e9rios biopsicossociais\u201d, registra a ACP.<\/p>\n\n\n\n<p>A ACP tamb\u00e9m busca a promo\u00e7\u00e3o de adapta\u00e7\u00f5es de provas e uso de tecnologias assistivas durante todas as fases do concurso. Entre as medidas, estaria a necessidade de designa\u00e7\u00e3o de uma equipe multidisciplinar para realiza\u00e7\u00e3o da avalia\u00e7\u00e3o dos candidatos com defici\u00eancia durante as fases do certame. Tal equipe seria tamb\u00e9m respons\u00e1vel por avaliar a compatibilidade ou n\u00e3o da defici\u00eancia com as atribui\u00e7\u00f5es do cargo para o qual o candidato esteja inscrito.<\/p>\n\n\n\n<p>Processo N\u00ba 0807997.35.2022.8.20.5001<\/p>\n","protected":false},"excerpt":{"rendered":"<p>A Defensoria P\u00fablica do Estado do Rio Grande do Norte (DPE\/RN) prop\u00f4s, nesta quinta-feira (17), uma A\u00e7\u00e3o Civil P\u00fablica com o objetivo de adequar cl\u00e1usulas previstas no Edital para sele\u00e7\u00e3o de Oficiais de Sa\u00fade da Pol\u00edcia Militar. O pedido inclui a prorroga\u00e7\u00e3o do prazo de inscri\u00e7\u00e3o, por, no m\u00ednimo, mais 30 dias, amplia\u00e7\u00e3o do prazo<br \/><a class=\"more-link\" href=\"https:\/\/justicapotiguar.com.br\/index.php\/2022\/02\/18\/defensoria-publica-entra-com-acao-para-adequar-edital-do-concurso-da-pm-e-pede-prorrogacao-de-inscricoes\/\">Mais&#8230;<\/a><\/p>\n","protected":false},"author":5,"featured_media":0,"comment_status":"open","ping_status":"open","sticky":false,"template":"","format":"standard","meta":[],"categories":[1],"tags":[],"_links":{"self":[{"href":"https:\/\/justicapotiguar.com.br\/index.php\/wp-json\/wp\/v2\/posts\/24605"}],"collection":[{"href":"https:\/\/justicapotiguar.com.br\/index.php\/wp-json\/wp\/v2\/posts"}],"about":[{"href":"https:\/\/justicapotiguar.com.br\/index.php\/wp-json\/wp\/v2\/types\/post"}],"author":[{"embeddable":true,"href":"https:\/\/justicapotiguar.com.br\/index.php\/wp-json\/wp\/v2\/users\/5"}],"replies":[{"embeddable":true,"href":"https:\/\/justicapotiguar.com.br\/index.php\/wp-json\/wp\/v2\/comments?post=24605"}],"version-history":[{"count":1,"href":"https:\/\/justicapotiguar.com.br\/index.php\/wp-json\/wp\/v2\/posts\/24605\/revisions"}],"predecessor-version":[{"id":24606,"href":"https:\/\/justicapotiguar.com.br\/index.php\/wp-json\/wp\/v2\/posts\/24605\/revisions\/24606"}],"wp:attachment":[{"href":"https:\/\/justicapotiguar.com.br\/index.php\/wp-json\/wp\/v2\/media?parent=24605"}],"wp:term":[{"taxonomy":"category","embeddable":true,"href":"https:\/\/justicapotiguar.com.br\/index.php\/wp-json\/wp\/v2\/categories?post=24605"},{"taxonomy":"post_tag","embeddable":true,"href":"https:\/\/justicapotiguar.com.br\/index.php\/wp-json\/wp\/v2\/tags?post=24605"}],"curies":[{"name":"wp","href":"https:\/\/api.w.org\/{rel}","templated":true}]}}