{"id":24600,"date":"2022-02-18T10:34:55","date_gmt":"2022-02-18T13:34:55","guid":{"rendered":"https:\/\/justicapotiguar.com.br\/?p=24600"},"modified":"2022-02-18T10:34:55","modified_gmt":"2022-02-18T13:34:55","slug":"juizados-2a-turma-recursal-permanente-sera-instalada-em-3-de-marco","status":"publish","type":"post","link":"https:\/\/justicapotiguar.com.br\/index.php\/2022\/02\/18\/juizados-2a-turma-recursal-permanente-sera-instalada-em-3-de-marco\/","title":{"rendered":"Juizados: 2\u00aa Turma Recursal Permanente ser\u00e1 instalada em 3 de mar\u00e7o"},"content":{"rendered":"\n<p>A Presid\u00eancia do Tribunal de Justi\u00e7a do RN e a Corregedoria Geral de Justi\u00e7a editaram Portaria Conjunta que determina a instala\u00e7\u00e3o da 2\u00aa Turma Recursal dos Juizados Especiais do Rio Grande do Norte para o pr\u00f3ximo dia 3 de mar\u00e7o. Atualmente, os Juizados contam com a 1\u00aa Turma Recursal (instalada em agosto de 2020) e duas Turmas Tempor\u00e1rias.<\/p>\n\n\n\n<figure class=\"wp-block-image size-large\"><img loading=\"lazy\" width=\"860\" height=\"645\" src=\"https:\/\/justicapotiguar.com.br\/wp-content\/uploads\/2019\/08\/TJRN-01-1.jpg\" alt=\"\" class=\"wp-image-497\" srcset=\"https:\/\/justicapotiguar.com.br\/wp-content\/uploads\/2019\/08\/TJRN-01-1.jpg 860w, https:\/\/justicapotiguar.com.br\/wp-content\/uploads\/2019\/08\/TJRN-01-1-300x225.jpg 300w, https:\/\/justicapotiguar.com.br\/wp-content\/uploads\/2019\/08\/TJRN-01-1-768x576.jpg 768w\" sizes=\"(max-width: 860px) 100vw, 860px\" \/><\/figure>\n\n\n\n<p>Esses colegiados s\u00e3o respons\u00e1veis pela aprecia\u00e7\u00e3o de recursos interpostos contra decis\u00f5es dos Ju\u00edzos dos Juizados Especiais C\u00edveis, Criminais e da Fazenda P\u00fablica de todo o Estado.<\/p><div class=\"nsmku69f05e4b99a01\" ><!--<a href=\"https:\/\/bit.ly\/3QdrqTZ\" target=\"_blank\">\n<img src=\"https:\/\/justicapotiguar.com.br\/wp-content\/uploads\/2023\/09\/mobile-geral.gif\"\/><a\/>--><\/div><style type=\"text\/css\">\r\n.nsmku69f05e4b99a01 {\r\ntext-align: center;\r\n}\r\n@media screen and (min-width: 1201px) {\r\n.nsmku69f05e4b99a01 {\r\ndisplay: none;\r\n}\r\n}\r\n@media screen and (min-width: 993px) and (max-width: 1200px) {\r\n.nsmku69f05e4b99a01 {\r\ndisplay: none;\r\n}\r\n}\r\n@media screen and (min-width: 769px) and (max-width: 992px) {\r\n.nsmku69f05e4b99a01 {\r\ndisplay: none;\r\n}\r\n}\r\n@media screen and (min-width: 768px) and (max-width: 768px) {\r\n.nsmku69f05e4b99a01 {\r\ndisplay: block;\r\n}\r\n}\r\n@media screen and (max-width: 767px) {\r\n.nsmku69f05e4b99a01 {\r\ndisplay: block;\r\n}\r\n}\r\n<\/style>\r\n<div class=\"bmfgc69f05e4b999e4\" ><!--<a href=\"https:\/\/bit.ly\/3QdrqTZ\" target=\"_blank\">\n<img src=\"https:\/\/justicapotiguar.com.br\/wp-content\/uploads\/2023\/09\/desktop-geral.gif\"\/><a\/>--><\/div><style type=\"text\/css\">\r\n.bmfgc69f05e4b999e4 {\r\ntext-align: center;\nmargin-bottom: 1em;\r\n}\r\n@media screen and (min-width: 1201px) {\r\n.bmfgc69f05e4b999e4 {\r\ndisplay: block;\r\n}\r\n}\r\n@media screen and (min-width: 993px) and (max-width: 1200px) {\r\n.bmfgc69f05e4b999e4 {\r\ndisplay: block;\r\n}\r\n}\r\n@media screen and (min-width: 769px) and (max-width: 992px) {\r\n.bmfgc69f05e4b999e4 {\r\ndisplay: block;\r\n}\r\n}\r\n@media screen and (min-width: 768px) and (max-width: 768px) {\r\n.bmfgc69f05e4b999e4 {\r\ndisplay: none;\r\n}\r\n}\r\n@media screen and (max-width: 767px) {\r\n.bmfgc69f05e4b999e4 {\r\ndisplay: none;\r\n}\r\n}\r\n<\/style>\r\n\n\n\n\n<p>De acordo com a Portaria Conjunta n\u00ba 6\/2022, a 2\u00aa Turma dever\u00e1 receber 50% do acervo de processos ativos da 1\u00aa Turma Recursal Permanente, o que corresponde a cerca de 8.800 processos. A nova unidade ser\u00e1 formada por tr\u00eas componentes, a serem definidos em processo de remo\u00e7\u00e3o entre os ju\u00edzes e ju\u00edzas de entr\u00e2ncia final.<\/p>\n\n\n\n<p>A 1\u00aa Turma Recursal foi instalada no dia 24 de agosto de 2020 e tem como membros permanentes do colegiado a ju\u00edza Sandra Elali (presidente) e os ju\u00edzes M\u00e1dson Ottoni e Ricardo Proc\u00f3pio.<\/p>\n","protected":false},"excerpt":{"rendered":"<p>A Presid\u00eancia do Tribunal de Justi\u00e7a do RN e a Corregedoria Geral de Justi\u00e7a editaram Portaria Conjunta que determina a instala\u00e7\u00e3o da 2\u00aa Turma Recursal dos Juizados Especiais do Rio Grande do Norte para o pr\u00f3ximo dia 3 de mar\u00e7o. Atualmente, os Juizados contam com a 1\u00aa Turma Recursal (instalada em agosto de 2020) e<br \/><a class=\"more-link\" href=\"https:\/\/justicapotiguar.com.br\/index.php\/2022\/02\/18\/juizados-2a-turma-recursal-permanente-sera-instalada-em-3-de-marco\/\">Mais&#8230;<\/a><\/p>\n","protected":false},"author":5,"featured_media":0,"comment_status":"open","ping_status":"open","sticky":false,"template":"","format":"standard","meta":[],"categories":[1],"tags":[],"_links":{"self":[{"href":"https:\/\/justicapotiguar.com.br\/index.php\/wp-json\/wp\/v2\/posts\/24600"}],"collection":[{"href":"https:\/\/justicapotiguar.com.br\/index.php\/wp-json\/wp\/v2\/posts"}],"about":[{"href":"https:\/\/justicapotiguar.com.br\/index.php\/wp-json\/wp\/v2\/types\/post"}],"author":[{"embeddable":true,"href":"https:\/\/justicapotiguar.com.br\/index.php\/wp-json\/wp\/v2\/users\/5"}],"replies":[{"embeddable":true,"href":"https:\/\/justicapotiguar.com.br\/index.php\/wp-json\/wp\/v2\/comments?post=24600"}],"version-history":[{"count":1,"href":"https:\/\/justicapotiguar.com.br\/index.php\/wp-json\/wp\/v2\/posts\/24600\/revisions"}],"predecessor-version":[{"id":24602,"href":"https:\/\/justicapotiguar.com.br\/index.php\/wp-json\/wp\/v2\/posts\/24600\/revisions\/24602"}],"wp:attachment":[{"href":"https:\/\/justicapotiguar.com.br\/index.php\/wp-json\/wp\/v2\/media?parent=24600"}],"wp:term":[{"taxonomy":"category","embeddable":true,"href":"https:\/\/justicapotiguar.com.br\/index.php\/wp-json\/wp\/v2\/categories?post=24600"},{"taxonomy":"post_tag","embeddable":true,"href":"https:\/\/justicapotiguar.com.br\/index.php\/wp-json\/wp\/v2\/tags?post=24600"}],"curies":[{"name":"wp","href":"https:\/\/api.w.org\/{rel}","templated":true}]}}