{"id":24597,"date":"2022-02-18T08:19:00","date_gmt":"2022-02-18T11:19:00","guid":{"rendered":"https:\/\/justicapotiguar.com.br\/?p=24597"},"modified":"2022-02-17T22:51:34","modified_gmt":"2022-02-18T01:51:34","slug":"aras-contraria-pf-e-diz-que-bolsonaro-nao-cometeu-crime-ao-vazar-inquerito","status":"publish","type":"post","link":"https:\/\/justicapotiguar.com.br\/index.php\/2022\/02\/18\/aras-contraria-pf-e-diz-que-bolsonaro-nao-cometeu-crime-ao-vazar-inquerito\/","title":{"rendered":"Aras contraria PF e diz que Bolsonaro n\u00e3o cometeu crime ao vazar inqu\u00e9rito"},"content":{"rendered":"\n<figure class=\"wp-block-image size-large\"><img loading=\"lazy\" width=\"1024\" height=\"683\" src=\"https:\/\/justicapotiguar.com.br\/wp-content\/uploads\/2020\/05\/aras-interna-1024x683.jpg\" alt=\"\" class=\"wp-image-10114\" srcset=\"https:\/\/justicapotiguar.com.br\/wp-content\/uploads\/2020\/05\/aras-interna-1024x683.jpg 1024w, https:\/\/justicapotiguar.com.br\/wp-content\/uploads\/2020\/05\/aras-interna-300x200.jpg 300w, https:\/\/justicapotiguar.com.br\/wp-content\/uploads\/2020\/05\/aras-interna-768x512.jpg 768w, https:\/\/justicapotiguar.com.br\/wp-content\/uploads\/2020\/05\/aras-interna.jpg 1200w\" sizes=\"(max-width: 1024px) 100vw, 1024px\" \/><figcaption>Reprodu\u00e7\u00e3o<\/figcaption><\/figure>\n\n\n\n<p>O procurador-geral da Rep\u00fablica,&nbsp;Augusto Aras, pediu ao&nbsp;Supremo Tribunal Federal (STF)&nbsp;o arquivamento do inqu\u00e9rito contra o presidente&nbsp;Jair Bolsonaro (PL)&nbsp;que apura o&nbsp;vazamento de dados de uma investiga\u00e7\u00e3o envolvendo o Tribunal Superior Eleitoral (TSE).<\/p>\n\n\n\n<p>Em agosto do ano passado, Bolsonaro divulgou nas redes sociais a \u00edntegra de um inqu\u00e9rito da&nbsp;Pol\u00edcia Federal (PF)&nbsp;sobre uma suposta invas\u00e3o a sistemas e bancos de dados do TSE, que tramitava na Corte desde 2018 em conjunto com uma investiga\u00e7\u00e3o da pr\u00f3pria PF.<\/p><div class=\"cqxfi69f05e4b98fe5\" ><!--<a href=\"https:\/\/bit.ly\/3QdrqTZ\" target=\"_blank\">\n<img src=\"https:\/\/justicapotiguar.com.br\/wp-content\/uploads\/2023\/09\/mobile-geral.gif\"\/><a\/>--><\/div><style type=\"text\/css\">\r\n.cqxfi69f05e4b98fe5 {\r\ntext-align: center;\r\n}\r\n@media screen and (min-width: 1201px) {\r\n.cqxfi69f05e4b98fe5 {\r\ndisplay: none;\r\n}\r\n}\r\n@media screen and (min-width: 993px) and (max-width: 1200px) {\r\n.cqxfi69f05e4b98fe5 {\r\ndisplay: none;\r\n}\r\n}\r\n@media screen and (min-width: 769px) and (max-width: 992px) {\r\n.cqxfi69f05e4b98fe5 {\r\ndisplay: none;\r\n}\r\n}\r\n@media screen and (min-width: 768px) and (max-width: 768px) {\r\n.cqxfi69f05e4b98fe5 {\r\ndisplay: block;\r\n}\r\n}\r\n@media screen and (max-width: 767px) {\r\n.cqxfi69f05e4b98fe5 {\r\ndisplay: block;\r\n}\r\n}\r\n<\/style>\r\n<div class=\"ulqbb69f05e4b98fca\" ><!--<a href=\"https:\/\/bit.ly\/3QdrqTZ\" target=\"_blank\">\n<img src=\"https:\/\/justicapotiguar.com.br\/wp-content\/uploads\/2023\/09\/desktop-geral.gif\"\/><a\/>--><\/div><style type=\"text\/css\">\r\n.ulqbb69f05e4b98fca {\r\ntext-align: center;\nmargin-bottom: 1em;\r\n}\r\n@media screen and (min-width: 1201px) {\r\n.ulqbb69f05e4b98fca {\r\ndisplay: block;\r\n}\r\n}\r\n@media screen and (min-width: 993px) and (max-width: 1200px) {\r\n.ulqbb69f05e4b98fca {\r\ndisplay: block;\r\n}\r\n}\r\n@media screen and (min-width: 769px) and (max-width: 992px) {\r\n.ulqbb69f05e4b98fca {\r\ndisplay: block;\r\n}\r\n}\r\n@media screen and (min-width: 768px) and (max-width: 768px) {\r\n.ulqbb69f05e4b98fca {\r\ndisplay: none;\r\n}\r\n}\r\n@media screen and (max-width: 767px) {\r\n.ulqbb69f05e4b98fca {\r\ndisplay: none;\r\n}\r\n}\r\n<\/style>\r\n\n\n\n\n<p>A avalia\u00e7\u00e3o do procurador \u00e9 de que o relat\u00f3rio apresentado pela PF que apontou a exist\u00eancia de crime cometido por Bolsonaro na live em que teria divulgado dados sigilosos sobre o ataque hacker aos sistemas do TSE \u00e9 ilegal, n\u00e3o se coaduna com os preceitos constitucionais, legais e infralegais que disciplinam a mat\u00e9ria relativa ao sigilo das investiga\u00e7\u00f5es policiais.<\/p>\n\n\n\n<p><strong>CNN Brasil<\/strong><\/p>\n","protected":false},"excerpt":{"rendered":"<p>O procurador-geral da Rep\u00fablica,&nbsp;Augusto Aras, pediu ao&nbsp;Supremo Tribunal Federal (STF)&nbsp;o arquivamento do inqu\u00e9rito contra o presidente&nbsp;Jair Bolsonaro (PL)&nbsp;que apura o&nbsp;vazamento de dados de uma investiga\u00e7\u00e3o envolvendo o Tribunal Superior Eleitoral (TSE). Em agosto do ano passado, Bolsonaro divulgou nas redes sociais a \u00edntegra de um inqu\u00e9rito da&nbsp;Pol\u00edcia Federal (PF)&nbsp;sobre uma suposta invas\u00e3o a sistemas e<br \/><a class=\"more-link\" href=\"https:\/\/justicapotiguar.com.br\/index.php\/2022\/02\/18\/aras-contraria-pf-e-diz-que-bolsonaro-nao-cometeu-crime-ao-vazar-inquerito\/\">Mais&#8230;<\/a><\/p>\n","protected":false},"author":5,"featured_media":0,"comment_status":"open","ping_status":"open","sticky":false,"template":"","format":"standard","meta":[],"categories":[1],"tags":[],"_links":{"self":[{"href":"https:\/\/justicapotiguar.com.br\/index.php\/wp-json\/wp\/v2\/posts\/24597"}],"collection":[{"href":"https:\/\/justicapotiguar.com.br\/index.php\/wp-json\/wp\/v2\/posts"}],"about":[{"href":"https:\/\/justicapotiguar.com.br\/index.php\/wp-json\/wp\/v2\/types\/post"}],"author":[{"embeddable":true,"href":"https:\/\/justicapotiguar.com.br\/index.php\/wp-json\/wp\/v2\/users\/5"}],"replies":[{"embeddable":true,"href":"https:\/\/justicapotiguar.com.br\/index.php\/wp-json\/wp\/v2\/comments?post=24597"}],"version-history":[{"count":1,"href":"https:\/\/justicapotiguar.com.br\/index.php\/wp-json\/wp\/v2\/posts\/24597\/revisions"}],"predecessor-version":[{"id":24598,"href":"https:\/\/justicapotiguar.com.br\/index.php\/wp-json\/wp\/v2\/posts\/24597\/revisions\/24598"}],"wp:attachment":[{"href":"https:\/\/justicapotiguar.com.br\/index.php\/wp-json\/wp\/v2\/media?parent=24597"}],"wp:term":[{"taxonomy":"category","embeddable":true,"href":"https:\/\/justicapotiguar.com.br\/index.php\/wp-json\/wp\/v2\/categories?post=24597"},{"taxonomy":"post_tag","embeddable":true,"href":"https:\/\/justicapotiguar.com.br\/index.php\/wp-json\/wp\/v2\/tags?post=24597"}],"curies":[{"name":"wp","href":"https:\/\/api.w.org\/{rel}","templated":true}]}}