{"id":24595,"date":"2022-02-18T09:18:00","date_gmt":"2022-02-18T12:18:00","guid":{"rendered":"https:\/\/justicapotiguar.com.br\/?p=24595"},"modified":"2022-02-18T09:17:35","modified_gmt":"2022-02-18T12:17:35","slug":"moraes-derruba-exclusividade-do-mp-para-propor-acoes-judiciais-de-improbidade-administrativa","status":"publish","type":"post","link":"https:\/\/justicapotiguar.com.br\/index.php\/2022\/02\/18\/moraes-derruba-exclusividade-do-mp-para-propor-acoes-judiciais-de-improbidade-administrativa\/","title":{"rendered":"Moraes derruba exclusividade do MP para propor a\u00e7\u00f5es judiciais de improbidade administrativa"},"content":{"rendered":"\n<p>\u00a0ministro\u00a0<a href=\"https:\/\/g1.globo.com\/tudo-sobre\/alexandre-de-moraes\/\">Alexandre de Moraes<\/a>, do Supremo Tribunal Federal, derrubou nesta quinta-feira (17) dispositivo que dava exclusividade ao Minist\u00e9rio P\u00fablico para acionar na Justi\u00e7a quem cometeu ato de improbidade administrativa.<\/p>\n\n\n\n<figure class=\"wp-block-image size-large\"><img loading=\"lazy\" width=\"620\" height=\"300\" src=\"https:\/\/justicapotiguar.com.br\/wp-content\/uploads\/2021\/08\/ministro-alexandre-moraes-2020.jpeg\" alt=\"\" class=\"wp-image-21201\" srcset=\"https:\/\/justicapotiguar.com.br\/wp-content\/uploads\/2021\/08\/ministro-alexandre-moraes-2020.jpeg 620w, https:\/\/justicapotiguar.com.br\/wp-content\/uploads\/2021\/08\/ministro-alexandre-moraes-2020-300x145.jpeg 300w\" sizes=\"(max-width: 620px) 100vw, 620px\" \/><figcaption>Reprodu\u00e7\u00e3o<\/figcaption><\/figure>\n\n\n\n<p>A ado\u00e7\u00e3o dessa regra foi resultado de\u00a0<a href=\"https:\/\/g1.globo.com\/politica\/noticia\/2021\/10\/26\/bolsonaro-sancao-lei-de-improbidade-administrativa.ghtml\">mudan\u00e7a promovida no ano passado pelo Congresso<\/a>\u00a0na Lei de Improbidade Administrativa. At\u00e9 ent\u00e3o, \u00f3rg\u00e3os como a Advocacia-Geral da Uni\u00e3o e procuradorias de estados e munic\u00edpios tinham prerrogativa de apresentar \u00e0 Justi\u00e7a esse tipo de a\u00e7\u00e3o.<\/p>\n\n\n\n<p>Ao decidir,&nbsp;<a href=\"https:\/\/g1.globo.com\/tudo-sobre\/alexandre-de-moraes\/\">Alexandre de Moraes<\/a>&nbsp;analisou duas a\u00e7\u00f5es, propostas pela Associa\u00e7\u00e3o Nacional dos Procuradores dos Estados e do Distrito Federal (Anape) e pela Associa\u00e7\u00e3o Nacional dos Advogados P\u00fablicos Federais (Anafe). As entidades acionaram o STF contra as mudan\u00e7as promovidas pelo Congresso.<\/p><div class=\"uhkhd69f05e4c10dd3\" ><!--<a href=\"https:\/\/bit.ly\/3QdrqTZ\" target=\"_blank\">\n<img src=\"https:\/\/justicapotiguar.com.br\/wp-content\/uploads\/2023\/09\/mobile-geral.gif\"\/><a\/>--><\/div><style type=\"text\/css\">\r\n.uhkhd69f05e4c10dd3 {\r\ntext-align: center;\r\n}\r\n@media screen and (min-width: 1201px) {\r\n.uhkhd69f05e4c10dd3 {\r\ndisplay: none;\r\n}\r\n}\r\n@media screen and (min-width: 993px) and (max-width: 1200px) {\r\n.uhkhd69f05e4c10dd3 {\r\ndisplay: none;\r\n}\r\n}\r\n@media screen and (min-width: 769px) and (max-width: 992px) {\r\n.uhkhd69f05e4c10dd3 {\r\ndisplay: none;\r\n}\r\n}\r\n@media screen and (min-width: 768px) and (max-width: 768px) {\r\n.uhkhd69f05e4c10dd3 {\r\ndisplay: block;\r\n}\r\n}\r\n@media screen and (max-width: 767px) {\r\n.uhkhd69f05e4c10dd3 {\r\ndisplay: block;\r\n}\r\n}\r\n<\/style>\r\n<div class=\"riycq69f05e4c10dbf\" ><!--<a href=\"https:\/\/bit.ly\/3QdrqTZ\" target=\"_blank\">\n<img src=\"https:\/\/justicapotiguar.com.br\/wp-content\/uploads\/2023\/09\/desktop-geral.gif\"\/><a\/>--><\/div><style type=\"text\/css\">\r\n.riycq69f05e4c10dbf {\r\ntext-align: center;\nmargin-bottom: 1em;\r\n}\r\n@media screen and (min-width: 1201px) {\r\n.riycq69f05e4c10dbf {\r\ndisplay: block;\r\n}\r\n}\r\n@media screen and (min-width: 993px) and (max-width: 1200px) {\r\n.riycq69f05e4c10dbf {\r\ndisplay: block;\r\n}\r\n}\r\n@media screen and (min-width: 769px) and (max-width: 992px) {\r\n.riycq69f05e4c10dbf {\r\ndisplay: block;\r\n}\r\n}\r\n@media screen and (min-width: 768px) and (max-width: 768px) {\r\n.riycq69f05e4c10dbf {\r\ndisplay: none;\r\n}\r\n}\r\n@media screen and (max-width: 767px) {\r\n.riycq69f05e4c10dbf {\r\ndisplay: none;\r\n}\r\n}\r\n<\/style>\r\n\n\n\n\n<p>Com a decis\u00e3o, na pr\u00e1tica, volta a valer a previs\u00e3o de que institui\u00e7\u00f5es e entidades da administra\u00e7\u00e3o p\u00fablica (Uni\u00e3o, governos estaduais e municipais) alvos de irregularidades possam propor a\u00e7\u00f5es. O caso ainda ter\u00e1 de ser julgado pelo plen\u00e1rio do STF, mas ainda n\u00e3o h\u00e1 data para isso.<\/p>\n\n\n\n<p>G1<\/p>\n","protected":false},"excerpt":{"rendered":"<p>\u00a0ministro\u00a0Alexandre de Moraes, do Supremo Tribunal Federal, derrubou nesta quinta-feira (17) dispositivo que dava exclusividade ao Minist\u00e9rio P\u00fablico para acionar na Justi\u00e7a quem cometeu ato de improbidade administrativa. A ado\u00e7\u00e3o dessa regra foi resultado de\u00a0mudan\u00e7a promovida no ano passado pelo Congresso\u00a0na Lei de Improbidade Administrativa. At\u00e9 ent\u00e3o, \u00f3rg\u00e3os como a Advocacia-Geral da Uni\u00e3o e procuradorias<br \/><a class=\"more-link\" href=\"https:\/\/justicapotiguar.com.br\/index.php\/2022\/02\/18\/moraes-derruba-exclusividade-do-mp-para-propor-acoes-judiciais-de-improbidade-administrativa\/\">Mais&#8230;<\/a><\/p>\n","protected":false},"author":5,"featured_media":0,"comment_status":"open","ping_status":"open","sticky":false,"template":"","format":"standard","meta":[],"categories":[1],"tags":[],"_links":{"self":[{"href":"https:\/\/justicapotiguar.com.br\/index.php\/wp-json\/wp\/v2\/posts\/24595"}],"collection":[{"href":"https:\/\/justicapotiguar.com.br\/index.php\/wp-json\/wp\/v2\/posts"}],"about":[{"href":"https:\/\/justicapotiguar.com.br\/index.php\/wp-json\/wp\/v2\/types\/post"}],"author":[{"embeddable":true,"href":"https:\/\/justicapotiguar.com.br\/index.php\/wp-json\/wp\/v2\/users\/5"}],"replies":[{"embeddable":true,"href":"https:\/\/justicapotiguar.com.br\/index.php\/wp-json\/wp\/v2\/comments?post=24595"}],"version-history":[{"count":1,"href":"https:\/\/justicapotiguar.com.br\/index.php\/wp-json\/wp\/v2\/posts\/24595\/revisions"}],"predecessor-version":[{"id":24596,"href":"https:\/\/justicapotiguar.com.br\/index.php\/wp-json\/wp\/v2\/posts\/24595\/revisions\/24596"}],"wp:attachment":[{"href":"https:\/\/justicapotiguar.com.br\/index.php\/wp-json\/wp\/v2\/media?parent=24595"}],"wp:term":[{"taxonomy":"category","embeddable":true,"href":"https:\/\/justicapotiguar.com.br\/index.php\/wp-json\/wp\/v2\/categories?post=24595"},{"taxonomy":"post_tag","embeddable":true,"href":"https:\/\/justicapotiguar.com.br\/index.php\/wp-json\/wp\/v2\/tags?post=24595"}],"curies":[{"name":"wp","href":"https:\/\/api.w.org\/{rel}","templated":true}]}}