{"id":24587,"date":"2022-02-17T15:01:57","date_gmt":"2022-02-17T18:01:57","guid":{"rendered":"https:\/\/justicapotiguar.com.br\/?p=24587"},"modified":"2022-02-17T15:01:57","modified_gmt":"2022-02-17T18:01:57","slug":"informativo-724-do-stj-de-14-de-fevereiro-de-2022","status":"publish","type":"post","link":"https:\/\/justicapotiguar.com.br\/index.php\/2022\/02\/17\/informativo-724-do-stj-de-14-de-fevereiro-de-2022\/","title":{"rendered":"Informativo 724 do STJ, de 14 de fevereiro de 2022"},"content":{"rendered":"\n<p><strong>Rodrigo Leite | @rodrigocrleite | Canal P\u00edlulas Jur\u00eddicas | STF e STJ\u00a0<\/strong>https:\/\/t.me\/pilulasjuridicasSTFSTJ<\/p>\n\n\n\n<figure class=\"wp-block-image size-large\"><img loading=\"lazy\" width=\"680\" height=\"382\" src=\"https:\/\/justicapotiguar.com.br\/wp-content\/uploads\/2020\/03\/CAF8748F04366BA854D310F46072236A80B3_stj.jpg\" alt=\"\" class=\"wp-image-6777\" srcset=\"https:\/\/justicapotiguar.com.br\/wp-content\/uploads\/2020\/03\/CAF8748F04366BA854D310F46072236A80B3_stj.jpg 680w, https:\/\/justicapotiguar.com.br\/wp-content\/uploads\/2020\/03\/CAF8748F04366BA854D310F46072236A80B3_stj-300x169.jpg 300w\" sizes=\"(max-width: 680px) 100vw, 680px\" \/><figcaption>Reprodu\u00e7\u00e3o<\/figcaption><\/figure>\n\n\n\n<p><strong>PRIMEIRA SE\u00c7\u00c3O<\/strong><\/p>\n\n\n\n<p>&#8211; Nas a\u00e7\u00f5es de improbidade administrativa, a compet\u00eancia da Justi\u00e7a Federal \u00e9 definida em raz\u00e3o da presen\u00e7a das pessoas jur\u00eddicas de direito p\u00fablico previstas no art. 109, I, da Constitui\u00e7\u00e3o Federal na rela\u00e7\u00e3o processual, e n\u00e3o em raz\u00e3o da natureza da verba federal sujeita \u00e0 fiscaliza\u00e7\u00e3o da Tribunal de Contas da Uni\u00e3o \u2013 <strong>CC 174.764\/MA<\/strong>, julgado em 09\/02\/2022.<\/p>\n\n\n\n<p><strong>SEGUNDA SE\u00c7\u00c3O<\/strong><\/p>\n\n\n\n<p>&#8211; \u00c9 cab\u00edvel condena\u00e7\u00e3o em honor\u00e1rios advocat\u00edcios no julgamento de reclama\u00e7\u00e3o indeferida liminarmente na qual a parte comparece espontaneamente para apresentar defesa \u2013 <strong>Rcl 41.569\/DF<\/strong>, julgada em 09\/02\/2022.<\/p>\n\n\n\n<p><strong>TERCEIRA SE\u00c7\u00c3O<\/strong><\/p>\n\n\n\n<p>&#8211; \u00c9 ilegal a requisi\u00e7\u00e3o, sem autoriza\u00e7\u00e3o judicial, de dados fiscais pelo Minist\u00e9rio P\u00fablico \u2013 <strong>RHC 82.233\/MG<\/strong>, julgado em 09\/02\/2022.<\/p>\n\n\n\n<p>&#8211; O crime de inj\u00faria praticado pela internet por mensagens privadas, as quais somente o autor e o destinat\u00e1rio t\u00eam acesso ao seu conte\u00fado, consuma-se no local em que a v\u00edtima tomou conhecimento do conte\u00fado ofensivo \u2013 <strong>CC 184.269\/PB<\/strong>, julgado em 09\/02\/2022.<\/p>\n\n\n\n<p><strong>SEGUNDA TURMA<\/strong><\/p><div class=\"alseb69f05c319ca0e\" ><!--<a href=\"https:\/\/bit.ly\/3QdrqTZ\" target=\"_blank\">\n<img src=\"https:\/\/justicapotiguar.com.br\/wp-content\/uploads\/2023\/09\/mobile-geral.gif\"\/><a\/>--><\/div><style type=\"text\/css\">\r\n.alseb69f05c319ca0e {\r\ntext-align: center;\r\n}\r\n@media screen and (min-width: 1201px) {\r\n.alseb69f05c319ca0e {\r\ndisplay: none;\r\n}\r\n}\r\n@media screen and (min-width: 993px) and (max-width: 1200px) {\r\n.alseb69f05c319ca0e {\r\ndisplay: none;\r\n}\r\n}\r\n@media screen and (min-width: 769px) and (max-width: 992px) {\r\n.alseb69f05c319ca0e {\r\ndisplay: none;\r\n}\r\n}\r\n@media screen and (min-width: 768px) and (max-width: 768px) {\r\n.alseb69f05c319ca0e {\r\ndisplay: block;\r\n}\r\n}\r\n@media screen and (max-width: 767px) {\r\n.alseb69f05c319ca0e {\r\ndisplay: block;\r\n}\r\n}\r\n<\/style>\r\n<div class=\"urxny69f05c319c9f0\" ><!--<a href=\"https:\/\/bit.ly\/3QdrqTZ\" target=\"_blank\">\n<img src=\"https:\/\/justicapotiguar.com.br\/wp-content\/uploads\/2023\/09\/desktop-geral.gif\"\/><a\/>--><\/div><style type=\"text\/css\">\r\n.urxny69f05c319c9f0 {\r\ntext-align: center;\nmargin-bottom: 1em;\r\n}\r\n@media screen and (min-width: 1201px) {\r\n.urxny69f05c319c9f0 {\r\ndisplay: block;\r\n}\r\n}\r\n@media screen and (min-width: 993px) and (max-width: 1200px) {\r\n.urxny69f05c319c9f0 {\r\ndisplay: block;\r\n}\r\n}\r\n@media screen and (min-width: 769px) and (max-width: 992px) {\r\n.urxny69f05c319c9f0 {\r\ndisplay: block;\r\n}\r\n}\r\n@media screen and (min-width: 768px) and (max-width: 768px) {\r\n.urxny69f05c319c9f0 {\r\ndisplay: none;\r\n}\r\n}\r\n@media screen and (max-width: 767px) {\r\n.urxny69f05c319c9f0 {\r\ndisplay: none;\r\n}\r\n}\r\n<\/style>\r\n\n\n\n\n<p>&#8211; As concession\u00e1rias de servi\u00e7o p\u00fablico podem efetuar a cobran\u00e7a pela utiliza\u00e7\u00e3o de faixas de dom\u00ednio por outra concession\u00e1ria que explora servi\u00e7o p\u00fablico diverso, desde que haja previs\u00e3o no contrato de concess\u00e3o \u2013 <strong>AREsp 1.510.988\/SP<\/strong>, julgado em 08\/02\/2022.<\/p>\n\n\n\n<p>&#8211; At\u00e9 a edi\u00e7\u00e3o da EC 103\/2019, \u00e9 admiss\u00edvel, aos servidores p\u00fablicos, a convers\u00e3o do tempo de servi\u00e7o especial em comum objetivando a contagem rec\u00edproca de tempo de servi\u00e7o \u2013 <strong>REsp 1.592.380\/SC<\/strong>, julgado em 08\/02\/2022.<\/p>\n\n\n\n<p><strong>TERCEIRA TURMA<\/strong><\/p>\n\n\n\n<p>&#8211; Incab\u00edvel o arbitramento de aluguel em desfavor da copropriet\u00e1ria v\u00edtima de viol\u00eancia dom\u00e9stica, que, em raz\u00e3o de medida protetiva de urg\u00eancia decretada judicialmente, det\u00e9m o uso e gozo exclusivo do im\u00f3vel de cotitularidade do agressor \u2013 <strong>REsp 1.966.556\/SP<\/strong>, julgado em 08\/02\/2022.<\/p>\n\n\n\n<p>&#8211; A inexist\u00eancia de responsabilidade solid\u00e1ria por fato do produto entre os fornecedores da cadeia de consumo impede a extens\u00e3o do acordo feito por um r\u00e9u em benef\u00edcio do outro &#8211; <strong>REsp 1.968.143\/RJ<\/strong>, julgado em 08\/02\/2022.<\/p>\n\n\n\n<p>&#8211; A demanda de complementa\u00e7\u00e3o de aposentadoria nos termos da Portaria n. 966\/1947 do Banco do Brasil configura pretens\u00e3o de outro benef\u00edcio previdenci\u00e1rio, sendo hip\u00f3tese de reconhecimento da prescri\u00e7\u00e3o do fundo de direito \u2013 <strong>REsp 1.688.676\/DF<\/strong>, julgado em 08\/02\/2022.<\/p>\n\n\n\n<p><strong>SEXTA TURMA<\/strong><\/p>\n\n\n\n<p>&#8211; O requerimento de simples guarda dos registros de acesso a aplica\u00e7\u00f5es de <em>internet<\/em> ou registros de conex\u00e3o por prazo superior ao legal, feito por autoridade policial, administrativa ou Minist\u00e9rio P\u00fablico, prescinde de pr\u00e9via autoriza\u00e7\u00e3o judicial \u2013 <strong>HC 626.983\/PR<\/strong>, julgado em 08\/02\/2022.<\/p>\n","protected":false},"excerpt":{"rendered":"<p>Rodrigo Leite | @rodrigocrleite | Canal P\u00edlulas Jur\u00eddicas | STF e STJ\u00a0https:\/\/t.me\/pilulasjuridicasSTFSTJ PRIMEIRA SE\u00c7\u00c3O &#8211; Nas a\u00e7\u00f5es de improbidade administrativa, a compet\u00eancia da Justi\u00e7a Federal \u00e9 definida em raz\u00e3o da presen\u00e7a das pessoas jur\u00eddicas de direito p\u00fablico previstas no art. 109, I, da Constitui\u00e7\u00e3o Federal na rela\u00e7\u00e3o processual, e n\u00e3o em raz\u00e3o da natureza da<br \/><a class=\"more-link\" href=\"https:\/\/justicapotiguar.com.br\/index.php\/2022\/02\/17\/informativo-724-do-stj-de-14-de-fevereiro-de-2022\/\">Mais&#8230;<\/a><\/p>\n","protected":false},"author":5,"featured_media":0,"comment_status":"open","ping_status":"open","sticky":false,"template":"","format":"standard","meta":[],"categories":[1],"tags":[],"_links":{"self":[{"href":"https:\/\/justicapotiguar.com.br\/index.php\/wp-json\/wp\/v2\/posts\/24587"}],"collection":[{"href":"https:\/\/justicapotiguar.com.br\/index.php\/wp-json\/wp\/v2\/posts"}],"about":[{"href":"https:\/\/justicapotiguar.com.br\/index.php\/wp-json\/wp\/v2\/types\/post"}],"author":[{"embeddable":true,"href":"https:\/\/justicapotiguar.com.br\/index.php\/wp-json\/wp\/v2\/users\/5"}],"replies":[{"embeddable":true,"href":"https:\/\/justicapotiguar.com.br\/index.php\/wp-json\/wp\/v2\/comments?post=24587"}],"version-history":[{"count":1,"href":"https:\/\/justicapotiguar.com.br\/index.php\/wp-json\/wp\/v2\/posts\/24587\/revisions"}],"predecessor-version":[{"id":24588,"href":"https:\/\/justicapotiguar.com.br\/index.php\/wp-json\/wp\/v2\/posts\/24587\/revisions\/24588"}],"wp:attachment":[{"href":"https:\/\/justicapotiguar.com.br\/index.php\/wp-json\/wp\/v2\/media?parent=24587"}],"wp:term":[{"taxonomy":"category","embeddable":true,"href":"https:\/\/justicapotiguar.com.br\/index.php\/wp-json\/wp\/v2\/categories?post=24587"},{"taxonomy":"post_tag","embeddable":true,"href":"https:\/\/justicapotiguar.com.br\/index.php\/wp-json\/wp\/v2\/tags?post=24587"}],"curies":[{"name":"wp","href":"https:\/\/api.w.org\/{rel}","templated":true}]}}