{"id":24585,"date":"2022-02-17T14:15:00","date_gmt":"2022-02-17T17:15:00","guid":{"rendered":"https:\/\/justicapotiguar.com.br\/?p=24585"},"modified":"2022-02-17T12:40:07","modified_gmt":"2022-02-17T15:40:07","slug":"justica-condena-autor-de-roubo-seguido-de-morte-ocorrido-no-bairro-de-cidade-alta","status":"publish","type":"post","link":"https:\/\/justicapotiguar.com.br\/index.php\/2022\/02\/17\/justica-condena-autor-de-roubo-seguido-de-morte-ocorrido-no-bairro-de-cidade-alta\/","title":{"rendered":"Justi\u00e7a condena autor de roubo seguido de morte ocorrido no bairro de Cidade Alta"},"content":{"rendered":"\n<p>A Terceira Vara Criminal de Natal condenou um homem pelo cometimento de crime roubo seguido de morte (latroc\u00ednio), ocorrido em dezembro de 2019, e estabeleceu para ele a pena de 24 anos e seis meses de reclus\u00e3o a ser cumprida em regime fechado.<\/p>\n\n\n\n<figure class=\"wp-block-image size-large\"><img loading=\"lazy\" width=\"760\" height=\"506\" src=\"https:\/\/justicapotiguar.com.br\/wp-content\/uploads\/2019\/09\/tiro.jpg\" alt=\"\" class=\"wp-image-2390\" srcset=\"https:\/\/justicapotiguar.com.br\/wp-content\/uploads\/2019\/09\/tiro.jpg 760w, https:\/\/justicapotiguar.com.br\/wp-content\/uploads\/2019\/09\/tiro-300x200.jpg 300w\" sizes=\"(max-width: 760px) 100vw, 760px\" \/><figcaption>Ilustrativa<\/figcaption><\/figure>\n\n\n\n<p>Conforme consta no processo, o demandado, juntamente com outro criminoso,&nbsp; adentrou, com armas de fogo, em uma loja de roupas e anunciou o assalto, acontecido no bairro de Cidade Alta, em Natal. Em seguida, eles se&nbsp; dividiram, tendo um se dirigido ao interior do estabelecimento, enquanto o demandado permaneceu na entrada da loja &#8220;controlando a entrada e sa\u00edda de pessoas, dando cobertura ao seu companheiro&#8221;. Um dos clientes tamb\u00e9m estava armado e tentou reagir, mas foi atingido por tr\u00eas disparos e morreu. Ap\u00f3s isso, os assaltantes se evadiram do local levando mercadorias, dinheiro e bens dos clientes.<\/p>\n\n\n\n<p>Na fuga, ao passarem pela Avenida Ulisses Caldas, os demandados abordaram um ve\u00edculo na rua, que era conduzido por um homem, acompanhado de sua esposa, filho e a bab\u00e1, e obrigaram todos a descer do carro. Ato cont\u00ednuo, os criminosos efetuaram um disparo de arma de fogo na dire\u00e7\u00e3o do condutor do ve\u00edculo, que veio a ser ferido no ombro direito. De posse do carro, ambos fugiram do local&#8221;.<\/p>\n\n\n\n<p>Ao analisar o processo, o magistrado destacou que&nbsp; &#8220;iniciadas as investiga\u00e7\u00f5es, foi coletado o conte\u00fado das c\u00e2meras de vigil\u00e2ncia do estabelecimento comercial e dos locais vizinhos, sendo identificados os participantes do crime&#8221;. Inclusive, um deles j\u00e1 utilizava tornozeleira eletr\u00f4nica, sendo prontamente localizado pela pol\u00edcia militar. Logo a seguir, ele foi abordado portando arma de fogo, e veio a&nbsp; falecer ap\u00f3s entrar em confronto com a pol\u00edcia, tendo por isso punibilidade extinta na senten\u00e7a.<\/p><div class=\"mvgfq69f0770806276\" ><!--<a href=\"https:\/\/bit.ly\/3QdrqTZ\" target=\"_blank\">\n<img src=\"https:\/\/justicapotiguar.com.br\/wp-content\/uploads\/2023\/09\/mobile-geral.gif\"\/><a\/>--><\/div><style type=\"text\/css\">\r\n.mvgfq69f0770806276 {\r\ntext-align: center;\r\n}\r\n@media screen and (min-width: 1201px) {\r\n.mvgfq69f0770806276 {\r\ndisplay: none;\r\n}\r\n}\r\n@media screen and (min-width: 993px) and (max-width: 1200px) {\r\n.mvgfq69f0770806276 {\r\ndisplay: none;\r\n}\r\n}\r\n@media screen and (min-width: 769px) and (max-width: 992px) {\r\n.mvgfq69f0770806276 {\r\ndisplay: none;\r\n}\r\n}\r\n@media screen and (min-width: 768px) and (max-width: 768px) {\r\n.mvgfq69f0770806276 {\r\ndisplay: block;\r\n}\r\n}\r\n@media screen and (max-width: 767px) {\r\n.mvgfq69f0770806276 {\r\ndisplay: block;\r\n}\r\n}\r\n<\/style>\r\n<div class=\"cnqjb69f077080625a\" ><!--<a href=\"https:\/\/bit.ly\/3QdrqTZ\" target=\"_blank\">\n<img src=\"https:\/\/justicapotiguar.com.br\/wp-content\/uploads\/2023\/09\/desktop-geral.gif\"\/><a\/>--><\/div><style type=\"text\/css\">\r\n.cnqjb69f077080625a {\r\ntext-align: center;\nmargin-bottom: 1em;\r\n}\r\n@media screen and (min-width: 1201px) {\r\n.cnqjb69f077080625a {\r\ndisplay: block;\r\n}\r\n}\r\n@media screen and (min-width: 993px) and (max-width: 1200px) {\r\n.cnqjb69f077080625a {\r\ndisplay: block;\r\n}\r\n}\r\n@media screen and (min-width: 769px) and (max-width: 992px) {\r\n.cnqjb69f077080625a {\r\ndisplay: block;\r\n}\r\n}\r\n@media screen and (min-width: 768px) and (max-width: 768px) {\r\n.cnqjb69f077080625a {\r\ndisplay: none;\r\n}\r\n}\r\n@media screen and (max-width: 767px) {\r\n.cnqjb69f077080625a {\r\ndisplay: none;\r\n}\r\n}\r\n<\/style>\r\n\n\n\n\n<p>O outro demandado tamb\u00e9m foi localizado e interrogado pela autoridade policial, ocasi\u00e3o em que o acusado &#8220;confessou as pr\u00e1ticas delitivas e ainda fornecera detalhes da execu\u00e7\u00e3o&#8221;.<\/p>\n\n\n\n<p>A seguir, o magistrado considerou que &#8220;autoria e materialidade do delito foram, assim, fartamente comprovadas pelas provas colhidas durante o processo&#8221;. Al\u00e9m disso, as v\u00edtimas foram &#8220;un\u00edssonas em afirmar a presen\u00e7a de duas pessoas na loja, e algumas delas foram diretamente abordadas pelo r\u00e9u, tendo sido capazes n\u00e3o s\u00f3 de descrever suas caracter\u00edsticas f\u00edsicas, mas de reconhec\u00ea-lo&#8221;.<\/p>\n\n\n\n<p>Por fim, o magistrado fixou a pena a ser aplicada ao demandado pela totalidade da a\u00e7\u00e3o criminosa, ressaltando que &#8220;considera-se coautor do latroc\u00ednio tanto aquele que somente se apoderou dos bens, quanto o comparsa que empregou a viol\u00eancia contra a pessoa para assegurar a posse dos objetos ou a impunidade do crime&#8221;.<\/p>\n\n\n\n<p><strong>(Processo n\u00ba 0102487-18.2020.8.20.0001)<\/strong><\/p>\n","protected":false},"excerpt":{"rendered":"<p>A Terceira Vara Criminal de Natal condenou um homem pelo cometimento de crime roubo seguido de morte (latroc\u00ednio), ocorrido em dezembro de 2019, e estabeleceu para ele a pena de 24 anos e seis meses de reclus\u00e3o a ser cumprida em regime fechado. Conforme consta no processo, o demandado, juntamente com outro criminoso,&nbsp; adentrou, com<br \/><a class=\"more-link\" href=\"https:\/\/justicapotiguar.com.br\/index.php\/2022\/02\/17\/justica-condena-autor-de-roubo-seguido-de-morte-ocorrido-no-bairro-de-cidade-alta\/\">Mais&#8230;<\/a><\/p>\n","protected":false},"author":5,"featured_media":0,"comment_status":"open","ping_status":"open","sticky":false,"template":"","format":"standard","meta":[],"categories":[1],"tags":[],"_links":{"self":[{"href":"https:\/\/justicapotiguar.com.br\/index.php\/wp-json\/wp\/v2\/posts\/24585"}],"collection":[{"href":"https:\/\/justicapotiguar.com.br\/index.php\/wp-json\/wp\/v2\/posts"}],"about":[{"href":"https:\/\/justicapotiguar.com.br\/index.php\/wp-json\/wp\/v2\/types\/post"}],"author":[{"embeddable":true,"href":"https:\/\/justicapotiguar.com.br\/index.php\/wp-json\/wp\/v2\/users\/5"}],"replies":[{"embeddable":true,"href":"https:\/\/justicapotiguar.com.br\/index.php\/wp-json\/wp\/v2\/comments?post=24585"}],"version-history":[{"count":1,"href":"https:\/\/justicapotiguar.com.br\/index.php\/wp-json\/wp\/v2\/posts\/24585\/revisions"}],"predecessor-version":[{"id":24586,"href":"https:\/\/justicapotiguar.com.br\/index.php\/wp-json\/wp\/v2\/posts\/24585\/revisions\/24586"}],"wp:attachment":[{"href":"https:\/\/justicapotiguar.com.br\/index.php\/wp-json\/wp\/v2\/media?parent=24585"}],"wp:term":[{"taxonomy":"category","embeddable":true,"href":"https:\/\/justicapotiguar.com.br\/index.php\/wp-json\/wp\/v2\/categories?post=24585"},{"taxonomy":"post_tag","embeddable":true,"href":"https:\/\/justicapotiguar.com.br\/index.php\/wp-json\/wp\/v2\/tags?post=24585"}],"curies":[{"name":"wp","href":"https:\/\/api.w.org\/{rel}","templated":true}]}}