{"id":24583,"date":"2022-02-17T13:00:00","date_gmt":"2022-02-17T16:00:00","guid":{"rendered":"https:\/\/justicapotiguar.com.br\/?p=24583"},"modified":"2022-02-17T12:38:13","modified_gmt":"2022-02-17T15:38:13","slug":"tribunal-de-justica-ja-pagou-este-ano-r-178-milhoes-em-precatorios","status":"publish","type":"post","link":"https:\/\/justicapotiguar.com.br\/index.php\/2022\/02\/17\/tribunal-de-justica-ja-pagou-este-ano-r-178-milhoes-em-precatorios\/","title":{"rendered":"Tribunal de Justi\u00e7a j\u00e1 pagou este ano R$ 17,8 milh\u00f5es em precat\u00f3rios"},"content":{"rendered":"\n<p>Durante o m\u00eas de janeiro, a Divis\u00e3o de Precat\u00f3rios do Tribunal de Justi\u00e7a (TJRN) pagou R$ 17,8 milh\u00f5es a 242 benefici\u00e1rios. O trabalho vai seguindo o ritmo do ano passado, no qual o Poder Judici\u00e1rio potiguar bateu recorde hist\u00f3rico na quita\u00e7\u00e3o de d\u00e9bitos de Estado e Munic\u00edpios e atingiu a marca de R$ 171,6 milh\u00f5es. Em uma compara\u00e7\u00e3o simples, o que j\u00e1 foi pago no in\u00edcio de 2022 equivale a 10% do realizado em todo o ano passado.<\/p>\n\n\n\n<figure class=\"wp-block-image size-large\"><img loading=\"lazy\" width=\"1024\" height=\"682\" src=\"https:\/\/justicapotiguar.com.br\/wp-content\/uploads\/2020\/10\/Blace-1024x682.jpg\" alt=\"\" class=\"wp-image-13482\" srcset=\"https:\/\/justicapotiguar.com.br\/wp-content\/uploads\/2020\/10\/Blace-1024x682.jpg 1024w, https:\/\/justicapotiguar.com.br\/wp-content\/uploads\/2020\/10\/Blace-300x200.jpg 300w, https:\/\/justicapotiguar.com.br\/wp-content\/uploads\/2020\/10\/Blace-768x512.jpg 768w, https:\/\/justicapotiguar.com.br\/wp-content\/uploads\/2020\/10\/Blace.jpg 1280w\" sizes=\"(max-width: 1024px) 100vw, 1024px\" \/><figcaption>Reprodu\u00e7\u00e3o<\/figcaption><\/figure>\n\n\n\n<p>Em rela\u00e7\u00e3o a esses pagamentos, \u201cna sua maioria, referem-se a credores de precat\u00f3rios alimentares do Estado, portadores de doen\u00e7as graves\u201d, explica o juiz auxiliar da Presid\u00eancia do TJ respons\u00e1vel pela Divis\u00e3o, Bruno Lacerda.<\/p>\n\n\n\n<p>\u201cNa semana passada foi dado seguimento no pagamento das prioridades por doen\u00e7a e in\u00edcio ao pagamento das prioridades por idade do Estado e Cidade do Natal, bem como de precat\u00f3rios da ordem cronol\u00f3gica de munic\u00edpios do interior do Estado\u201d, observa o magistrado.<\/p><div class=\"rgehr69f05e2141594\" ><!--<a href=\"https:\/\/bit.ly\/3QdrqTZ\" target=\"_blank\">\n<img src=\"https:\/\/justicapotiguar.com.br\/wp-content\/uploads\/2023\/09\/mobile-geral.gif\"\/><a\/>--><\/div><style type=\"text\/css\">\r\n.rgehr69f05e2141594 {\r\ntext-align: center;\r\n}\r\n@media screen and (min-width: 1201px) {\r\n.rgehr69f05e2141594 {\r\ndisplay: none;\r\n}\r\n}\r\n@media screen and (min-width: 993px) and (max-width: 1200px) {\r\n.rgehr69f05e2141594 {\r\ndisplay: none;\r\n}\r\n}\r\n@media screen and (min-width: 769px) and (max-width: 992px) {\r\n.rgehr69f05e2141594 {\r\ndisplay: none;\r\n}\r\n}\r\n@media screen and (min-width: 768px) and (max-width: 768px) {\r\n.rgehr69f05e2141594 {\r\ndisplay: block;\r\n}\r\n}\r\n@media screen and (max-width: 767px) {\r\n.rgehr69f05e2141594 {\r\ndisplay: block;\r\n}\r\n}\r\n<\/style>\r\n<div class=\"edfos69f05e214157e\" ><!--<a href=\"https:\/\/bit.ly\/3QdrqTZ\" target=\"_blank\">\n<img src=\"https:\/\/justicapotiguar.com.br\/wp-content\/uploads\/2023\/09\/desktop-geral.gif\"\/><a\/>--><\/div><style type=\"text\/css\">\r\n.edfos69f05e214157e {\r\ntext-align: center;\nmargin-bottom: 1em;\r\n}\r\n@media screen and (min-width: 1201px) {\r\n.edfos69f05e214157e {\r\ndisplay: block;\r\n}\r\n}\r\n@media screen and (min-width: 993px) and (max-width: 1200px) {\r\n.edfos69f05e214157e {\r\ndisplay: block;\r\n}\r\n}\r\n@media screen and (min-width: 769px) and (max-width: 992px) {\r\n.edfos69f05e214157e {\r\ndisplay: block;\r\n}\r\n}\r\n@media screen and (min-width: 768px) and (max-width: 768px) {\r\n.edfos69f05e214157e {\r\ndisplay: none;\r\n}\r\n}\r\n@media screen and (max-width: 767px) {\r\n.edfos69f05e214157e {\r\ndisplay: none;\r\n}\r\n}\r\n<\/style>\r\n\n\n\n\n<p>Este ano, a tecnologia continuar\u00e1 auxiliando o desenvolvimento dos trabalhos da Divis\u00e3o. \u201cEstamos em fase de finaliza\u00e7\u00e3o do desenvolvimento da ferramenta que possibilitar\u00e1 a realiza\u00e7\u00e3o do acordo direto por meio eletr\u00f4nico. A expectativa \u00e9 a de que no segundo semestre deste ano ela esteja funcionando\u201d, adianta o magistrado.<\/p>\n\n\n\n<p><\/p>\n","protected":false},"excerpt":{"rendered":"<p>Durante o m\u00eas de janeiro, a Divis\u00e3o de Precat\u00f3rios do Tribunal de Justi\u00e7a (TJRN) pagou R$ 17,8 milh\u00f5es a 242 benefici\u00e1rios. O trabalho vai seguindo o ritmo do ano passado, no qual o Poder Judici\u00e1rio potiguar bateu recorde hist\u00f3rico na quita\u00e7\u00e3o de d\u00e9bitos de Estado e Munic\u00edpios e atingiu a marca de R$ 171,6 milh\u00f5es.<br \/><a class=\"more-link\" href=\"https:\/\/justicapotiguar.com.br\/index.php\/2022\/02\/17\/tribunal-de-justica-ja-pagou-este-ano-r-178-milhoes-em-precatorios\/\">Mais&#8230;<\/a><\/p>\n","protected":false},"author":5,"featured_media":0,"comment_status":"open","ping_status":"open","sticky":false,"template":"","format":"standard","meta":[],"categories":[1],"tags":[],"_links":{"self":[{"href":"https:\/\/justicapotiguar.com.br\/index.php\/wp-json\/wp\/v2\/posts\/24583"}],"collection":[{"href":"https:\/\/justicapotiguar.com.br\/index.php\/wp-json\/wp\/v2\/posts"}],"about":[{"href":"https:\/\/justicapotiguar.com.br\/index.php\/wp-json\/wp\/v2\/types\/post"}],"author":[{"embeddable":true,"href":"https:\/\/justicapotiguar.com.br\/index.php\/wp-json\/wp\/v2\/users\/5"}],"replies":[{"embeddable":true,"href":"https:\/\/justicapotiguar.com.br\/index.php\/wp-json\/wp\/v2\/comments?post=24583"}],"version-history":[{"count":1,"href":"https:\/\/justicapotiguar.com.br\/index.php\/wp-json\/wp\/v2\/posts\/24583\/revisions"}],"predecessor-version":[{"id":24584,"href":"https:\/\/justicapotiguar.com.br\/index.php\/wp-json\/wp\/v2\/posts\/24583\/revisions\/24584"}],"wp:attachment":[{"href":"https:\/\/justicapotiguar.com.br\/index.php\/wp-json\/wp\/v2\/media?parent=24583"}],"wp:term":[{"taxonomy":"category","embeddable":true,"href":"https:\/\/justicapotiguar.com.br\/index.php\/wp-json\/wp\/v2\/categories?post=24583"},{"taxonomy":"post_tag","embeddable":true,"href":"https:\/\/justicapotiguar.com.br\/index.php\/wp-json\/wp\/v2\/tags?post=24583"}],"curies":[{"name":"wp","href":"https:\/\/api.w.org\/{rel}","templated":true}]}}