{"id":24528,"date":"2022-02-15T09:40:33","date_gmt":"2022-02-15T12:40:33","guid":{"rendered":"https:\/\/justicapotiguar.com.br\/?p=24528"},"modified":"2022-02-15T13:13:00","modified_gmt":"2022-02-15T16:13:00","slug":"mais-uma-empresa-de-energia-eolica-consegue-liminar-para-licenciamento-com-estudo-ambiental-simplificado-no-rn","status":"publish","type":"post","link":"https:\/\/justicapotiguar.com.br\/index.php\/2022\/02\/15\/mais-uma-empresa-de-energia-eolica-consegue-liminar-para-licenciamento-com-estudo-ambiental-simplificado-no-rn\/","title":{"rendered":"Mais uma empresa de energia e\u00f3lica consegue liminar para licenciamento com estudo ambiental simplificado no RN"},"content":{"rendered":"\n<figure class=\"wp-block-image size-large\"><img loading=\"lazy\" width=\"890\" height=\"480\" src=\"https:\/\/justicapotiguar.com.br\/wp-content\/uploads\/2022\/01\/Parque-Eolico-de-Osorio.jpg\" alt=\"\" class=\"wp-image-24159\" srcset=\"https:\/\/justicapotiguar.com.br\/wp-content\/uploads\/2022\/01\/Parque-Eolico-de-Osorio.jpg 890w, https:\/\/justicapotiguar.com.br\/wp-content\/uploads\/2022\/01\/Parque-Eolico-de-Osorio-300x162.jpg 300w, https:\/\/justicapotiguar.com.br\/wp-content\/uploads\/2022\/01\/Parque-Eolico-de-Osorio-768x414.jpg 768w\" sizes=\"(max-width: 890px) 100vw, 890px\" \/><figcaption>Ilustrativa<\/figcaption><\/figure>\n\n\n\n<p>Mais uma empresa do setor de energia e\u00f3lica conseguiu na Justi\u00e7a vit\u00f3ria contra o Governo do Estado para a concess\u00e3o de licenciamento ambiental a partir de relat\u00f3rio ambiental simples e n\u00e3o de um estudo de impacto ambiental, conforme vem sendo defendido pela Procuradoria Geral do Estado e seguido pelo IDEMA, o que tem gerado entraves nos investimentos em energia renov\u00e1vel no estado.<\/p>\n\n\n\n<p>O juiz Francisco Seraphico, da 6\u00aa Vara da Fazenda P\u00fablica de Natal, concedeu liminar a empresa Rialma Energia E\u00f3lica, seguindo o entendimento de desembargadores do TJRN em a\u00e7\u00f5es semelhantes nas C\u00e2maras C\u00edveis do Tribunal.<\/p>\n\n\n\n<p>&#8220;Posto isso, e por tudo mais que nos autos consta, com fundamento no art. 300, do C\u00f3digo de Processo Civil, DEFIRO o pedido de tutela de urg\u00eancia formulado pela RIALMA ENERGIA EOLICA S\/A na A\u00c7\u00c3O DECLARAT\u00d3RIA n\u00ba 0802561-95.2022.8.20.5001, proposta em desfavor do INSTITUTO DE<br>DESENVOLVIMENTO ECON\u00d4MICO E MEIO AMBIENTE &#8211; IDEMA, regularmente qualificados, para DETERMINAR que o promovido d\u00ea continuidade ao processo n\u00ba<br>1W3LT-02020-149793\/TEC\/LP-0025, referente aos complexos e\u00f3licos \u201cSerid\u00f3 1 ao 11\u201d,<br>titularizados pela autora , sem exigir a apresenta\u00e7\u00e3o do EIA-RIMA nessa fase<br>procedimental, limitando-se a apresenta\u00e7\u00e3o do\u00a0 Relat\u00f3rio Ambiental Simplificado &#8211; RAS&#8221;, sentenciou o juiz <\/p><div class=\"xzzet69f0476d8fc9d\" ><!--<a href=\"https:\/\/bit.ly\/3QdrqTZ\" target=\"_blank\">\n<img src=\"https:\/\/justicapotiguar.com.br\/wp-content\/uploads\/2023\/09\/mobile-geral.gif\"\/><a\/>--><\/div><style type=\"text\/css\">\r\n.xzzet69f0476d8fc9d {\r\ntext-align: center;\r\n}\r\n@media screen and (min-width: 1201px) {\r\n.xzzet69f0476d8fc9d {\r\ndisplay: none;\r\n}\r\n}\r\n@media screen and (min-width: 993px) and (max-width: 1200px) {\r\n.xzzet69f0476d8fc9d {\r\ndisplay: none;\r\n}\r\n}\r\n@media screen and (min-width: 769px) and (max-width: 992px) {\r\n.xzzet69f0476d8fc9d {\r\ndisplay: none;\r\n}\r\n}\r\n@media screen and (min-width: 768px) and (max-width: 768px) {\r\n.xzzet69f0476d8fc9d {\r\ndisplay: block;\r\n}\r\n}\r\n@media screen and (max-width: 767px) {\r\n.xzzet69f0476d8fc9d {\r\ndisplay: block;\r\n}\r\n}\r\n<\/style>\r\n<div class=\"vryum69f0476d8fc7d\" ><!--<a href=\"https:\/\/bit.ly\/3QdrqTZ\" target=\"_blank\">\n<img src=\"https:\/\/justicapotiguar.com.br\/wp-content\/uploads\/2023\/09\/desktop-geral.gif\"\/><a\/>--><\/div><style type=\"text\/css\">\r\n.vryum69f0476d8fc7d {\r\ntext-align: center;\nmargin-bottom: 1em;\r\n}\r\n@media screen and (min-width: 1201px) {\r\n.vryum69f0476d8fc7d {\r\ndisplay: block;\r\n}\r\n}\r\n@media screen and (min-width: 993px) and (max-width: 1200px) {\r\n.vryum69f0476d8fc7d {\r\ndisplay: block;\r\n}\r\n}\r\n@media screen and (min-width: 769px) and (max-width: 992px) {\r\n.vryum69f0476d8fc7d {\r\ndisplay: block;\r\n}\r\n}\r\n@media screen and (min-width: 768px) and (max-width: 768px) {\r\n.vryum69f0476d8fc7d {\r\ndisplay: none;\r\n}\r\n}\r\n@media screen and (max-width: 767px) {\r\n.vryum69f0476d8fc7d {\r\ndisplay: none;\r\n}\r\n}\r\n<\/style>\r\n\n\n\n\n<p>A empresa Rialma Energia E\u00f3lica foi representada pelo advogado Leonardo Braz, da sociedade Holanda Advogados.<\/p>\n\n\n\n<p>Confira decis\u00e3o na \u00edntegra<\/p>\n\n\n\n<div class=\"wp-block-file\"><a href=\"https:\/\/justicapotiguar.com.br\/wp-content\/uploads\/2022\/02\/Tutela-antecipada-concedida.-Rialma.pdf\">Tutela-antecipada-concedida.-Rialma<\/a><a href=\"https:\/\/justicapotiguar.com.br\/wp-content\/uploads\/2022\/02\/Tutela-antecipada-concedida.-Rialma.pdf\" class=\"wp-block-file__button\" download>Baixar<\/a><\/div>\n","protected":false},"excerpt":{"rendered":"<p>Mais uma empresa do setor de energia e\u00f3lica conseguiu na Justi\u00e7a vit\u00f3ria contra o Governo do Estado para a concess\u00e3o de licenciamento ambiental a partir de relat\u00f3rio ambiental simples e n\u00e3o de um estudo de impacto ambiental, conforme vem sendo defendido pela Procuradoria Geral do Estado e seguido pelo IDEMA, o que tem gerado entraves<br \/><a class=\"more-link\" href=\"https:\/\/justicapotiguar.com.br\/index.php\/2022\/02\/15\/mais-uma-empresa-de-energia-eolica-consegue-liminar-para-licenciamento-com-estudo-ambiental-simplificado-no-rn\/\">Mais&#8230;<\/a><\/p>\n","protected":false},"author":5,"featured_media":0,"comment_status":"open","ping_status":"open","sticky":false,"template":"","format":"standard","meta":[],"categories":[1],"tags":[],"_links":{"self":[{"href":"https:\/\/justicapotiguar.com.br\/index.php\/wp-json\/wp\/v2\/posts\/24528"}],"collection":[{"href":"https:\/\/justicapotiguar.com.br\/index.php\/wp-json\/wp\/v2\/posts"}],"about":[{"href":"https:\/\/justicapotiguar.com.br\/index.php\/wp-json\/wp\/v2\/types\/post"}],"author":[{"embeddable":true,"href":"https:\/\/justicapotiguar.com.br\/index.php\/wp-json\/wp\/v2\/users\/5"}],"replies":[{"embeddable":true,"href":"https:\/\/justicapotiguar.com.br\/index.php\/wp-json\/wp\/v2\/comments?post=24528"}],"version-history":[{"count":2,"href":"https:\/\/justicapotiguar.com.br\/index.php\/wp-json\/wp\/v2\/posts\/24528\/revisions"}],"predecessor-version":[{"id":24533,"href":"https:\/\/justicapotiguar.com.br\/index.php\/wp-json\/wp\/v2\/posts\/24528\/revisions\/24533"}],"wp:attachment":[{"href":"https:\/\/justicapotiguar.com.br\/index.php\/wp-json\/wp\/v2\/media?parent=24528"}],"wp:term":[{"taxonomy":"category","embeddable":true,"href":"https:\/\/justicapotiguar.com.br\/index.php\/wp-json\/wp\/v2\/categories?post=24528"},{"taxonomy":"post_tag","embeddable":true,"href":"https:\/\/justicapotiguar.com.br\/index.php\/wp-json\/wp\/v2\/tags?post=24528"}],"curies":[{"name":"wp","href":"https:\/\/api.w.org\/{rel}","templated":true}]}}