{"id":24487,"date":"2022-02-11T10:22:00","date_gmt":"2022-02-11T13:22:00","guid":{"rendered":"https:\/\/justicapotiguar.com.br\/?p=24487"},"modified":"2022-02-11T09:56:04","modified_gmt":"2022-02-11T12:56:04","slug":"promotor-e-denunciado-pelo-mpf-por-abuso-de-autoridade-e-aceita-transacao-penal-para-se-livrar-de-processo","status":"publish","type":"post","link":"https:\/\/justicapotiguar.com.br\/index.php\/2022\/02\/11\/promotor-e-denunciado-pelo-mpf-por-abuso-de-autoridade-e-aceita-transacao-penal-para-se-livrar-de-processo\/","title":{"rendered":"Promotor \u00e9 denunciado pelo MPF por abuso de autoridade e aceita transa\u00e7\u00e3o penal para se livrar de processo"},"content":{"rendered":"\n<p>A OAB\/DF conseguiu mostrar ao Minist\u00e9rio P\u00fablico Federal (MPF) que o promotor p\u00fablico Marcelo Vilela Tannus Filho se excedeu ao dar voz de pris\u00e3o ao advogado Alisson Pereira do Roz\u00e1rio, no meio de uma audi\u00eancia, durante o ano passado. Alisson defendia seu cliente e seus atos n\u00e3o configuraram desacato de autoridade, tal como acusou o promotor. Quem assinou a den\u00fancia pelo MPF foi a procuradora regional da Rep\u00fablica Raquel Branquinho.<\/p>\n\n\n\n<p>O presidente da Seccional do Distrito Federal, D\u00e9lio Lins e Silva Jr., disse que \u201co oferecimento de den\u00fancia contra um membro do Minist\u00e9rio P\u00fablico pelo crime de abuso de autoridade \u00e9 raro e extremamente pedag\u00f3gico\u201d. Para D\u00e9lio, \u201cesse caso \u00e9 um dos maiores absurdos de que j\u00e1 se noticiou sobre abuso de autoridade, pois se deu no meio de uma audi\u00eancia, no exerc\u00edcio das fun\u00e7\u00f5es\u201d.<\/p>\n\n\n\n<figure class=\"wp-block-image size-large\"><img loading=\"lazy\" width=\"1024\" height=\"576\" src=\"https:\/\/justicapotiguar.com.br\/wp-content\/uploads\/2019\/11\/promotor-justica-1200x675-1024x576.jpg\" alt=\"\" class=\"wp-image-4211\" srcset=\"https:\/\/justicapotiguar.com.br\/wp-content\/uploads\/2019\/11\/promotor-justica-1200x675-1024x576.jpg 1024w, https:\/\/justicapotiguar.com.br\/wp-content\/uploads\/2019\/11\/promotor-justica-1200x675-300x169.jpg 300w, https:\/\/justicapotiguar.com.br\/wp-content\/uploads\/2019\/11\/promotor-justica-1200x675-768x432.jpg 768w, https:\/\/justicapotiguar.com.br\/wp-content\/uploads\/2019\/11\/promotor-justica-1200x675.jpg 1200w\" sizes=\"(max-width: 1024px) 100vw, 1024px\" \/><figcaption>Reprodu\u00e7\u00e3o<\/figcaption><\/figure>\n\n\n\n<p>Comentando o caso, o presidente da Comiss\u00e3o de Prerrogativas da OAB\/DF, Rafael Martins, explicou: \u201cO uso da lei de abuso de autoridade no caso representa relevante paradigma para a compreens\u00e3o por parte das autoridades da necessidade do respeito da autonomia, independ\u00eancia e respeito \u00e0 advocacia devidos no exerc\u00edcio das atribui\u00e7\u00f5es constitucionais previstas no artigo 133 da Constitui\u00e7\u00e3o Federal.\u201d<\/p>\n\n\n\n<p>Leonardo Rabelo, presidente da Subse\u00e7\u00e3o de Ceil\u00e2ndia, disse que esteve \u201cno olho do furac\u00e3o\u201d, no dia que o promotor deu a voz de pris\u00e3o. Ele foi acionado pelo colega na qualidade de presidente da Subse\u00e7\u00e3o para acompanhar a situa\u00e7\u00e3o, sendo representante da OAB. \u201cFui com o colega \u00e0 delegacia e depois encaminhei o caso \u00e0 Comiss\u00e3o de Prerrogativas pedindo desagravo, que foi aprovado pelo Conselho Pleno. Logo tivemos o&nbsp;<a href=\"https:\/\/oabdf.org.br\/noticias\/oab-df-faz-ato-de-desagravo-contra-promotor-de-justica\/\">ato p\u00fablico<\/a>&nbsp;aqui em Ceil\u00e2ndia de apoio ao dr Alisson. Assim, hoje, fico satisfeito em ver esse resultado\u201d.<\/p><div class=\"tvrkv69f02ebb9d526\" ><!--<a href=\"https:\/\/bit.ly\/3QdrqTZ\" target=\"_blank\">\n<img src=\"https:\/\/justicapotiguar.com.br\/wp-content\/uploads\/2023\/09\/mobile-geral.gif\"\/><a\/>--><\/div><style type=\"text\/css\">\r\n.tvrkv69f02ebb9d526 {\r\ntext-align: center;\r\n}\r\n@media screen and (min-width: 1201px) {\r\n.tvrkv69f02ebb9d526 {\r\ndisplay: none;\r\n}\r\n}\r\n@media screen and (min-width: 993px) and (max-width: 1200px) {\r\n.tvrkv69f02ebb9d526 {\r\ndisplay: none;\r\n}\r\n}\r\n@media screen and (min-width: 769px) and (max-width: 992px) {\r\n.tvrkv69f02ebb9d526 {\r\ndisplay: none;\r\n}\r\n}\r\n@media screen and (min-width: 768px) and (max-width: 768px) {\r\n.tvrkv69f02ebb9d526 {\r\ndisplay: block;\r\n}\r\n}\r\n@media screen and (max-width: 767px) {\r\n.tvrkv69f02ebb9d526 {\r\ndisplay: block;\r\n}\r\n}\r\n<\/style>\r\n<div class=\"fivvh69f02ebb9d511\" ><!--<a href=\"https:\/\/bit.ly\/3QdrqTZ\" target=\"_blank\">\n<img src=\"https:\/\/justicapotiguar.com.br\/wp-content\/uploads\/2023\/09\/desktop-geral.gif\"\/><a\/>--><\/div><style type=\"text\/css\">\r\n.fivvh69f02ebb9d511 {\r\ntext-align: center;\nmargin-bottom: 1em;\r\n}\r\n@media screen and (min-width: 1201px) {\r\n.fivvh69f02ebb9d511 {\r\ndisplay: block;\r\n}\r\n}\r\n@media screen and (min-width: 993px) and (max-width: 1200px) {\r\n.fivvh69f02ebb9d511 {\r\ndisplay: block;\r\n}\r\n}\r\n@media screen and (min-width: 769px) and (max-width: 992px) {\r\n.fivvh69f02ebb9d511 {\r\ndisplay: block;\r\n}\r\n}\r\n@media screen and (min-width: 768px) and (max-width: 768px) {\r\n.fivvh69f02ebb9d511 {\r\ndisplay: none;\r\n}\r\n}\r\n@media screen and (max-width: 767px) {\r\n.fivvh69f02ebb9d511 {\r\ndisplay: none;\r\n}\r\n}\r\n<\/style>\r\n\n\n\n\n<p>Depois do desagravo, Leonardo lembra que houve uma tentativa de concilia\u00e7\u00e3o por parte de representantes do sindicato dos promotores. \u201cN\u00e3o aceitamos. Para n\u00f3s, prerrogativas n\u00e3o s\u00e3o negoci\u00e1veis. N\u00e3o podemos abrir m\u00e3o! Aqui, em Ceil\u00e2ndia, o respeito \u00e0s prerrogativas \u00e9 carro-chefe. A den\u00fancia do MPF refor\u00e7a que temos de ser respeitados no nosso exerc\u00edcio profissional.\u201d<\/p>\n\n\n\n<p><strong>Transa\u00e7\u00e3o Penal<\/strong>&nbsp;\u2013 Quando a pena criminal \u00e9 pequena, para o processo n\u00e3o prosseguir, \u00e9 ofertado ao denunciado a possibilidade de atender aos requisitos propostos pelo Minist\u00e9rio P\u00fablico para extinguir o feito. No caso de Marcelo Vilela Tannus Filho, ele pagou R$ 10 mil para n\u00e3o correr o risco de ser condenado.<\/p>\n\n\n\n<p>A tipifica\u00e7\u00e3o criminal que ele responderia (artigo 4\u00ba, letra \u201ca\u201d, da Lei 4.898\/65) estabelece pena de multa e deten\u00e7\u00e3o de 10 (dez) dias a 06 (seis) meses, conforme previsto no par\u00e1grafo 3\u00ba do seu artigo 6\u00ba. J\u00e1 o artigo 61 da Lei 9.099\/95 considera infra\u00e7\u00e3o de menor potencial ofensivo as contraven\u00e7\u00f5es e os crimes a que a lei comine pela m\u00e1xima n\u00e3o superior a 2 (dois) anos, cumulada ou n\u00e3o com a multa. Assim, ele fez jus \u00e0 transa\u00e7\u00e3o penal. Ele aceitou fazer isso.<\/p>\n","protected":false},"excerpt":{"rendered":"<p>A OAB\/DF conseguiu mostrar ao Minist\u00e9rio P\u00fablico Federal (MPF) que o promotor p\u00fablico Marcelo Vilela Tannus Filho se excedeu ao dar voz de pris\u00e3o ao advogado Alisson Pereira do Roz\u00e1rio, no meio de uma audi\u00eancia, durante o ano passado. Alisson defendia seu cliente e seus atos n\u00e3o configuraram desacato de autoridade, tal como acusou o<br \/><a class=\"more-link\" href=\"https:\/\/justicapotiguar.com.br\/index.php\/2022\/02\/11\/promotor-e-denunciado-pelo-mpf-por-abuso-de-autoridade-e-aceita-transacao-penal-para-se-livrar-de-processo\/\">Mais&#8230;<\/a><\/p>\n","protected":false},"author":5,"featured_media":0,"comment_status":"open","ping_status":"open","sticky":false,"template":"","format":"standard","meta":[],"categories":[1],"tags":[],"_links":{"self":[{"href":"https:\/\/justicapotiguar.com.br\/index.php\/wp-json\/wp\/v2\/posts\/24487"}],"collection":[{"href":"https:\/\/justicapotiguar.com.br\/index.php\/wp-json\/wp\/v2\/posts"}],"about":[{"href":"https:\/\/justicapotiguar.com.br\/index.php\/wp-json\/wp\/v2\/types\/post"}],"author":[{"embeddable":true,"href":"https:\/\/justicapotiguar.com.br\/index.php\/wp-json\/wp\/v2\/users\/5"}],"replies":[{"embeddable":true,"href":"https:\/\/justicapotiguar.com.br\/index.php\/wp-json\/wp\/v2\/comments?post=24487"}],"version-history":[{"count":1,"href":"https:\/\/justicapotiguar.com.br\/index.php\/wp-json\/wp\/v2\/posts\/24487\/revisions"}],"predecessor-version":[{"id":24488,"href":"https:\/\/justicapotiguar.com.br\/index.php\/wp-json\/wp\/v2\/posts\/24487\/revisions\/24488"}],"wp:attachment":[{"href":"https:\/\/justicapotiguar.com.br\/index.php\/wp-json\/wp\/v2\/media?parent=24487"}],"wp:term":[{"taxonomy":"category","embeddable":true,"href":"https:\/\/justicapotiguar.com.br\/index.php\/wp-json\/wp\/v2\/categories?post=24487"},{"taxonomy":"post_tag","embeddable":true,"href":"https:\/\/justicapotiguar.com.br\/index.php\/wp-json\/wp\/v2\/tags?post=24487"}],"curies":[{"name":"wp","href":"https:\/\/api.w.org\/{rel}","templated":true}]}}