{"id":24371,"date":"2022-02-04T17:47:07","date_gmt":"2022-02-04T20:47:07","guid":{"rendered":"https:\/\/justicapotiguar.com.br\/?p=24371"},"modified":"2022-02-04T17:47:07","modified_gmt":"2022-02-04T20:47:07","slug":"covid-19-ministro-potiguar-emmanoel-pereira-toma-posse-na-presidencia-do-tst-em-sessao-telepresencial-no-dia-16","status":"publish","type":"post","link":"https:\/\/justicapotiguar.com.br\/index.php\/2022\/02\/04\/covid-19-ministro-potiguar-emmanoel-pereira-toma-posse-na-presidencia-do-tst-em-sessao-telepresencial-no-dia-16\/","title":{"rendered":"COVID-19: Ministro potiguar Emmanoel Pereira toma posse na Presid\u00eancia do TST em sess\u00e3o telepresencial no dia 16"},"content":{"rendered":"\n<figure class=\"wp-block-image size-large\"><img loading=\"lazy\" width=\"900\" height=\"600\" src=\"https:\/\/justicapotiguar.com.br\/wp-content\/uploads\/2019\/08\/Emmanoel-Pereira-CNJ.jpg\" alt=\"\" class=\"wp-image-586\" srcset=\"https:\/\/justicapotiguar.com.br\/wp-content\/uploads\/2019\/08\/Emmanoel-Pereira-CNJ.jpg 900w, https:\/\/justicapotiguar.com.br\/wp-content\/uploads\/2019\/08\/Emmanoel-Pereira-CNJ-300x200.jpg 300w, https:\/\/justicapotiguar.com.br\/wp-content\/uploads\/2019\/08\/Emmanoel-Pereira-CNJ-768x512.jpg 768w\" sizes=\"(max-width: 900px) 100vw, 900px\" \/><figcaption>Reprodu\u00e7\u00e3o<\/figcaption><\/figure>\n\n\n\n<p>O Tribunal Superior do Trabalho (TST) informa que, tendo em vista o recente aumento do n\u00famero de infec\u00e7\u00f5es por covid-19 registrado no Brasil, e em especial no Distrito Federal, a cerim\u00f4nia da Sess\u00e3o Solene de Posse da nova dire\u00e7\u00e3o do TST, que ter\u00e1 como presidente o ministro potiguar Emmanoel Pereira, ser\u00e1 realizada no formato telepresencial, com o objetivo de garantir a seguran\u00e7a e prote\u00e7\u00e3o de todos.<\/p><div class=\"rjrcj69effc5926317\" ><!--<a href=\"https:\/\/bit.ly\/3QdrqTZ\" target=\"_blank\">\n<img src=\"https:\/\/justicapotiguar.com.br\/wp-content\/uploads\/2023\/09\/mobile-geral.gif\"\/><a\/>--><\/div><style type=\"text\/css\">\r\n.rjrcj69effc5926317 {\r\ntext-align: center;\r\n}\r\n@media screen and (min-width: 1201px) {\r\n.rjrcj69effc5926317 {\r\ndisplay: none;\r\n}\r\n}\r\n@media screen and (min-width: 993px) and (max-width: 1200px) {\r\n.rjrcj69effc5926317 {\r\ndisplay: none;\r\n}\r\n}\r\n@media screen and (min-width: 769px) and (max-width: 992px) {\r\n.rjrcj69effc5926317 {\r\ndisplay: none;\r\n}\r\n}\r\n@media screen and (min-width: 768px) and (max-width: 768px) {\r\n.rjrcj69effc5926317 {\r\ndisplay: block;\r\n}\r\n}\r\n@media screen and (max-width: 767px) {\r\n.rjrcj69effc5926317 {\r\ndisplay: block;\r\n}\r\n}\r\n<\/style>\r\n<div class=\"adqcg69effc5926303\" ><!--<a href=\"https:\/\/bit.ly\/3QdrqTZ\" target=\"_blank\">\n<img src=\"https:\/\/justicapotiguar.com.br\/wp-content\/uploads\/2023\/09\/desktop-geral.gif\"\/><a\/>--><\/div><style type=\"text\/css\">\r\n.adqcg69effc5926303 {\r\ntext-align: center;\nmargin-bottom: 1em;\r\n}\r\n@media screen and (min-width: 1201px) {\r\n.adqcg69effc5926303 {\r\ndisplay: block;\r\n}\r\n}\r\n@media screen and (min-width: 993px) and (max-width: 1200px) {\r\n.adqcg69effc5926303 {\r\ndisplay: block;\r\n}\r\n}\r\n@media screen and (min-width: 769px) and (max-width: 992px) {\r\n.adqcg69effc5926303 {\r\ndisplay: block;\r\n}\r\n}\r\n@media screen and (min-width: 768px) and (max-width: 768px) {\r\n.adqcg69effc5926303 {\r\ndisplay: none;\r\n}\r\n}\r\n@media screen and (max-width: 767px) {\r\n.adqcg69effc5926303 {\r\ndisplay: none;\r\n}\r\n}\r\n<\/style>\r\n\n\n\n\n<p>O evento segue confirmado para o dia 16 de fevereiro de 2022 e poder\u00e1 ser assistido por Vossa Excel\u00eancia pelo canal oficial do TST no Youtube, a partir das 17h.<\/p>\n","protected":false},"excerpt":{"rendered":"<p>O Tribunal Superior do Trabalho (TST) informa que, tendo em vista o recente aumento do n\u00famero de infec\u00e7\u00f5es por covid-19 registrado no Brasil, e em especial no Distrito Federal, a cerim\u00f4nia da Sess\u00e3o Solene de Posse da nova dire\u00e7\u00e3o do TST, que ter\u00e1 como presidente o ministro potiguar Emmanoel Pereira, ser\u00e1 realizada no formato telepresencial,<br \/><a class=\"more-link\" href=\"https:\/\/justicapotiguar.com.br\/index.php\/2022\/02\/04\/covid-19-ministro-potiguar-emmanoel-pereira-toma-posse-na-presidencia-do-tst-em-sessao-telepresencial-no-dia-16\/\">Mais&#8230;<\/a><\/p>\n","protected":false},"author":5,"featured_media":0,"comment_status":"open","ping_status":"open","sticky":false,"template":"","format":"standard","meta":[],"categories":[1],"tags":[],"_links":{"self":[{"href":"https:\/\/justicapotiguar.com.br\/index.php\/wp-json\/wp\/v2\/posts\/24371"}],"collection":[{"href":"https:\/\/justicapotiguar.com.br\/index.php\/wp-json\/wp\/v2\/posts"}],"about":[{"href":"https:\/\/justicapotiguar.com.br\/index.php\/wp-json\/wp\/v2\/types\/post"}],"author":[{"embeddable":true,"href":"https:\/\/justicapotiguar.com.br\/index.php\/wp-json\/wp\/v2\/users\/5"}],"replies":[{"embeddable":true,"href":"https:\/\/justicapotiguar.com.br\/index.php\/wp-json\/wp\/v2\/comments?post=24371"}],"version-history":[{"count":1,"href":"https:\/\/justicapotiguar.com.br\/index.php\/wp-json\/wp\/v2\/posts\/24371\/revisions"}],"predecessor-version":[{"id":24372,"href":"https:\/\/justicapotiguar.com.br\/index.php\/wp-json\/wp\/v2\/posts\/24371\/revisions\/24372"}],"wp:attachment":[{"href":"https:\/\/justicapotiguar.com.br\/index.php\/wp-json\/wp\/v2\/media?parent=24371"}],"wp:term":[{"taxonomy":"category","embeddable":true,"href":"https:\/\/justicapotiguar.com.br\/index.php\/wp-json\/wp\/v2\/categories?post=24371"},{"taxonomy":"post_tag","embeddable":true,"href":"https:\/\/justicapotiguar.com.br\/index.php\/wp-json\/wp\/v2\/tags?post=24371"}],"curies":[{"name":"wp","href":"https:\/\/api.w.org\/{rel}","templated":true}]}}