{"id":24367,"date":"2022-02-04T16:26:00","date_gmt":"2022-02-04T19:26:00","guid":{"rendered":"https:\/\/justicapotiguar.com.br\/?p=24367"},"modified":"2022-02-04T11:29:18","modified_gmt":"2022-02-04T14:29:18","slug":"condenacao-de-litigancia-de-ma-fe-contra-advogado-e-suspensa-apos-acao-da-oab-rn","status":"publish","type":"post","link":"https:\/\/justicapotiguar.com.br\/index.php\/2022\/02\/04\/condenacao-de-litigancia-de-ma-fe-contra-advogado-e-suspensa-apos-acao-da-oab-rn\/","title":{"rendered":"Condena\u00e7\u00e3o de litig\u00e2ncia de m\u00e1-f\u00e9 contra advogado \u00e9 suspensa ap\u00f3s a\u00e7\u00e3o da OAB\/RN"},"content":{"rendered":"\n<p>A Ordem dos Advogados do Brasil no Rio Grande do Norte (OAB\/RN), por meio da Comiss\u00e3o de Defesa das Prerrogativas e Valoriza\u00e7\u00e3o da Advocacia, conquista decis\u00e3o favor\u00e1vel em Mandado de Seguran\u00e7a C\u00edvel julgado pela 1\u00b0 Turma Recursal. A decis\u00e3o atua em favor de advogado que havia sido condenado por litig\u00e2ncia de m\u00e1-f\u00e9 pelo Juizado Especial da Comarca de S\u00e3o Miguel.<\/p>\n\n\n\n<figure class=\"wp-block-image size-large\"><img loading=\"lazy\" width=\"680\" height=\"453\" src=\"https:\/\/justicapotiguar.com.br\/wp-content\/uploads\/2019\/08\/advogado-dia.jpg\" alt=\"\" class=\"wp-image-652\" srcset=\"https:\/\/justicapotiguar.com.br\/wp-content\/uploads\/2019\/08\/advogado-dia.jpg 680w, https:\/\/justicapotiguar.com.br\/wp-content\/uploads\/2019\/08\/advogado-dia-300x200.jpg 300w\" sizes=\"(max-width: 680px) 100vw, 680px\" \/><figcaption>Ilustrativa<\/figcaption><\/figure>\n\n\n\n<p>A interven\u00e7\u00e3o da OAB\/RN ocorreu por iniciativa da ent\u00e3o presidente da Subsec\u00e7\u00e3o do Alto Oeste e atual vice-presidente da Ordem Potiguar, Lidiana Dias, em raz\u00e3o da senten\u00e7a proferida no Juizado Especial C\u00edvel da Comarca de S\u00e3o Miguel, que, atrav\u00e9s dos autos do processo n\u00ba 0010082-29.2018.8.20.0131, decidiu por condenar o autor e o advogado que o representou por litig\u00e2ncia de m\u00e1-f\u00e9.<\/p>\n\n\n\n<p>A Ordem Potiguar sustentou que a penalidade de litig\u00e2ncia de m\u00e1 f\u00e9 n\u00e3o pode ser aplicada contra a Advocacia, Defensoria P\u00fablica ou Minist\u00e9rio P\u00fablico em raz\u00e3o da sua atua\u00e7\u00e3o profissional, de modo que apenas os respectivos \u00f3rg\u00e3os de classe ou corregedorias podem apurar tais m\u00e9ritos.<\/p><div class=\"nsgwc69eff3fbc85b9\" ><!--<a href=\"https:\/\/bit.ly\/3QdrqTZ\" target=\"_blank\">\n<img src=\"https:\/\/justicapotiguar.com.br\/wp-content\/uploads\/2023\/09\/mobile-geral.gif\"\/><a\/>--><\/div><style type=\"text\/css\">\r\n.nsgwc69eff3fbc85b9 {\r\ntext-align: center;\r\n}\r\n@media screen and (min-width: 1201px) {\r\n.nsgwc69eff3fbc85b9 {\r\ndisplay: none;\r\n}\r\n}\r\n@media screen and (min-width: 993px) and (max-width: 1200px) {\r\n.nsgwc69eff3fbc85b9 {\r\ndisplay: none;\r\n}\r\n}\r\n@media screen and (min-width: 769px) and (max-width: 992px) {\r\n.nsgwc69eff3fbc85b9 {\r\ndisplay: none;\r\n}\r\n}\r\n@media screen and (min-width: 768px) and (max-width: 768px) {\r\n.nsgwc69eff3fbc85b9 {\r\ndisplay: block;\r\n}\r\n}\r\n@media screen and (max-width: 767px) {\r\n.nsgwc69eff3fbc85b9 {\r\ndisplay: block;\r\n}\r\n}\r\n<\/style>\r\n<div class=\"wraro69eff3fbc85a6\" ><!--<a href=\"https:\/\/bit.ly\/3QdrqTZ\" target=\"_blank\">\n<img src=\"https:\/\/justicapotiguar.com.br\/wp-content\/uploads\/2023\/09\/desktop-geral.gif\"\/><a\/>--><\/div><style type=\"text\/css\">\r\n.wraro69eff3fbc85a6 {\r\ntext-align: center;\nmargin-bottom: 1em;\r\n}\r\n@media screen and (min-width: 1201px) {\r\n.wraro69eff3fbc85a6 {\r\ndisplay: block;\r\n}\r\n}\r\n@media screen and (min-width: 993px) and (max-width: 1200px) {\r\n.wraro69eff3fbc85a6 {\r\ndisplay: block;\r\n}\r\n}\r\n@media screen and (min-width: 769px) and (max-width: 992px) {\r\n.wraro69eff3fbc85a6 {\r\ndisplay: block;\r\n}\r\n}\r\n@media screen and (min-width: 768px) and (max-width: 768px) {\r\n.wraro69eff3fbc85a6 {\r\ndisplay: none;\r\n}\r\n}\r\n@media screen and (max-width: 767px) {\r\n.wraro69eff3fbc85a6 {\r\ndisplay: none;\r\n}\r\n}\r\n<\/style>\r\n\n\n\n\n<p>Al\u00e9m disso, o Supremo Tribunal Federal, atrav\u00e9s da A\u00e7\u00e3o Direta de Inconstitucionalidade n. 2.652\/DF, decidiu que somente a Ordem dos Advogados pode aplicar penalidade \u00e0 advocacia em caso de viola\u00e7\u00e3o profissional, aplicando-se, inclusive, aos demais \u00f3rg\u00e3os do Poder Judici\u00e1rio.<\/p>\n\n\n\n<p>Ap\u00f3s o Mandado de Seguran\u00e7a da OAB\/RN, o juiz Ricardo Proc\u00f3pio Bandeira de Melo determinou a suspens\u00e3o da senten\u00e7a de litig\u00e2ncia de m\u00e1-f\u00e9 por parte do advogado. Confira a liminar completa&nbsp;<a href=\"https:\/\/www.oabrn.org.br\/2017\/_ups\/files\/files\/Decis%C3%A3o%20MS_concedida_Liminar_condena%C3%A7%C3%A3o_litig%C3%A2ncia_Juizado.pdf\">AQUI<\/a>.<\/p>\n\n\n\n<p>A vice-presidente da OAB\/RN, Lidiana Dias, fala sobre a import\u00e2ncia da decis\u00e3o para o resguardo da advocacia. \u201cA decis\u00e3o adv\u00e9m de uma situa\u00e7\u00e3o ocorrida no Alto Oeste Potiguar, entretanto, serve de par\u00e2metro para toda Advocacia, que n\u00e3o pode ter sua liberdade e dignidade profissional tolhida. A Ordem Potiguar seguir\u00e1 atuando firmemente para resguardar os direitos da nossa atividade profissional\u201d, afirmou a advogada.<\/p>\n","protected":false},"excerpt":{"rendered":"<p>A Ordem dos Advogados do Brasil no Rio Grande do Norte (OAB\/RN), por meio da Comiss\u00e3o de Defesa das Prerrogativas e Valoriza\u00e7\u00e3o da Advocacia, conquista decis\u00e3o favor\u00e1vel em Mandado de Seguran\u00e7a C\u00edvel julgado pela 1\u00b0 Turma Recursal. A decis\u00e3o atua em favor de advogado que havia sido condenado por litig\u00e2ncia de m\u00e1-f\u00e9 pelo Juizado Especial<br \/><a class=\"more-link\" href=\"https:\/\/justicapotiguar.com.br\/index.php\/2022\/02\/04\/condenacao-de-litigancia-de-ma-fe-contra-advogado-e-suspensa-apos-acao-da-oab-rn\/\">Mais&#8230;<\/a><\/p>\n","protected":false},"author":5,"featured_media":0,"comment_status":"open","ping_status":"open","sticky":false,"template":"","format":"standard","meta":[],"categories":[1],"tags":[],"_links":{"self":[{"href":"https:\/\/justicapotiguar.com.br\/index.php\/wp-json\/wp\/v2\/posts\/24367"}],"collection":[{"href":"https:\/\/justicapotiguar.com.br\/index.php\/wp-json\/wp\/v2\/posts"}],"about":[{"href":"https:\/\/justicapotiguar.com.br\/index.php\/wp-json\/wp\/v2\/types\/post"}],"author":[{"embeddable":true,"href":"https:\/\/justicapotiguar.com.br\/index.php\/wp-json\/wp\/v2\/users\/5"}],"replies":[{"embeddable":true,"href":"https:\/\/justicapotiguar.com.br\/index.php\/wp-json\/wp\/v2\/comments?post=24367"}],"version-history":[{"count":1,"href":"https:\/\/justicapotiguar.com.br\/index.php\/wp-json\/wp\/v2\/posts\/24367\/revisions"}],"predecessor-version":[{"id":24368,"href":"https:\/\/justicapotiguar.com.br\/index.php\/wp-json\/wp\/v2\/posts\/24367\/revisions\/24368"}],"wp:attachment":[{"href":"https:\/\/justicapotiguar.com.br\/index.php\/wp-json\/wp\/v2\/media?parent=24367"}],"wp:term":[{"taxonomy":"category","embeddable":true,"href":"https:\/\/justicapotiguar.com.br\/index.php\/wp-json\/wp\/v2\/categories?post=24367"},{"taxonomy":"post_tag","embeddable":true,"href":"https:\/\/justicapotiguar.com.br\/index.php\/wp-json\/wp\/v2\/tags?post=24367"}],"curies":[{"name":"wp","href":"https:\/\/api.w.org\/{rel}","templated":true}]}}