{"id":24312,"date":"2022-02-02T09:08:00","date_gmt":"2022-02-02T12:08:00","guid":{"rendered":"https:\/\/justicapotiguar.com.br\/?p=24312"},"modified":"2022-02-02T08:28:27","modified_gmt":"2022-02-02T11:28:27","slug":"barroso-ataca-bolsonaro-por-vazamento-de-inquerito-do-tse-faltam-adjetivos-veja","status":"publish","type":"post","link":"https:\/\/justicapotiguar.com.br\/index.php\/2022\/02\/02\/barroso-ataca-bolsonaro-por-vazamento-de-inquerito-do-tse-faltam-adjetivos-veja\/","title":{"rendered":"Barroso ataca Bolsonaro por vazamento de inqu\u00e9rito do TSE: &#8220;Faltam adjetivos&#8221;: veja"},"content":{"rendered":"\n<figure class=\"wp-block-embed is-type-video is-provider-youtube wp-block-embed-youtube wp-embed-aspect-16-9 wp-has-aspect-ratio\"><div class=\"wp-block-embed__wrapper\">\n<iframe loading=\"lazy\" title=\"Barroso critica Bolsonaro por vazamento de dados sigilosos\" width=\"640\" height=\"360\" src=\"https:\/\/www.youtube.com\/embed\/IC-Ez3-JqX0?feature=oembed\" frameborder=\"0\" allow=\"accelerometer; autoplay; clipboard-write; encrypted-media; gyroscope; picture-in-picture\" allowfullscreen><\/iframe>\n<\/div><\/figure>\n\n\n\n<p>O presidente do TSE (Tribunal Superior Eleitoral), Lu\u00eds Roberto Barroso, afirmou hoje que &#8220;faltam adjetivos para qualificar&#8221; a atitude do presidente\u00a0<a href=\"https:\/\/noticias.uol.com.br\/politica\/governo-bolsonaro\/\">Jair Bolsonaro<\/a>\u00a0(PL)\u00a0<a href=\"https:\/\/noticias.uol.com.br\/politica\/ultimas-noticias\/2021\/08\/09\/tse-denuncia-bolsonaro-por-divulgar-inquerito-da-pf-contra-ataque-hacker.htm\">de ter vazado um inqu\u00e9rito com dados sigilosos da Justi\u00e7a Eleitoral<\/a>, em agosto do ano passado. Barroso fez a declara\u00e7\u00e3o no in\u00edcio da noite de hoje, na abertura dos trabalhos do TSE em 2022.<\/p>\n\n\n\n<p>&#8220;Tivemos que tomar uma s\u00e9rie de provid\u00eancias de refor\u00e7o da seguran\u00e7a cibern\u00e9tica dos nossos sistemas para nos protegermos. Faltam adjetivos para qualificar a atitude deliberada de facilitar a exposi\u00e7\u00e3o do processo eleitoral brasileiro a ataques de criminosos&#8221;, criticou o ministro.<\/p>\n\n\n\n<p>Investigado no&nbsp;<a href=\"https:\/\/noticias.uol.com.br\/politica\/stf-supremo-tribunal-federal\/\">STF<\/a>&nbsp;(Supremo Tribunal Federal) pelo vazamento,&nbsp;<a href=\"https:\/\/noticias.uol.com.br\/politica\/ultimas-noticias\/2022\/01\/28\/bolsonaro-depoimento-policia-federal.htm\">Bolsonaro decidiu n\u00e3o comparecer \u00e0 PF na \u00faltima sexta-feira (28)<\/a>, em Bras\u00edlia, apesar da determina\u00e7\u00e3o do ministro Alexandre de Moraes para obrig\u00e1-lo a depor.<\/p>\n\n\n\n<p>O inqu\u00e9rito publicado nas redes sociais de Bolsonaro trata de um ataque&nbsp;<a href=\"https:\/\/www.uol.com.br\/tilt\/hacker\/\">hacker<\/a>&nbsp;ao TSE em 2018. O objetivo do vazamento, \u00e0 \u00e9poca, era questionar a seguran\u00e7a das urnas eletr\u00f4nicas.<\/p><div class=\"fuqqe69f3d516cf029\" ><!--<a href=\"https:\/\/bit.ly\/3QdrqTZ\" target=\"_blank\">\n<img src=\"https:\/\/justicapotiguar.com.br\/wp-content\/uploads\/2023\/09\/mobile-geral.gif\"\/><a\/>--><\/div><style type=\"text\/css\">\r\n.fuqqe69f3d516cf029 {\r\ntext-align: center;\r\n}\r\n@media screen and (min-width: 1201px) {\r\n.fuqqe69f3d516cf029 {\r\ndisplay: none;\r\n}\r\n}\r\n@media screen and (min-width: 993px) and (max-width: 1200px) {\r\n.fuqqe69f3d516cf029 {\r\ndisplay: none;\r\n}\r\n}\r\n@media screen and (min-width: 769px) and (max-width: 992px) {\r\n.fuqqe69f3d516cf029 {\r\ndisplay: none;\r\n}\r\n}\r\n@media screen and (min-width: 768px) and (max-width: 768px) {\r\n.fuqqe69f3d516cf029 {\r\ndisplay: block;\r\n}\r\n}\r\n@media screen and (max-width: 767px) {\r\n.fuqqe69f3d516cf029 {\r\ndisplay: block;\r\n}\r\n}\r\n<\/style>\r\n<div class=\"qbube69f3d516cf00b\" ><!--<a href=\"https:\/\/bit.ly\/3QdrqTZ\" target=\"_blank\">\n<img src=\"https:\/\/justicapotiguar.com.br\/wp-content\/uploads\/2023\/09\/desktop-geral.gif\"\/><a\/>--><\/div><style type=\"text\/css\">\r\n.qbube69f3d516cf00b {\r\ntext-align: center;\nmargin-bottom: 1em;\r\n}\r\n@media screen and (min-width: 1201px) {\r\n.qbube69f3d516cf00b {\r\ndisplay: block;\r\n}\r\n}\r\n@media screen and (min-width: 993px) and (max-width: 1200px) {\r\n.qbube69f3d516cf00b {\r\ndisplay: block;\r\n}\r\n}\r\n@media screen and (min-width: 769px) and (max-width: 992px) {\r\n.qbube69f3d516cf00b {\r\ndisplay: block;\r\n}\r\n}\r\n@media screen and (min-width: 768px) and (max-width: 768px) {\r\n.qbube69f3d516cf00b {\r\ndisplay: none;\r\n}\r\n}\r\n@media screen and (max-width: 767px) {\r\n.qbube69f3d516cf00b {\r\ndisplay: none;\r\n}\r\n}\r\n<\/style>\r\n\n\n\n\n<p>O tribunal nega que o ataque tenha comprometido a seguran\u00e7a das elei\u00e7\u00f5es, mas afirma que os dados vazados por Bolsonaro eram sigilosos e n\u00e3o deveriam ter vindo a p\u00fablico.<\/p>\n\n\n\n<p>&#8220;Informa\u00e7\u00f5es sigilosas que foram fornecidas \u00e0 Pol\u00edcia Federal, para auxiliar uma investiga\u00e7\u00e3o, foram vazadas pelo pr\u00f3prio Presidente da Rep\u00fablica em redes sociais, divulgando dados que auxiliam mil\u00edcias digitais e hackers de todo mundo que queiram tentar invadir nossos equipamentos&#8221;, reclamou Barroso.<\/p>\n\n\n\n<p>UOL<\/p>\n","protected":false},"excerpt":{"rendered":"<p>O presidente do TSE (Tribunal Superior Eleitoral), Lu\u00eds Roberto Barroso, afirmou hoje que &#8220;faltam adjetivos para qualificar&#8221; a atitude do presidente\u00a0Jair Bolsonaro\u00a0(PL)\u00a0de ter vazado um inqu\u00e9rito com dados sigilosos da Justi\u00e7a Eleitoral, em agosto do ano passado. Barroso fez a declara\u00e7\u00e3o no in\u00edcio da noite de hoje, na abertura dos trabalhos do TSE em 2022.<br \/><a class=\"more-link\" href=\"https:\/\/justicapotiguar.com.br\/index.php\/2022\/02\/02\/barroso-ataca-bolsonaro-por-vazamento-de-inquerito-do-tse-faltam-adjetivos-veja\/\">Mais&#8230;<\/a><\/p>\n","protected":false},"author":5,"featured_media":0,"comment_status":"open","ping_status":"open","sticky":false,"template":"","format":"standard","meta":[],"categories":[1],"tags":[],"_links":{"self":[{"href":"https:\/\/justicapotiguar.com.br\/index.php\/wp-json\/wp\/v2\/posts\/24312"}],"collection":[{"href":"https:\/\/justicapotiguar.com.br\/index.php\/wp-json\/wp\/v2\/posts"}],"about":[{"href":"https:\/\/justicapotiguar.com.br\/index.php\/wp-json\/wp\/v2\/types\/post"}],"author":[{"embeddable":true,"href":"https:\/\/justicapotiguar.com.br\/index.php\/wp-json\/wp\/v2\/users\/5"}],"replies":[{"embeddable":true,"href":"https:\/\/justicapotiguar.com.br\/index.php\/wp-json\/wp\/v2\/comments?post=24312"}],"version-history":[{"count":2,"href":"https:\/\/justicapotiguar.com.br\/index.php\/wp-json\/wp\/v2\/posts\/24312\/revisions"}],"predecessor-version":[{"id":24316,"href":"https:\/\/justicapotiguar.com.br\/index.php\/wp-json\/wp\/v2\/posts\/24312\/revisions\/24316"}],"wp:attachment":[{"href":"https:\/\/justicapotiguar.com.br\/index.php\/wp-json\/wp\/v2\/media?parent=24312"}],"wp:term":[{"taxonomy":"category","embeddable":true,"href":"https:\/\/justicapotiguar.com.br\/index.php\/wp-json\/wp\/v2\/categories?post=24312"},{"taxonomy":"post_tag","embeddable":true,"href":"https:\/\/justicapotiguar.com.br\/index.php\/wp-json\/wp\/v2\/tags?post=24312"}],"curies":[{"name":"wp","href":"https:\/\/api.w.org\/{rel}","templated":true}]}}