{"id":24270,"date":"2022-01-31T10:05:00","date_gmt":"2022-01-31T13:05:00","guid":{"rendered":"https:\/\/justicapotiguar.com.br\/?p=24270"},"modified":"2022-01-30T22:26:51","modified_gmt":"2022-01-31T01:26:51","slug":"na-volta-do-recesso-stf-discute-ficha-limpa-e-pendencias-eleitorais","status":"publish","type":"post","link":"https:\/\/justicapotiguar.com.br\/index.php\/2022\/01\/31\/na-volta-do-recesso-stf-discute-ficha-limpa-e-pendencias-eleitorais\/","title":{"rendered":"Na volta do recesso, STF discute ficha limpa e pend\u00eancias eleitorais"},"content":{"rendered":"\n<figure class=\"wp-block-image size-large\"><img loading=\"lazy\" width=\"924\" height=\"616\" src=\"https:\/\/justicapotiguar.com.br\/wp-content\/uploads\/2021\/08\/predio-do-stf-em-brasilia-stf-divulgacao.jpg\" alt=\"\" class=\"wp-image-21137\" srcset=\"https:\/\/justicapotiguar.com.br\/wp-content\/uploads\/2021\/08\/predio-do-stf-em-brasilia-stf-divulgacao.jpg 924w, https:\/\/justicapotiguar.com.br\/wp-content\/uploads\/2021\/08\/predio-do-stf-em-brasilia-stf-divulgacao-300x200.jpg 300w, https:\/\/justicapotiguar.com.br\/wp-content\/uploads\/2021\/08\/predio-do-stf-em-brasilia-stf-divulgacao-768x512.jpg 768w\" sizes=\"(max-width: 924px) 100vw, 924px\" \/><figcaption>Reprodu\u00e7\u00e3o<\/figcaption><\/figure>\n\n\n\n<p>O retorno das atividades no STF (Supremo Tribunal Federal), no dia 1\u00ba de fevereiro, ocorre em meio \u00e0s expectativas sobre as elei\u00e7\u00f5es de outubro deste ano e uma&nbsp;<a href=\"https:\/\/noticias.r7.com\/brasilia\/moraes-nega-pedido-de-bolsonaro-para-nao-prestar-depoimento-na-pf-28012022\">crise institucional que envolve o depoimento do presidente Jair Bolsonaro, marcado pelo ministro Alexandre de Moraes<\/a>. No primeiro semestre, a\u00e7\u00f5es penais e eleitorais dominam a agenda da Corte e devem ter forte repercuss\u00e3o no mundo pol\u00edtico.&nbsp;<a href=\"https:\/\/noticias.r7.com\/brasilia\/fux-suspende-retorno-presencial-e-mantem-home-office-no-stf-26012022\">A volta do funcionamento regular do Judici\u00e1rio<\/a>&nbsp;tamb\u00e9m marca a presen\u00e7a do ministro Andr\u00e9 Mendon\u00e7a nas primeiras sess\u00f5es desde que tomou posse, em dezembro.<\/p>\n\n\n\n<p>Um dos julgamentos que podem mudar a configura\u00e7\u00e3o da campanha eleitoral e do pleito deste ano gira em torno do prazo para que os partidos formem federa\u00e7\u00f5es partid\u00e1rias. A previs\u00e3o \u00e9 que, j\u00e1 nesta semana, a Corte inicie a an\u00e1lise do tema. O plen\u00e1rio vai discutir uma liminar do ministro Lu\u00eds Roberto Barroso que decidiu que at\u00e9 abril as coliga\u00e7\u00f5es devem ter sido firmadas pelos partidos.<\/p>\n\n\n\n<p>Um pedido apresentado no Supremo, no entanto, pede a dilata\u00e7\u00e3o desse prazo, at\u00e9 julho, o que daria mais tempo para negocia\u00e7\u00f5es e acordo entre as siglas para disputar as elei\u00e7\u00f5es no fim do ano. As pesquisas de opini\u00e3o que ocorrem poucos meses antes da vota\u00e7\u00e3o podem dar um cen\u00e1rio mais real do votos dos eleitores para nortear as coliga\u00e7\u00f5es.<\/p><div class=\"mlfpe69efcd94d0bc4\" ><!--<a href=\"https:\/\/bit.ly\/3QdrqTZ\" target=\"_blank\">\n<img src=\"https:\/\/justicapotiguar.com.br\/wp-content\/uploads\/2023\/09\/mobile-geral.gif\"\/><a\/>--><\/div><style type=\"text\/css\">\r\n.mlfpe69efcd94d0bc4 {\r\ntext-align: center;\r\n}\r\n@media screen and (min-width: 1201px) {\r\n.mlfpe69efcd94d0bc4 {\r\ndisplay: none;\r\n}\r\n}\r\n@media screen and (min-width: 993px) and (max-width: 1200px) {\r\n.mlfpe69efcd94d0bc4 {\r\ndisplay: none;\r\n}\r\n}\r\n@media screen and (min-width: 769px) and (max-width: 992px) {\r\n.mlfpe69efcd94d0bc4 {\r\ndisplay: none;\r\n}\r\n}\r\n@media screen and (min-width: 768px) and (max-width: 768px) {\r\n.mlfpe69efcd94d0bc4 {\r\ndisplay: block;\r\n}\r\n}\r\n@media screen and (max-width: 767px) {\r\n.mlfpe69efcd94d0bc4 {\r\ndisplay: block;\r\n}\r\n}\r\n<\/style>\r\n<div class=\"kfpkq69efcd94d0baf\" ><!--<a href=\"https:\/\/bit.ly\/3QdrqTZ\" target=\"_blank\">\n<img src=\"https:\/\/justicapotiguar.com.br\/wp-content\/uploads\/2023\/09\/desktop-geral.gif\"\/><a\/>--><\/div><style type=\"text\/css\">\r\n.kfpkq69efcd94d0baf {\r\ntext-align: center;\nmargin-bottom: 1em;\r\n}\r\n@media screen and (min-width: 1201px) {\r\n.kfpkq69efcd94d0baf {\r\ndisplay: block;\r\n}\r\n}\r\n@media screen and (min-width: 993px) and (max-width: 1200px) {\r\n.kfpkq69efcd94d0baf {\r\ndisplay: block;\r\n}\r\n}\r\n@media screen and (min-width: 769px) and (max-width: 992px) {\r\n.kfpkq69efcd94d0baf {\r\ndisplay: block;\r\n}\r\n}\r\n@media screen and (min-width: 768px) and (max-width: 768px) {\r\n.kfpkq69efcd94d0baf {\r\ndisplay: none;\r\n}\r\n}\r\n@media screen and (max-width: 767px) {\r\n.kfpkq69efcd94d0baf {\r\ndisplay: none;\r\n}\r\n}\r\n<\/style>\r\n\n\n\n\n<p>As federa\u00e7\u00f5es partid\u00e1rias s\u00f3 foram inseridas na Lei dos Partidos Pol\u00edticos, que existe desde 1995, em setembro do ano passado. No julgamento do Supremo, os ministros analisam a pr\u00f3pria legalidade desse tipo de conjun\u00e7\u00e3o entre as legendas.<\/p>\n\n\n\n<p>R7<\/p>\n","protected":false},"excerpt":{"rendered":"<p>O retorno das atividades no STF (Supremo Tribunal Federal), no dia 1\u00ba de fevereiro, ocorre em meio \u00e0s expectativas sobre as elei\u00e7\u00f5es de outubro deste ano e uma&nbsp;crise institucional que envolve o depoimento do presidente Jair Bolsonaro, marcado pelo ministro Alexandre de Moraes. No primeiro semestre, a\u00e7\u00f5es penais e eleitorais dominam a agenda da Corte<br \/><a class=\"more-link\" href=\"https:\/\/justicapotiguar.com.br\/index.php\/2022\/01\/31\/na-volta-do-recesso-stf-discute-ficha-limpa-e-pendencias-eleitorais\/\">Mais&#8230;<\/a><\/p>\n","protected":false},"author":5,"featured_media":0,"comment_status":"open","ping_status":"open","sticky":false,"template":"","format":"standard","meta":[],"categories":[1],"tags":[],"_links":{"self":[{"href":"https:\/\/justicapotiguar.com.br\/index.php\/wp-json\/wp\/v2\/posts\/24270"}],"collection":[{"href":"https:\/\/justicapotiguar.com.br\/index.php\/wp-json\/wp\/v2\/posts"}],"about":[{"href":"https:\/\/justicapotiguar.com.br\/index.php\/wp-json\/wp\/v2\/types\/post"}],"author":[{"embeddable":true,"href":"https:\/\/justicapotiguar.com.br\/index.php\/wp-json\/wp\/v2\/users\/5"}],"replies":[{"embeddable":true,"href":"https:\/\/justicapotiguar.com.br\/index.php\/wp-json\/wp\/v2\/comments?post=24270"}],"version-history":[{"count":1,"href":"https:\/\/justicapotiguar.com.br\/index.php\/wp-json\/wp\/v2\/posts\/24270\/revisions"}],"predecessor-version":[{"id":24271,"href":"https:\/\/justicapotiguar.com.br\/index.php\/wp-json\/wp\/v2\/posts\/24270\/revisions\/24271"}],"wp:attachment":[{"href":"https:\/\/justicapotiguar.com.br\/index.php\/wp-json\/wp\/v2\/media?parent=24270"}],"wp:term":[{"taxonomy":"category","embeddable":true,"href":"https:\/\/justicapotiguar.com.br\/index.php\/wp-json\/wp\/v2\/categories?post=24270"},{"taxonomy":"post_tag","embeddable":true,"href":"https:\/\/justicapotiguar.com.br\/index.php\/wp-json\/wp\/v2\/tags?post=24270"}],"curies":[{"name":"wp","href":"https:\/\/api.w.org\/{rel}","templated":true}]}}