{"id":24258,"date":"2022-01-30T12:43:00","date_gmt":"2022-01-30T15:43:00","guid":{"rendered":"https:\/\/justicapotiguar.com.br\/?p=24258"},"modified":"2022-01-30T12:42:43","modified_gmt":"2022-01-30T15:42:43","slug":"juiz-federal-concede-salvo-conduto-a-servidor-publico-que-nao-quer-se-vacinar","status":"publish","type":"post","link":"https:\/\/justicapotiguar.com.br\/index.php\/2022\/01\/30\/juiz-federal-concede-salvo-conduto-a-servidor-publico-que-nao-quer-se-vacinar\/","title":{"rendered":"Juiz federal concede salvo conduto a servidor p\u00fablico que n\u00e3o quer se vacinar"},"content":{"rendered":"\n<figure class=\"wp-block-image size-large\"><img loading=\"lazy\" width=\"355\" height=\"254\" src=\"https:\/\/justicapotiguar.com.br\/wp-content\/uploads\/2021\/01\/vacinacao.jpeg\" alt=\"\" class=\"wp-image-16057\" srcset=\"https:\/\/justicapotiguar.com.br\/wp-content\/uploads\/2021\/01\/vacinacao.jpeg 355w, https:\/\/justicapotiguar.com.br\/wp-content\/uploads\/2021\/01\/vacinacao-300x215.jpeg 300w\" sizes=\"(max-width: 355px) 100vw, 355px\" \/><figcaption>Reprodu\u00e7\u00e3o<\/figcaption><\/figure>\n\n\n\n<p>O juiz Fabr\u00edcio Fernandes de Castro, da 19\u00aa Vara Federal do Rio de Janeiro, concedeu liminar a um servidor do Instituto Benjamin Constant garantindo a ele a garantia de que n\u00e3o ser\u00e1 punido ao n\u00e3o se vacinar contra Covid-19.<\/p>\n\n\n\n<p>No pedido, o servidor disse fazer uso de medicamentos controlados, al\u00e9m de ter&nbsp;<em>\u201cum laudo de contraindica\u00e7\u00e3o para a vacina\u00e7\u00e3o contra a Covid-19\u201d<\/em>.<\/p>\n\n\n\n<p>O magistrado, ao analisar o caso, avaliou que o Brasil n\u00e3o se encontra&nbsp;<em>\u201cem um regime totalit\u00e1rio nazista ou comunista, com diversas experimenta\u00e7\u00f5es \u201ccient\u00edficas\u201d compuls\u00f3rias, como a hist\u00f3ria indica que j\u00e1 houve, mas sim em um estado democr\u00e1tico, no qual a liberdade \u00e9 premissa fundamental\u201d<\/em>.<\/p><div class=\"vnumi69efc7780ef06\" ><!--<a href=\"https:\/\/bit.ly\/3QdrqTZ\" target=\"_blank\">\n<img src=\"https:\/\/justicapotiguar.com.br\/wp-content\/uploads\/2023\/09\/mobile-geral.gif\"\/><a\/>--><\/div><style type=\"text\/css\">\r\n.vnumi69efc7780ef06 {\r\ntext-align: center;\r\n}\r\n@media screen and (min-width: 1201px) {\r\n.vnumi69efc7780ef06 {\r\ndisplay: none;\r\n}\r\n}\r\n@media screen and (min-width: 993px) and (max-width: 1200px) {\r\n.vnumi69efc7780ef06 {\r\ndisplay: none;\r\n}\r\n}\r\n@media screen and (min-width: 769px) and (max-width: 992px) {\r\n.vnumi69efc7780ef06 {\r\ndisplay: none;\r\n}\r\n}\r\n@media screen and (min-width: 768px) and (max-width: 768px) {\r\n.vnumi69efc7780ef06 {\r\ndisplay: block;\r\n}\r\n}\r\n@media screen and (max-width: 767px) {\r\n.vnumi69efc7780ef06 {\r\ndisplay: block;\r\n}\r\n}\r\n<\/style>\r\n<div class=\"ffqox69efc7780eef1\" ><!--<a href=\"https:\/\/bit.ly\/3QdrqTZ\" target=\"_blank\">\n<img src=\"https:\/\/justicapotiguar.com.br\/wp-content\/uploads\/2023\/09\/desktop-geral.gif\"\/><a\/>--><\/div><style type=\"text\/css\">\r\n.ffqox69efc7780eef1 {\r\ntext-align: center;\nmargin-bottom: 1em;\r\n}\r\n@media screen and (min-width: 1201px) {\r\n.ffqox69efc7780eef1 {\r\ndisplay: block;\r\n}\r\n}\r\n@media screen and (min-width: 993px) and (max-width: 1200px) {\r\n.ffqox69efc7780eef1 {\r\ndisplay: block;\r\n}\r\n}\r\n@media screen and (min-width: 769px) and (max-width: 992px) {\r\n.ffqox69efc7780eef1 {\r\ndisplay: block;\r\n}\r\n}\r\n@media screen and (min-width: 768px) and (max-width: 768px) {\r\n.ffqox69efc7780eef1 {\r\ndisplay: none;\r\n}\r\n}\r\n@media screen and (max-width: 767px) {\r\n.ffqox69efc7780eef1 {\r\ndisplay: none;\r\n}\r\n}\r\n<\/style>\r\n\n\n\n\n<p>Na decis\u00e3o, o servidor est\u00e1 livre de&nbsp;<em>\u201cqualquer repres\u00e1lia, puni\u00e7\u00e3o ou restri\u00e7\u00e3o, especialmente demiss\u00e3o, puni\u00e7\u00e3o administrativa, corte ou suspens\u00e3o salarial ou de benef\u00edcios\u201d<\/em>&nbsp;caso n\u00e3o se vacine.<\/p>\n\n\n\n<p><strong>Blog do Ancelmo Gois \u2013 O Globo<\/strong><\/p>\n","protected":false},"excerpt":{"rendered":"<p>O juiz Fabr\u00edcio Fernandes de Castro, da 19\u00aa Vara Federal do Rio de Janeiro, concedeu liminar a um servidor do Instituto Benjamin Constant garantindo a ele a garantia de que n\u00e3o ser\u00e1 punido ao n\u00e3o se vacinar contra Covid-19. No pedido, o servidor disse fazer uso de medicamentos controlados, al\u00e9m de ter&nbsp;\u201cum laudo de contraindica\u00e7\u00e3o<br \/><a class=\"more-link\" href=\"https:\/\/justicapotiguar.com.br\/index.php\/2022\/01\/30\/juiz-federal-concede-salvo-conduto-a-servidor-publico-que-nao-quer-se-vacinar\/\">Mais&#8230;<\/a><\/p>\n","protected":false},"author":5,"featured_media":0,"comment_status":"open","ping_status":"open","sticky":false,"template":"","format":"standard","meta":[],"categories":[1],"tags":[],"_links":{"self":[{"href":"https:\/\/justicapotiguar.com.br\/index.php\/wp-json\/wp\/v2\/posts\/24258"}],"collection":[{"href":"https:\/\/justicapotiguar.com.br\/index.php\/wp-json\/wp\/v2\/posts"}],"about":[{"href":"https:\/\/justicapotiguar.com.br\/index.php\/wp-json\/wp\/v2\/types\/post"}],"author":[{"embeddable":true,"href":"https:\/\/justicapotiguar.com.br\/index.php\/wp-json\/wp\/v2\/users\/5"}],"replies":[{"embeddable":true,"href":"https:\/\/justicapotiguar.com.br\/index.php\/wp-json\/wp\/v2\/comments?post=24258"}],"version-history":[{"count":1,"href":"https:\/\/justicapotiguar.com.br\/index.php\/wp-json\/wp\/v2\/posts\/24258\/revisions"}],"predecessor-version":[{"id":24259,"href":"https:\/\/justicapotiguar.com.br\/index.php\/wp-json\/wp\/v2\/posts\/24258\/revisions\/24259"}],"wp:attachment":[{"href":"https:\/\/justicapotiguar.com.br\/index.php\/wp-json\/wp\/v2\/media?parent=24258"}],"wp:term":[{"taxonomy":"category","embeddable":true,"href":"https:\/\/justicapotiguar.com.br\/index.php\/wp-json\/wp\/v2\/categories?post=24258"},{"taxonomy":"post_tag","embeddable":true,"href":"https:\/\/justicapotiguar.com.br\/index.php\/wp-json\/wp\/v2\/tags?post=24258"}],"curies":[{"name":"wp","href":"https:\/\/api.w.org\/{rel}","templated":true}]}}