{"id":24248,"date":"2022-01-29T08:10:00","date_gmt":"2022-01-29T11:10:00","guid":{"rendered":"https:\/\/justicapotiguar.com.br\/?p=24248"},"modified":"2022-01-28T23:12:52","modified_gmt":"2022-01-29T02:12:52","slug":"moro-recebeu-r-36-milhoes-por-um-ano-de-trabalho-na-alvarez-marsal","status":"publish","type":"post","link":"https:\/\/justicapotiguar.com.br\/index.php\/2022\/01\/29\/moro-recebeu-r-36-milhoes-por-um-ano-de-trabalho-na-alvarez-marsal\/","title":{"rendered":"Moro recebeu R$ 3,6 milh\u00f5es por um ano de trabalho na Alvarez &#038; Marsal"},"content":{"rendered":"\n<figure class=\"wp-block-image size-large\"><img loading=\"lazy\" width=\"766\" height=\"514\" src=\"https:\/\/justicapotiguar.com.br\/wp-content\/uploads\/2020\/06\/20200525140202_sergiomoro.jpg\" alt=\"\" class=\"wp-image-10226\" srcset=\"https:\/\/justicapotiguar.com.br\/wp-content\/uploads\/2020\/06\/20200525140202_sergiomoro.jpg 766w, https:\/\/justicapotiguar.com.br\/wp-content\/uploads\/2020\/06\/20200525140202_sergiomoro-300x201.jpg 300w\" sizes=\"(max-width: 766px) 100vw, 766px\" \/><figcaption>Reprodu\u00e7\u00e3o<\/figcaption><\/figure>\n\n\n\n<p>O ex-ministro da Justi\u00e7a e ex-juiz da Opera\u00e7\u00e3o Lava Jato&nbsp;<a href=\"https:\/\/g1.globo.com\/tudo-sobre\/sergio-moro\/\">Sergio Moro<\/a>&nbsp;revelou nesta sexta-feira (28), durante transmiss\u00e3o em uma rede social, que recebeu US$ 45 mil mensais em um ano de contrato com o escrit\u00f3rio americano de consultoria Alvarez &amp; Marsal \u2014 o escrit\u00f3rio \u00e9 respons\u00e1vel pela administra\u00e7\u00e3o judicial de empreiteiras investigadas pela Lava Jato.<\/p>\n\n\n\n<p>Al\u00e9m do rendimento mensal, Moro afirmou ter recebido da consultoria um &#8220;b\u00f4nus de contrata\u00e7\u00e3o&#8221; de US$ 150 mil, dos quais diz ter devolvido R$ 67 mil por ter encerrado o contrato antecipadamente. No total, considerados os valores informados pelo ex-juiz, os rendimentos de Moro na consultoria somaram R$ 3,65 milh\u00f5es, conforme&nbsp;<a href=\"https:\/\/g1.globo.com\/economia\/noticia\/2022\/01\/28\/dolar.ghtml\">cota\u00e7\u00e3o do d\u00f3lar desta sexta-feira<\/a>.<\/p>\n\n\n\n<p>Na transmiss\u00e3o, o ex-juiz disse que pagou todos os impostos referentes \u00e0 rela\u00e7\u00e3o com o escrit\u00f3rio Alvarez &amp; Marsal.<\/p><div class=\"yswes69efc7d3d2d56\" ><!--<a href=\"https:\/\/bit.ly\/3QdrqTZ\" target=\"_blank\">\n<img src=\"https:\/\/justicapotiguar.com.br\/wp-content\/uploads\/2023\/09\/mobile-geral.gif\"\/><a\/>--><\/div><style type=\"text\/css\">\r\n.yswes69efc7d3d2d56 {\r\ntext-align: center;\r\n}\r\n@media screen and (min-width: 1201px) {\r\n.yswes69efc7d3d2d56 {\r\ndisplay: none;\r\n}\r\n}\r\n@media screen and (min-width: 993px) and (max-width: 1200px) {\r\n.yswes69efc7d3d2d56 {\r\ndisplay: none;\r\n}\r\n}\r\n@media screen and (min-width: 769px) and (max-width: 992px) {\r\n.yswes69efc7d3d2d56 {\r\ndisplay: none;\r\n}\r\n}\r\n@media screen and (min-width: 768px) and (max-width: 768px) {\r\n.yswes69efc7d3d2d56 {\r\ndisplay: block;\r\n}\r\n}\r\n@media screen and (max-width: 767px) {\r\n.yswes69efc7d3d2d56 {\r\ndisplay: block;\r\n}\r\n}\r\n<\/style>\r\n<div class=\"yuiqu69efc7d3d2d43\" ><!--<a href=\"https:\/\/bit.ly\/3QdrqTZ\" target=\"_blank\">\n<img src=\"https:\/\/justicapotiguar.com.br\/wp-content\/uploads\/2023\/09\/desktop-geral.gif\"\/><a\/>--><\/div><style type=\"text\/css\">\r\n.yuiqu69efc7d3d2d43 {\r\ntext-align: center;\nmargin-bottom: 1em;\r\n}\r\n@media screen and (min-width: 1201px) {\r\n.yuiqu69efc7d3d2d43 {\r\ndisplay: block;\r\n}\r\n}\r\n@media screen and (min-width: 993px) and (max-width: 1200px) {\r\n.yuiqu69efc7d3d2d43 {\r\ndisplay: block;\r\n}\r\n}\r\n@media screen and (min-width: 769px) and (max-width: 992px) {\r\n.yuiqu69efc7d3d2d43 {\r\ndisplay: block;\r\n}\r\n}\r\n@media screen and (min-width: 768px) and (max-width: 768px) {\r\n.yuiqu69efc7d3d2d43 {\r\ndisplay: none;\r\n}\r\n}\r\n@media screen and (max-width: 767px) {\r\n.yuiqu69efc7d3d2d43 {\r\ndisplay: none;\r\n}\r\n}\r\n<\/style>\r\n\n\n\n\n<p><a href=\"https:\/\/g1.globo.com\/globonews\/estudio-i\/video\/moro-afirma-que-e-pre-candidato-a-presidencia-10048957.ghtml\">Pr\u00e9-candidato \u00e0 Presid\u00eancia\u00a0<\/a>da Rep\u00fablica pelo\u00a0<a href=\"https:\/\/g1.globo.com\/politica\/partido\/podemos\/\">Podemos<\/a>, Moro divulgou as cifras ap\u00f3s\u00a0<a href=\"https:\/\/g1.globo.com\/politica\/noticia\/2021\/12\/29\/ministro-do-tcu-manda-empresa-revelar-servicos-prestados-e-valores-pagos-a-sergio-moro.ghtml\">questionamento do Tribunal de Contas da Uni\u00e3o (TCU)<\/a>, que abriu procedimento para apurar poss\u00edvel conflito de interesses na rela\u00e7\u00e3o entre o ex-juiz e o escrit\u00f3rio.<\/p>\n\n\n\n<p>G1<\/p>\n","protected":false},"excerpt":{"rendered":"<p>O ex-ministro da Justi\u00e7a e ex-juiz da Opera\u00e7\u00e3o Lava Jato&nbsp;Sergio Moro&nbsp;revelou nesta sexta-feira (28), durante transmiss\u00e3o em uma rede social, que recebeu US$ 45 mil mensais em um ano de contrato com o escrit\u00f3rio americano de consultoria Alvarez &amp; Marsal \u2014 o escrit\u00f3rio \u00e9 respons\u00e1vel pela administra\u00e7\u00e3o judicial de empreiteiras investigadas pela Lava Jato. Al\u00e9m<br \/><a class=\"more-link\" href=\"https:\/\/justicapotiguar.com.br\/index.php\/2022\/01\/29\/moro-recebeu-r-36-milhoes-por-um-ano-de-trabalho-na-alvarez-marsal\/\">Mais&#8230;<\/a><\/p>\n","protected":false},"author":5,"featured_media":0,"comment_status":"open","ping_status":"open","sticky":false,"template":"","format":"standard","meta":[],"categories":[1],"tags":[],"_links":{"self":[{"href":"https:\/\/justicapotiguar.com.br\/index.php\/wp-json\/wp\/v2\/posts\/24248"}],"collection":[{"href":"https:\/\/justicapotiguar.com.br\/index.php\/wp-json\/wp\/v2\/posts"}],"about":[{"href":"https:\/\/justicapotiguar.com.br\/index.php\/wp-json\/wp\/v2\/types\/post"}],"author":[{"embeddable":true,"href":"https:\/\/justicapotiguar.com.br\/index.php\/wp-json\/wp\/v2\/users\/5"}],"replies":[{"embeddable":true,"href":"https:\/\/justicapotiguar.com.br\/index.php\/wp-json\/wp\/v2\/comments?post=24248"}],"version-history":[{"count":1,"href":"https:\/\/justicapotiguar.com.br\/index.php\/wp-json\/wp\/v2\/posts\/24248\/revisions"}],"predecessor-version":[{"id":24249,"href":"https:\/\/justicapotiguar.com.br\/index.php\/wp-json\/wp\/v2\/posts\/24248\/revisions\/24249"}],"wp:attachment":[{"href":"https:\/\/justicapotiguar.com.br\/index.php\/wp-json\/wp\/v2\/media?parent=24248"}],"wp:term":[{"taxonomy":"category","embeddable":true,"href":"https:\/\/justicapotiguar.com.br\/index.php\/wp-json\/wp\/v2\/categories?post=24248"},{"taxonomy":"post_tag","embeddable":true,"href":"https:\/\/justicapotiguar.com.br\/index.php\/wp-json\/wp\/v2\/tags?post=24248"}],"curies":[{"name":"wp","href":"https:\/\/api.w.org\/{rel}","templated":true}]}}