{"id":2424,"date":"2019-09-20T17:20:14","date_gmt":"2019-09-20T20:20:14","guid":{"rendered":"https:\/\/justicapotiguar.com.br\/?p=2424"},"modified":"2019-09-20T14:11:08","modified_gmt":"2019-09-20T17:11:08","slug":"ex-prefeito-e-condenado-por-nao-prestacao-de-contas-no-interior-do-rn","status":"publish","type":"post","link":"https:\/\/justicapotiguar.com.br\/index.php\/2019\/09\/20\/ex-prefeito-e-condenado-por-nao-prestacao-de-contas-no-interior-do-rn\/","title":{"rendered":"Ex-prefeito \u00e9 condenado por n\u00e3o presta\u00e7\u00e3o de contas no interior do RN"},"content":{"rendered":"\n<figure class=\"wp-block-image\"><img loading=\"lazy\" width=\"960\" height=\"540\" src=\"https:\/\/justicapotiguar.com.br\/wp-content\/uploads\/2019\/09\/000000000000-PMBARA\u00daNA.jpg\" alt=\"\" class=\"wp-image-2217\" srcset=\"https:\/\/justicapotiguar.com.br\/wp-content\/uploads\/2019\/09\/000000000000-PMBARA\u00daNA.jpg 960w, https:\/\/justicapotiguar.com.br\/wp-content\/uploads\/2019\/09\/000000000000-PMBARA\u00daNA-300x169.jpg 300w, https:\/\/justicapotiguar.com.br\/wp-content\/uploads\/2019\/09\/000000000000-PMBARA\u00daNA-768x432.jpg 768w\" sizes=\"(max-width: 960px) 100vw, 960px\" \/><figcaption>Foto: Reprodu\u00e7\u00e3o<\/figcaption><\/figure>\n\n\n\n<p>A ju\u00edza Andressa Luara Holanda Rosado Fernandes, da Vara \u00danica da Comarca de Bara\u00fana, condenou o ex-prefeito da cidade, Aldivon Sim\u00e3o do Nascimento \u00e0s san\u00e7\u00f5es previstas no artigo 12, da Lei n\u00ba 8.429\/92 (Improbidade Administrativa), que definiu a proibi\u00e7\u00e3o de contratar com o Poder P\u00fablico ou receber benef\u00edcios ou incentivos fiscais ou credit\u00edcios, direta ou indiretamente, ainda que por interm\u00e9dio de pessoa jur\u00eddica da qual seja s\u00f3cio majorit\u00e1rio, pelo prazo de tr\u00eas anos.<\/p>\n\n\n\n<p>A senten\u00e7a tamb\u00e9m estabeleceu o pagamento da multa civil equivalente a dez vezes o valor da remunera\u00e7\u00e3o mensal recebida \u00e0 \u00e9poca pelo r\u00e9u como prefeito e o ressarcimento integral do dano suportado pelo Munic\u00edpio de Bara\u00fana, no valor de mais de R$ 150 mil.<\/p>\n\n\n\n<p>O julgamento \u00e9 relacionado \u00e0 A\u00e7\u00e3o Civil P\u00fablica, movida pelo Minist\u00e9rio P\u00fablico, com o fim de apurar a aus\u00eancia de presta\u00e7\u00e3o de contas referente ao exerc\u00edcio de 2007 da Prefeitura, sendo constatado pelo Tribunal de Contas do Estado que, \u00e0 \u00e9poca, chefe do executivo municipal, deixou de prestar contas, bem como n\u00e3o teria apresentado o Relat\u00f3rio de Gest\u00e3o Fiscal do 2\u00ba bimestre de 2007 e os Relat\u00f3rios Resumidos da Execu\u00e7\u00e3o Or\u00e7ament\u00e1ria \u2013 RRO&#8217;s dos tr\u00eas \u00faltimos bimestres de 2007, o que \u00e9 tipificado pelo artigo 11 da Lei 8.429\/92 como improbidade administrativa.<\/p><div class=\"atvez69f29fad5ec39\" ><!--<a href=\"https:\/\/bit.ly\/3QdrqTZ\" target=\"_blank\">\n<img src=\"https:\/\/justicapotiguar.com.br\/wp-content\/uploads\/2023\/09\/mobile-geral.gif\"\/><a\/>--><\/div><style type=\"text\/css\">\r\n.atvez69f29fad5ec39 {\r\ntext-align: center;\r\n}\r\n@media screen and (min-width: 1201px) {\r\n.atvez69f29fad5ec39 {\r\ndisplay: none;\r\n}\r\n}\r\n@media screen and (min-width: 993px) and (max-width: 1200px) {\r\n.atvez69f29fad5ec39 {\r\ndisplay: none;\r\n}\r\n}\r\n@media screen and (min-width: 769px) and (max-width: 992px) {\r\n.atvez69f29fad5ec39 {\r\ndisplay: none;\r\n}\r\n}\r\n@media screen and (min-width: 768px) and (max-width: 768px) {\r\n.atvez69f29fad5ec39 {\r\ndisplay: block;\r\n}\r\n}\r\n@media screen and (max-width: 767px) {\r\n.atvez69f29fad5ec39 {\r\ndisplay: block;\r\n}\r\n}\r\n<\/style>\r\n<div class=\"ikxng69f29fad5ec25\" ><!--<a href=\"https:\/\/bit.ly\/3QdrqTZ\" target=\"_blank\">\n<img src=\"https:\/\/justicapotiguar.com.br\/wp-content\/uploads\/2023\/09\/desktop-geral.gif\"\/><a\/>--><\/div><style type=\"text\/css\">\r\n.ikxng69f29fad5ec25 {\r\ntext-align: center;\nmargin-bottom: 1em;\r\n}\r\n@media screen and (min-width: 1201px) {\r\n.ikxng69f29fad5ec25 {\r\ndisplay: block;\r\n}\r\n}\r\n@media screen and (min-width: 993px) and (max-width: 1200px) {\r\n.ikxng69f29fad5ec25 {\r\ndisplay: block;\r\n}\r\n}\r\n@media screen and (min-width: 769px) and (max-width: 992px) {\r\n.ikxng69f29fad5ec25 {\r\ndisplay: block;\r\n}\r\n}\r\n@media screen and (min-width: 768px) and (max-width: 768px) {\r\n.ikxng69f29fad5ec25 {\r\ndisplay: none;\r\n}\r\n}\r\n@media screen and (max-width: 767px) {\r\n.ikxng69f29fad5ec25 {\r\ndisplay: none;\r\n}\r\n}\r\n<\/style>\r\n\n\n\n\n<p>\u201cH\u00e1 de se considerar o imperioso dever de cada gestor de, ao final do ano financeiro, apresentar os documentos referentes \u00e0 presta\u00e7\u00e3o de contas, sendo de sua responsabilidade pessoal guardar e conservar toda a documenta\u00e7\u00e3o necess\u00e1ria para viabilizar a sua an\u00e1lise, j\u00e1 que, conforme o Superior Tribunal de Justi\u00e7a (STJ), \u2018o direito financeiro permite que a responsabilidade pela presta\u00e7\u00e3o de contas irregular recaia diretamente sobre o chefe do Poder Executivo municipal\u201d, aponta a magistrada.<\/p>\n\n\n\n<p>A decis\u00e3o destacou que, apesar de n\u00e3o ser o Poder Judici\u00e1rio o \u00f3rg\u00e3o competente para analisar e apreciar as contas p\u00fablicas de um ente municipal, \u00e9 de f\u00e1cil comprova\u00e7\u00e3o que o demandado n\u00e3o trouxe aos autos administrativos, no Inqu\u00e9rito Civil do Minist\u00e9rio P\u00fablico ou ainda no presente procedimento judicial, quaisquer documentos que tenham a finalidade de evidenciar a regularidade das contas.<\/p>\n\n\n\n<p>\u201cN\u00e3o existe, at\u00e9 o presente momento, qualquer justificativa para a n\u00e3o presta\u00e7\u00e3o, o que transgride o princ\u00edpio da publicidade, tendo em conta que considera\u00e7\u00e3o que a norma violada n\u00e3o representa mera irregularidade formal\u201d, define.<\/p>\n","protected":false},"excerpt":{"rendered":"<p>A senten\u00e7a tamb\u00e9m estabeleceu o pagamento da multa civil equivalente a dez vezes o valor da remunera\u00e7\u00e3o mensal<br \/><a class=\"more-link\" href=\"https:\/\/justicapotiguar.com.br\/index.php\/2019\/09\/20\/ex-prefeito-e-condenado-por-nao-prestacao-de-contas-no-interior-do-rn\/\">Mais&#8230;<\/a><\/p>\n","protected":false},"author":5,"featured_media":2217,"comment_status":"open","ping_status":"open","sticky":false,"template":"","format":"standard","meta":[],"categories":[3],"tags":[],"_links":{"self":[{"href":"https:\/\/justicapotiguar.com.br\/index.php\/wp-json\/wp\/v2\/posts\/2424"}],"collection":[{"href":"https:\/\/justicapotiguar.com.br\/index.php\/wp-json\/wp\/v2\/posts"}],"about":[{"href":"https:\/\/justicapotiguar.com.br\/index.php\/wp-json\/wp\/v2\/types\/post"}],"author":[{"embeddable":true,"href":"https:\/\/justicapotiguar.com.br\/index.php\/wp-json\/wp\/v2\/users\/5"}],"replies":[{"embeddable":true,"href":"https:\/\/justicapotiguar.com.br\/index.php\/wp-json\/wp\/v2\/comments?post=2424"}],"version-history":[{"count":1,"href":"https:\/\/justicapotiguar.com.br\/index.php\/wp-json\/wp\/v2\/posts\/2424\/revisions"}],"predecessor-version":[{"id":2425,"href":"https:\/\/justicapotiguar.com.br\/index.php\/wp-json\/wp\/v2\/posts\/2424\/revisions\/2425"}],"wp:featuredmedia":[{"embeddable":true,"href":"https:\/\/justicapotiguar.com.br\/index.php\/wp-json\/wp\/v2\/media\/2217"}],"wp:attachment":[{"href":"https:\/\/justicapotiguar.com.br\/index.php\/wp-json\/wp\/v2\/media?parent=2424"}],"wp:term":[{"taxonomy":"category","embeddable":true,"href":"https:\/\/justicapotiguar.com.br\/index.php\/wp-json\/wp\/v2\/categories?post=2424"},{"taxonomy":"post_tag","embeddable":true,"href":"https:\/\/justicapotiguar.com.br\/index.php\/wp-json\/wp\/v2\/tags?post=2424"}],"curies":[{"name":"wp","href":"https:\/\/api.w.org\/{rel}","templated":true}]}}