{"id":24138,"date":"2022-01-24T13:36:34","date_gmt":"2022-01-24T16:36:34","guid":{"rendered":"https:\/\/justicapotiguar.com.br\/?p=24138"},"modified":"2022-01-24T13:36:34","modified_gmt":"2022-01-24T16:36:34","slug":"rachadinha-desembargador-aposentado-rafael-godeiro-e-condenado-por-sonegacao-de-imposto","status":"publish","type":"post","link":"https:\/\/justicapotiguar.com.br\/index.php\/2022\/01\/24\/rachadinha-desembargador-aposentado-rafael-godeiro-e-condenado-por-sonegacao-de-imposto\/","title":{"rendered":"RACHADINHA: Desembargador aposentado Rafael Godeiro \u00e9 condenado por sonega\u00e7\u00e3o de imposto"},"content":{"rendered":"\n<p>O Juiz da 14\u00aa Vara Federal do Rio Grande do Norte, Francisco Eduardo Guimar\u00e3es Farias, ao julgar, nesta data, a A\u00e7\u00e3o Penal n\u00ba 0802934-04.2021.4.05.8400, condenou o Desembargador aposentado do Tribunal de Justi\u00e7a, Rafael Godeiro Sobrinho, por omitir valores nas declara\u00e7\u00f5es de imposto de renda, dinheiro proveniente de uma \u201crachadinha\u201d com um assessor.<\/p>\n\n\n\n<div class=\"wp-block-image\"><figure class=\"aligncenter size-large\"><img loading=\"lazy\" width=\"640\" height=\"480\" src=\"https:\/\/justicapotiguar.com.br\/wp-content\/uploads\/2022\/01\/Rafael-Godeiro-ex-desembargador-condenado-na-Justica-Federal-por-omitir-ganho-de-rachadinha-24-01-22.jpg\" alt=\"\" class=\"wp-image-24139\" srcset=\"https:\/\/justicapotiguar.com.br\/wp-content\/uploads\/2022\/01\/Rafael-Godeiro-ex-desembargador-condenado-na-Justica-Federal-por-omitir-ganho-de-rachadinha-24-01-22.jpg 640w, https:\/\/justicapotiguar.com.br\/wp-content\/uploads\/2022\/01\/Rafael-Godeiro-ex-desembargador-condenado-na-Justica-Federal-por-omitir-ganho-de-rachadinha-24-01-22-300x225.jpg 300w\" sizes=\"(max-width: 640px) 100vw, 640px\" \/><figcaption>Reprodu\u00e7\u00e3o<\/figcaption><\/figure><\/div>\n\n\n\n<figure class=\"wp-block-image size-large\"><img\/><\/figure>\n\n\n\n<p>A senten\u00e7a imp\u00f4s ao r\u00e9u condena\u00e7\u00e3o a quatro anos e oito meses de reclus\u00e3o, em regime semiaberto, e a uma pena de multa de 146 dias-multa, sendo cada dia-multa equivalente a 1\/10 do sal\u00e1rio m\u00ednimo vigente \u00e0 \u00e9poca dos crimes.<\/p><div class=\"iylxd69ef98a3eb387\" ><!--<a href=\"https:\/\/bit.ly\/3QdrqTZ\" target=\"_blank\">\n<img src=\"https:\/\/justicapotiguar.com.br\/wp-content\/uploads\/2023\/09\/mobile-geral.gif\"\/><a\/>--><\/div><style type=\"text\/css\">\r\n.iylxd69ef98a3eb387 {\r\ntext-align: center;\r\n}\r\n@media screen and (min-width: 1201px) {\r\n.iylxd69ef98a3eb387 {\r\ndisplay: none;\r\n}\r\n}\r\n@media screen and (min-width: 993px) and (max-width: 1200px) {\r\n.iylxd69ef98a3eb387 {\r\ndisplay: none;\r\n}\r\n}\r\n@media screen and (min-width: 769px) and (max-width: 992px) {\r\n.iylxd69ef98a3eb387 {\r\ndisplay: none;\r\n}\r\n}\r\n@media screen and (min-width: 768px) and (max-width: 768px) {\r\n.iylxd69ef98a3eb387 {\r\ndisplay: block;\r\n}\r\n}\r\n@media screen and (max-width: 767px) {\r\n.iylxd69ef98a3eb387 {\r\ndisplay: block;\r\n}\r\n}\r\n<\/style>\r\n<div class=\"znsri69ef98a3eb374\" ><!--<a href=\"https:\/\/bit.ly\/3QdrqTZ\" target=\"_blank\">\n<img src=\"https:\/\/justicapotiguar.com.br\/wp-content\/uploads\/2023\/09\/desktop-geral.gif\"\/><a\/>--><\/div><style type=\"text\/css\">\r\n.znsri69ef98a3eb374 {\r\ntext-align: center;\nmargin-bottom: 1em;\r\n}\r\n@media screen and (min-width: 1201px) {\r\n.znsri69ef98a3eb374 {\r\ndisplay: block;\r\n}\r\n}\r\n@media screen and (min-width: 993px) and (max-width: 1200px) {\r\n.znsri69ef98a3eb374 {\r\ndisplay: block;\r\n}\r\n}\r\n@media screen and (min-width: 769px) and (max-width: 992px) {\r\n.znsri69ef98a3eb374 {\r\ndisplay: block;\r\n}\r\n}\r\n@media screen and (min-width: 768px) and (max-width: 768px) {\r\n.znsri69ef98a3eb374 {\r\ndisplay: none;\r\n}\r\n}\r\n@media screen and (max-width: 767px) {\r\n.znsri69ef98a3eb374 {\r\ndisplay: none;\r\n}\r\n}\r\n<\/style>\r\n\n\n\n\n<p>&nbsp;&nbsp;&nbsp;&nbsp;&nbsp;&nbsp;&nbsp;&nbsp;&nbsp;&nbsp;&nbsp;&nbsp;Ao fundamentar o decisum, o magistrado asseverou que \u201ca detida an\u00e1lise dos elementos probat\u00f3rios coligidos nos autos (notadamente a Representa\u00e7\u00e3o para Fins Penais n\u00ba 10469.725308\/2015-11) revelou que o denunciado RAFAEL GODEIRO SOBRINHO, nas Declara\u00e7\u00f5es de Ajuste Anual dos anos-calend\u00e1rio 2010 e 2011, suprimiu imposto de renda mediante omiss\u00e3o de rendimentos caracterizados por dep\u00f3sitos banc\u00e1rios de origem n\u00e3o comprovada\u201d.<\/p>\n\n\n\n<p>&nbsp;&nbsp;&nbsp;&nbsp;&nbsp;&nbsp;&nbsp;&nbsp;&nbsp;&nbsp;&nbsp;&nbsp;O magistrado observou que os dep\u00f3sitos, que somaram R$ 33.650,00, ao longo dos anos de 2010 e 2011, foram transferidos por Francisco Andrade dos Santos Neto para a conta corrente do r\u00e9u e eram referentes ao cargo comissionado que Francisco Andrade exercia no Tribunal de Justi\u00e7a do RN, para o qual foi nomeado pelo Desembargador Rafael Godeiro. Para permanecer no cargo, o assessor \u201cera obrigado a transferir uma quantia para a conta do ent\u00e3o Desembargador, sob pena de sair do referido cargo\u201d.&nbsp;&nbsp;&nbsp;&nbsp;&nbsp;&nbsp;&nbsp;<\/p>\n","protected":false},"excerpt":{"rendered":"<p>O Juiz da 14\u00aa Vara Federal do Rio Grande do Norte, Francisco Eduardo Guimar\u00e3es Farias, ao julgar, nesta data, a A\u00e7\u00e3o Penal n\u00ba 0802934-04.2021.4.05.8400, condenou o Desembargador aposentado do Tribunal de Justi\u00e7a, Rafael Godeiro Sobrinho, por omitir valores nas declara\u00e7\u00f5es de imposto de renda, dinheiro proveniente de uma \u201crachadinha\u201d com um assessor. A senten\u00e7a imp\u00f4s<br \/><a class=\"more-link\" href=\"https:\/\/justicapotiguar.com.br\/index.php\/2022\/01\/24\/rachadinha-desembargador-aposentado-rafael-godeiro-e-condenado-por-sonegacao-de-imposto\/\">Mais&#8230;<\/a><\/p>\n","protected":false},"author":5,"featured_media":0,"comment_status":"open","ping_status":"open","sticky":false,"template":"","format":"standard","meta":[],"categories":[1],"tags":[],"_links":{"self":[{"href":"https:\/\/justicapotiguar.com.br\/index.php\/wp-json\/wp\/v2\/posts\/24138"}],"collection":[{"href":"https:\/\/justicapotiguar.com.br\/index.php\/wp-json\/wp\/v2\/posts"}],"about":[{"href":"https:\/\/justicapotiguar.com.br\/index.php\/wp-json\/wp\/v2\/types\/post"}],"author":[{"embeddable":true,"href":"https:\/\/justicapotiguar.com.br\/index.php\/wp-json\/wp\/v2\/users\/5"}],"replies":[{"embeddable":true,"href":"https:\/\/justicapotiguar.com.br\/index.php\/wp-json\/wp\/v2\/comments?post=24138"}],"version-history":[{"count":1,"href":"https:\/\/justicapotiguar.com.br\/index.php\/wp-json\/wp\/v2\/posts\/24138\/revisions"}],"predecessor-version":[{"id":24140,"href":"https:\/\/justicapotiguar.com.br\/index.php\/wp-json\/wp\/v2\/posts\/24138\/revisions\/24140"}],"wp:attachment":[{"href":"https:\/\/justicapotiguar.com.br\/index.php\/wp-json\/wp\/v2\/media?parent=24138"}],"wp:term":[{"taxonomy":"category","embeddable":true,"href":"https:\/\/justicapotiguar.com.br\/index.php\/wp-json\/wp\/v2\/categories?post=24138"},{"taxonomy":"post_tag","embeddable":true,"href":"https:\/\/justicapotiguar.com.br\/index.php\/wp-json\/wp\/v2\/tags?post=24138"}],"curies":[{"name":"wp","href":"https:\/\/api.w.org\/{rel}","templated":true}]}}