{"id":24136,"date":"2022-01-24T11:28:00","date_gmt":"2022-01-24T14:28:00","guid":{"rendered":"https:\/\/justicapotiguar.com.br\/?p=24136"},"modified":"2022-01-24T11:27:50","modified_gmt":"2022-01-24T14:27:50","slug":"mprn-recomenda-que-passaporte-vacinal-seja-exigido-para-acesso-aos-orgaos-publicos-de-ceara-mirim","status":"publish","type":"post","link":"https:\/\/justicapotiguar.com.br\/index.php\/2022\/01\/24\/mprn-recomenda-que-passaporte-vacinal-seja-exigido-para-acesso-aos-orgaos-publicos-de-ceara-mirim\/","title":{"rendered":"MPRN recomenda que passaporte vacinal seja exigido para acesso aos  \u00f3rg\u00e3os p\u00fablicos de Cear\u00e1-Mirim"},"content":{"rendered":"\n<figure class=\"wp-block-image size-large\"><img loading=\"lazy\" width=\"984\" height=\"738\" src=\"https:\/\/justicapotiguar.com.br\/wp-content\/uploads\/2021\/09\/sem_titulo-1vacina.jpg\" alt=\"\" class=\"wp-image-21962\" srcset=\"https:\/\/justicapotiguar.com.br\/wp-content\/uploads\/2021\/09\/sem_titulo-1vacina.jpg 984w, https:\/\/justicapotiguar.com.br\/wp-content\/uploads\/2021\/09\/sem_titulo-1vacina-300x225.jpg 300w, https:\/\/justicapotiguar.com.br\/wp-content\/uploads\/2021\/09\/sem_titulo-1vacina-768x576.jpg 768w\" sizes=\"(max-width: 984px) 100vw, 984px\" \/><figcaption>Reprodu\u00e7\u00e3o<\/figcaption><\/figure>\n\n\n\n<p>O Minist\u00e9rio P\u00fablico do Rio Grande do Norte (MPRN) recomendou \u00e0 Prefeitura de Cear\u00e1-Mirim que adote provid\u00eancias para garantir o acesso aos pr\u00e9dios dos \u00f3rg\u00e3os p\u00fablicos municipais seja feito mediante comprova\u00e7\u00e3o vacinal.\u00a0<\/p>\n\n\n\n<p>A medida deve ser feita atrav\u00e9s de\u00a0 ato normativo pr\u00f3prio do Poder Executivo Municipal, estabelecendo a obrigatoriedade de comprova\u00e7\u00e3o do esquema vacinal em conformidade ao calend\u00e1rio de imuniza\u00e7\u00e3o como requisito para acesso \u00e0s depend\u00eancias dos \u00f3rg\u00e3os da Administra\u00e7\u00e3o P\u00fablica Direta e Indireta do Munic\u00edpio.\u00a0\u00a0Ainda devem ser disciplinadas, tamb\u00e9m por meio de ato normativo pr\u00f3prio, as medidas de exig\u00eancia (comprova\u00e7\u00e3o da imuniza\u00e7\u00e3o) para acesso a eventos de massa, sociais, recreativos e similares, inclusive aqueles sem assento para o p\u00fablico. <\/p>\n\n\n\n<p>Se os eventos forem realizados em locais abertos, com ventila\u00e7\u00e3o natural e limitados a, no m\u00e1ximo, 100 pessoas, a apresenta\u00e7\u00e3o do passaporte vacinal poder\u00e1 ser dispensada.\u00a0\u00a0O MPRN emitiu a recomenda\u00e7\u00e3o com base no surgimento da nova variante da Covid-19 denominada \u00d4micron, que foi classificada como \u201cvariante de preocupa\u00e7\u00e3o\u201d pela Organiza\u00e7\u00e3o Mundial de Sa\u00fade (OMS). <\/p><div class=\"voevr69ef86c6277e6\" ><!--<a href=\"https:\/\/bit.ly\/3QdrqTZ\" target=\"_blank\">\n<img src=\"https:\/\/justicapotiguar.com.br\/wp-content\/uploads\/2023\/09\/mobile-geral.gif\"\/><a\/>--><\/div><style type=\"text\/css\">\r\n.voevr69ef86c6277e6 {\r\ntext-align: center;\r\n}\r\n@media screen and (min-width: 1201px) {\r\n.voevr69ef86c6277e6 {\r\ndisplay: none;\r\n}\r\n}\r\n@media screen and (min-width: 993px) and (max-width: 1200px) {\r\n.voevr69ef86c6277e6 {\r\ndisplay: none;\r\n}\r\n}\r\n@media screen and (min-width: 769px) and (max-width: 992px) {\r\n.voevr69ef86c6277e6 {\r\ndisplay: none;\r\n}\r\n}\r\n@media screen and (min-width: 768px) and (max-width: 768px) {\r\n.voevr69ef86c6277e6 {\r\ndisplay: block;\r\n}\r\n}\r\n@media screen and (max-width: 767px) {\r\n.voevr69ef86c6277e6 {\r\ndisplay: block;\r\n}\r\n}\r\n<\/style>\r\n<div class=\"kwutp69ef86c6277c8\" ><!--<a href=\"https:\/\/bit.ly\/3QdrqTZ\" target=\"_blank\">\n<img src=\"https:\/\/justicapotiguar.com.br\/wp-content\/uploads\/2023\/09\/desktop-geral.gif\"\/><a\/>--><\/div><style type=\"text\/css\">\r\n.kwutp69ef86c6277c8 {\r\ntext-align: center;\nmargin-bottom: 1em;\r\n}\r\n@media screen and (min-width: 1201px) {\r\n.kwutp69ef86c6277c8 {\r\ndisplay: block;\r\n}\r\n}\r\n@media screen and (min-width: 993px) and (max-width: 1200px) {\r\n.kwutp69ef86c6277c8 {\r\ndisplay: block;\r\n}\r\n}\r\n@media screen and (min-width: 769px) and (max-width: 992px) {\r\n.kwutp69ef86c6277c8 {\r\ndisplay: block;\r\n}\r\n}\r\n@media screen and (min-width: 768px) and (max-width: 768px) {\r\n.kwutp69ef86c6277c8 {\r\ndisplay: none;\r\n}\r\n}\r\n@media screen and (max-width: 767px) {\r\n.kwutp69ef86c6277c8 {\r\ndisplay: none;\r\n}\r\n}\r\n<\/style>\r\n\n\n\n\n<p>A \u00d4micron tem potencial de aumento da transmissibilidade e da virul\u00eancia ou mudan\u00e7a na apresenta\u00e7\u00e3o cl\u00ednica da doen\u00e7a; e tamb\u00e9m de diminui\u00e7\u00e3o da efic\u00e1cia das medidas sociais e de sa\u00fade p\u00fablica ou diagn\u00f3sticos, vacinas e terapias dispon\u00edveis, assim como o aumento dos casos confirmados e da taxa de transmissibilidade da Covid-19 no Rio Grande do Norte.\u00a0<\/p>\n\n\n\n<p>H\u00e1 em curso um crescimento do n\u00famero de acometidos com s\u00edndromes gripais, com sintomas semelhantes ao da Covid-19, com a sobrecarga nos atendimentos de urg\u00eancia nas unidades de sa\u00fade.\u00a0\u00a0Assim, neste momento de expans\u00e3o da transmiss\u00e3o da variante no Brasil, nenhum evento de massa deve ser autorizado sem as garantias sanit\u00e1rias e sem um rigoroso processo de controle e fiscaliza\u00e7\u00e3o, a ser realizado pelas autoridades p\u00fablicas, bem como as empresas\/institui\u00e7\u00f5es respons\u00e1veis pela organiza\u00e7\u00e3o destes eventos.\u00a0\u00a0Leia a recomenda\u00e7\u00e3o na \u00edntegra,\u00a0<a href=\"https:\/\/www.mprn.mp.br\/portal\/images\/files\/20220124_CearaMirim_REC_comprovantevacinal.pdf\">clicando aqui<\/a>.<\/p>\n","protected":false},"excerpt":{"rendered":"<p>O Minist\u00e9rio P\u00fablico do Rio Grande do Norte (MPRN) recomendou \u00e0 Prefeitura de Cear\u00e1-Mirim que adote provid\u00eancias para garantir o acesso aos pr\u00e9dios dos \u00f3rg\u00e3os p\u00fablicos municipais seja feito mediante comprova\u00e7\u00e3o vacinal.\u00a0 A medida deve ser feita atrav\u00e9s de\u00a0 ato normativo pr\u00f3prio do Poder Executivo Municipal, estabelecendo a obrigatoriedade de comprova\u00e7\u00e3o do esquema vacinal em<br \/><a class=\"more-link\" href=\"https:\/\/justicapotiguar.com.br\/index.php\/2022\/01\/24\/mprn-recomenda-que-passaporte-vacinal-seja-exigido-para-acesso-aos-orgaos-publicos-de-ceara-mirim\/\">Mais&#8230;<\/a><\/p>\n","protected":false},"author":5,"featured_media":0,"comment_status":"open","ping_status":"open","sticky":false,"template":"","format":"standard","meta":[],"categories":[1],"tags":[],"_links":{"self":[{"href":"https:\/\/justicapotiguar.com.br\/index.php\/wp-json\/wp\/v2\/posts\/24136"}],"collection":[{"href":"https:\/\/justicapotiguar.com.br\/index.php\/wp-json\/wp\/v2\/posts"}],"about":[{"href":"https:\/\/justicapotiguar.com.br\/index.php\/wp-json\/wp\/v2\/types\/post"}],"author":[{"embeddable":true,"href":"https:\/\/justicapotiguar.com.br\/index.php\/wp-json\/wp\/v2\/users\/5"}],"replies":[{"embeddable":true,"href":"https:\/\/justicapotiguar.com.br\/index.php\/wp-json\/wp\/v2\/comments?post=24136"}],"version-history":[{"count":1,"href":"https:\/\/justicapotiguar.com.br\/index.php\/wp-json\/wp\/v2\/posts\/24136\/revisions"}],"predecessor-version":[{"id":24137,"href":"https:\/\/justicapotiguar.com.br\/index.php\/wp-json\/wp\/v2\/posts\/24136\/revisions\/24137"}],"wp:attachment":[{"href":"https:\/\/justicapotiguar.com.br\/index.php\/wp-json\/wp\/v2\/media?parent=24136"}],"wp:term":[{"taxonomy":"category","embeddable":true,"href":"https:\/\/justicapotiguar.com.br\/index.php\/wp-json\/wp\/v2\/categories?post=24136"},{"taxonomy":"post_tag","embeddable":true,"href":"https:\/\/justicapotiguar.com.br\/index.php\/wp-json\/wp\/v2\/tags?post=24136"}],"curies":[{"name":"wp","href":"https:\/\/api.w.org\/{rel}","templated":true}]}}