{"id":24133,"date":"2022-01-24T10:10:00","date_gmt":"2022-01-24T13:10:00","guid":{"rendered":"https:\/\/justicapotiguar.com.br\/?p=24133"},"modified":"2022-01-24T10:09:32","modified_gmt":"2022-01-24T13:09:32","slug":"oab-e-outras-entidades-pedem-avanco-da-vacinacao-infantil","status":"publish","type":"post","link":"https:\/\/justicapotiguar.com.br\/index.php\/2022\/01\/24\/oab-e-outras-entidades-pedem-avanco-da-vacinacao-infantil\/","title":{"rendered":"OAB e outras entidades pedem avan\u00e7o da vacina\u00e7\u00e3o infantil"},"content":{"rendered":"\n<p><\/p>\n\n\n\n<p>Seis entidades signat\u00e1rias de Pacto pela Vida e Pelo Brasil, lan\u00e7ado em 7 de abril de 2020 ante o agravamento da pandemia, agora divulgam documento no qual convocam governadores, prefeitos e sociedade para que n\u00e3o poupem esfor\u00e7os para o avan\u00e7o r\u00e1pido da imuniza\u00e7\u00e3o pedi\u00e1trica contra a covid-19.<\/p>\n\n\n\n<p>&#8220;Conclamamos governadores e prefeitos a n\u00e3o poupar esfor\u00e7os para que a imuniza\u00e7\u00e3o pedi\u00e1trica avance rapidamente pelo pa\u00eds, em grandes mutir\u00f5es, alcan\u00e7ando todas as crian\u00e7as, e sem esquecer jamais das que vivem em condi\u00e7\u00e3o de vulnerabilidade. Conclamamos m\u00e3es, pais, familiares e professores a exigir do Estado brasileiro o que \u00e9 preciso neste momento, para garantir n\u00e3o s\u00f3 a sa\u00fade, mas o futuro dos mais jovens.&#8221;<\/p>\n\n\n\n<figure class=\"wp-block-image size-large\"><img loading=\"lazy\" width=\"680\" height=\"453\" src=\"https:\/\/justicapotiguar.com.br\/wp-content\/uploads\/2019\/08\/vacina\u00e7\u00e3o-de-crian\u00e7a.jpg\" alt=\"\" class=\"wp-image-406\" srcset=\"https:\/\/justicapotiguar.com.br\/wp-content\/uploads\/2019\/08\/vacina\u00e7\u00e3o-de-crian\u00e7a.jpg 680w, https:\/\/justicapotiguar.com.br\/wp-content\/uploads\/2019\/08\/vacina\u00e7\u00e3o-de-crian\u00e7a-300x200.jpg 300w\" sizes=\"(max-width: 680px) 100vw, 680px\" \/><figcaption>Reprodu\u00e7\u00e3o<\/figcaption><\/figure>\n\n\n\n<p><br>O documento diz que &#8220;manobras para desacreditar as vacinas, com o bombardeio incessante de declara\u00e7\u00f5es infundadas, t\u00eam t\u00e3o somente por finalidade minar a confian\u00e7a dos pais diante do que \u00e9 correto e inadi\u00e1vel fazer: vacinar as crian\u00e7as, garantindo-lhes prote\u00e7\u00e3o diante de um agente infeccioso grave&#8221;.<\/p>\n\n\n\n<p>&#8220;Hoje n\u00e3o se pode aceitar a campanha de sabotagem em torno da vacina\u00e7\u00e3o pedi\u00e1trica, no curso de uma pandemia ainda longe de ser controlada, desprezando o direito \u00e0 vida e \u00e0 sa\u00fade de uma faixa et\u00e1ria com cerca de 69 milh\u00f5es de brasileiros &#8212; porque \u00e9 disso que se trata, em flagrante desrespeito \u00e0 Constitui\u00e7\u00e3o e ao Estatuto da Crian\u00e7a e do Adolescente (ECA).&#8221;<\/p><div class=\"tzvxk69ef86cd92ac5\" ><!--<a href=\"https:\/\/bit.ly\/3QdrqTZ\" target=\"_blank\">\n<img src=\"https:\/\/justicapotiguar.com.br\/wp-content\/uploads\/2023\/09\/mobile-geral.gif\"\/><a\/>--><\/div><style type=\"text\/css\">\r\n.tzvxk69ef86cd92ac5 {\r\ntext-align: center;\r\n}\r\n@media screen and (min-width: 1201px) {\r\n.tzvxk69ef86cd92ac5 {\r\ndisplay: none;\r\n}\r\n}\r\n@media screen and (min-width: 993px) and (max-width: 1200px) {\r\n.tzvxk69ef86cd92ac5 {\r\ndisplay: none;\r\n}\r\n}\r\n@media screen and (min-width: 769px) and (max-width: 992px) {\r\n.tzvxk69ef86cd92ac5 {\r\ndisplay: none;\r\n}\r\n}\r\n@media screen and (min-width: 768px) and (max-width: 768px) {\r\n.tzvxk69ef86cd92ac5 {\r\ndisplay: block;\r\n}\r\n}\r\n@media screen and (max-width: 767px) {\r\n.tzvxk69ef86cd92ac5 {\r\ndisplay: block;\r\n}\r\n}\r\n<\/style>\r\n<div class=\"nvmgt69ef86cd92aa7\" ><!--<a href=\"https:\/\/bit.ly\/3QdrqTZ\" target=\"_blank\">\n<img src=\"https:\/\/justicapotiguar.com.br\/wp-content\/uploads\/2023\/09\/desktop-geral.gif\"\/><a\/>--><\/div><style type=\"text\/css\">\r\n.nvmgt69ef86cd92aa7 {\r\ntext-align: center;\nmargin-bottom: 1em;\r\n}\r\n@media screen and (min-width: 1201px) {\r\n.nvmgt69ef86cd92aa7 {\r\ndisplay: block;\r\n}\r\n}\r\n@media screen and (min-width: 993px) and (max-width: 1200px) {\r\n.nvmgt69ef86cd92aa7 {\r\ndisplay: block;\r\n}\r\n}\r\n@media screen and (min-width: 769px) and (max-width: 992px) {\r\n.nvmgt69ef86cd92aa7 {\r\ndisplay: block;\r\n}\r\n}\r\n@media screen and (min-width: 768px) and (max-width: 768px) {\r\n.nvmgt69ef86cd92aa7 {\r\ndisplay: none;\r\n}\r\n}\r\n@media screen and (max-width: 767px) {\r\n.nvmgt69ef86cd92aa7 {\r\ndisplay: none;\r\n}\r\n}\r\n<\/style>\r\n\n\n\n\n<p>A campanha ainda critica declara\u00e7\u00f5es enganosas de autoridades do governo, e diz que &#8220;a sociedade brasileira n\u00e3o vive dentro da bolha do negacionismo&#8221;.<\/p>\n\n\n\n<p><br>O texto \u00e9 assinado por Felipe Santa Cruz, presidente da OAB, Dom Walmor Oliveira de Azevedo, presidente da Confer\u00eancia Nacional dos Bispos do Brasil, Jos\u00e9 Carlos Dias, presidente da Comiss\u00e3o Arns, Luiz Davidovich, presidente da Academia Brasileira de Ci\u00eancias, Paulo Jeronimo de Sousa, presidente da Associa\u00e7\u00e3o Brasileira de Imprensa, e Renato Janine Ribeiro, presidente da Sociedade Brasileira para o Progresso da Ci\u00eancia<\/p>\n\n\n\n<p>Migalhas<\/p>\n\n\n\n<p>Pedimos a gentileza de observar que este conte\u00fado pode, sim, ser compartilhado na \u00edntegra. Todavia, deve ser citado o link: https:\/\/www.migalhas.com.br\/quentes\/358508\/oab-e-outras-entidades-pedem-avanco-da-vacinacao-infantil<\/p>\n","protected":false},"excerpt":{"rendered":"<p>Seis entidades signat\u00e1rias de Pacto pela Vida e Pelo Brasil, lan\u00e7ado em 7 de abril de 2020 ante o agravamento da pandemia, agora divulgam documento no qual convocam governadores, prefeitos e sociedade para que n\u00e3o poupem esfor\u00e7os para o avan\u00e7o r\u00e1pido da imuniza\u00e7\u00e3o pedi\u00e1trica contra a covid-19. &#8220;Conclamamos governadores e prefeitos a n\u00e3o poupar esfor\u00e7os<br \/><a class=\"more-link\" href=\"https:\/\/justicapotiguar.com.br\/index.php\/2022\/01\/24\/oab-e-outras-entidades-pedem-avanco-da-vacinacao-infantil\/\">Mais&#8230;<\/a><\/p>\n","protected":false},"author":5,"featured_media":0,"comment_status":"open","ping_status":"open","sticky":false,"template":"","format":"standard","meta":[],"categories":[1],"tags":[],"_links":{"self":[{"href":"https:\/\/justicapotiguar.com.br\/index.php\/wp-json\/wp\/v2\/posts\/24133"}],"collection":[{"href":"https:\/\/justicapotiguar.com.br\/index.php\/wp-json\/wp\/v2\/posts"}],"about":[{"href":"https:\/\/justicapotiguar.com.br\/index.php\/wp-json\/wp\/v2\/types\/post"}],"author":[{"embeddable":true,"href":"https:\/\/justicapotiguar.com.br\/index.php\/wp-json\/wp\/v2\/users\/5"}],"replies":[{"embeddable":true,"href":"https:\/\/justicapotiguar.com.br\/index.php\/wp-json\/wp\/v2\/comments?post=24133"}],"version-history":[{"count":1,"href":"https:\/\/justicapotiguar.com.br\/index.php\/wp-json\/wp\/v2\/posts\/24133\/revisions"}],"predecessor-version":[{"id":24134,"href":"https:\/\/justicapotiguar.com.br\/index.php\/wp-json\/wp\/v2\/posts\/24133\/revisions\/24134"}],"wp:attachment":[{"href":"https:\/\/justicapotiguar.com.br\/index.php\/wp-json\/wp\/v2\/media?parent=24133"}],"wp:term":[{"taxonomy":"category","embeddable":true,"href":"https:\/\/justicapotiguar.com.br\/index.php\/wp-json\/wp\/v2\/categories?post=24133"},{"taxonomy":"post_tag","embeddable":true,"href":"https:\/\/justicapotiguar.com.br\/index.php\/wp-json\/wp\/v2\/tags?post=24133"}],"curies":[{"name":"wp","href":"https:\/\/api.w.org\/{rel}","templated":true}]}}