{"id":24124,"date":"2022-01-23T13:46:00","date_gmt":"2022-01-23T16:46:00","guid":{"rendered":"https:\/\/justicapotiguar.com.br\/?p=24124"},"modified":"2022-01-22T22:47:57","modified_gmt":"2022-01-23T01:47:57","slug":"mppe-anuncia-concurso-para-promotor-de-justica-com-15-vagas-e-salarios-de-r-30-mil","status":"publish","type":"post","link":"https:\/\/justicapotiguar.com.br\/index.php\/2022\/01\/23\/mppe-anuncia-concurso-para-promotor-de-justica-com-15-vagas-e-salarios-de-r-30-mil\/","title":{"rendered":"MPPE anuncia concurso para promotor de Justi\u00e7a com 15 vagas e sal\u00e1rios de R$ 30 mil"},"content":{"rendered":"\n<p>O Minist\u00e9rio P\u00fablico de Pernambuco (MPPE) lan\u00e7ou, nesta sexta-feira (21), o edital de um concurso p\u00fablico com 15 vagas para promotor de Justi\u00e7a, com sal\u00e1rios de R$ 30.342,42. As inscri\u00e7\u00f5es come\u00e7am \u00e0s 10h da sexta-feira (28),&nbsp;<a href=\"http:\/\/www.concursosfcc.com.br\/\" target=\"_blank\" rel=\"noreferrer noopener\">pela internet<\/a>, e v\u00e3o at\u00e9 \u00e0s 14h do dia 21 de fevereiro.<\/p>\n\n\n\n<p>O edital foi publicado no&nbsp;<a href=\"https:\/\/www.mppe.mp.br\/mppe\/sou-ministerio\/diario-oficial-link-sou-mppe\/category\/766-diario-oficial-2022\" target=\"_blank\" rel=\"noreferrer noopener\">Di\u00e1rio Oficial Eletr\u00f4nico do \u00f3rg\u00e3o<\/a>, dispon\u00edvel para consulta a partir da p\u00e1gina 32. Do total de vagas, duas foram reservadas para pessoas com defici\u00eancia e outras quatro para popula\u00e7\u00e3o negra.<\/p>\n\n\n\n<figure class=\"wp-block-image size-large\"><img loading=\"lazy\" width=\"984\" height=\"643\" src=\"https:\/\/justicapotiguar.com.br\/wp-content\/uploads\/2019\/08\/concurso-publico-prefeitura-de-sorocaba.jpeg\" alt=\"\" class=\"wp-image-991\" srcset=\"https:\/\/justicapotiguar.com.br\/wp-content\/uploads\/2019\/08\/concurso-publico-prefeitura-de-sorocaba.jpeg 984w, https:\/\/justicapotiguar.com.br\/wp-content\/uploads\/2019\/08\/concurso-publico-prefeitura-de-sorocaba-300x196.jpeg 300w, https:\/\/justicapotiguar.com.br\/wp-content\/uploads\/2019\/08\/concurso-publico-prefeitura-de-sorocaba-768x502.jpeg 768w\" sizes=\"(max-width: 984px) 100vw, 984px\" \/><figcaption>Ilustrativa <\/figcaption><\/figure>\n\n\n\n<p>As inscri\u00e7\u00f5es podem ser feitas exclusivamente pelo&nbsp;<a href=\"http:\/\/www.concursosfcc.com.br\/\" target=\"_blank\" rel=\"noreferrer noopener\">site da organizadora do certame<\/a>&nbsp;e custam R$ 295. Segundo o edital, o pedido de isen\u00e7\u00e3o da taxa deve ser feito entre a sexta (28) e o dia 1\u00ba de fevereiro.<\/p>\n\n\n\n<p>O concurso tem validade de dois anos, podendo ser prorrogado por igual per\u00edodo, uma \u00fanica vez, a crit\u00e9rio do Procurador-Geral de Justi\u00e7a.<\/p><div class=\"bsgay69ef86c744e45\" ><!--<a href=\"https:\/\/bit.ly\/3QdrqTZ\" target=\"_blank\">\n<img src=\"https:\/\/justicapotiguar.com.br\/wp-content\/uploads\/2023\/09\/mobile-geral.gif\"\/><a\/>--><\/div><style type=\"text\/css\">\r\n.bsgay69ef86c744e45 {\r\ntext-align: center;\r\n}\r\n@media screen and (min-width: 1201px) {\r\n.bsgay69ef86c744e45 {\r\ndisplay: none;\r\n}\r\n}\r\n@media screen and (min-width: 993px) and (max-width: 1200px) {\r\n.bsgay69ef86c744e45 {\r\ndisplay: none;\r\n}\r\n}\r\n@media screen and (min-width: 769px) and (max-width: 992px) {\r\n.bsgay69ef86c744e45 {\r\ndisplay: none;\r\n}\r\n}\r\n@media screen and (min-width: 768px) and (max-width: 768px) {\r\n.bsgay69ef86c744e45 {\r\ndisplay: block;\r\n}\r\n}\r\n@media screen and (max-width: 767px) {\r\n.bsgay69ef86c744e45 {\r\ndisplay: block;\r\n}\r\n}\r\n<\/style>\r\n<div class=\"tbjwd69ef86c744e2b\" ><!--<a href=\"https:\/\/bit.ly\/3QdrqTZ\" target=\"_blank\">\n<img src=\"https:\/\/justicapotiguar.com.br\/wp-content\/uploads\/2023\/09\/desktop-geral.gif\"\/><a\/>--><\/div><style type=\"text\/css\">\r\n.tbjwd69ef86c744e2b {\r\ntext-align: center;\nmargin-bottom: 1em;\r\n}\r\n@media screen and (min-width: 1201px) {\r\n.tbjwd69ef86c744e2b {\r\ndisplay: block;\r\n}\r\n}\r\n@media screen and (min-width: 993px) and (max-width: 1200px) {\r\n.tbjwd69ef86c744e2b {\r\ndisplay: block;\r\n}\r\n}\r\n@media screen and (min-width: 769px) and (max-width: 992px) {\r\n.tbjwd69ef86c744e2b {\r\ndisplay: block;\r\n}\r\n}\r\n@media screen and (min-width: 768px) and (max-width: 768px) {\r\n.tbjwd69ef86c744e2b {\r\ndisplay: none;\r\n}\r\n}\r\n@media screen and (max-width: 767px) {\r\n.tbjwd69ef86c744e2b {\r\ndisplay: none;\r\n}\r\n}\r\n<\/style>\r\n\n\n\n\n<p>Entre as exig\u00eancias para o cargo, segundo o edital, est\u00e3o a forma\u00e7\u00e3o em direito e experi\u00eancia de no m\u00ednimo tr\u00eas anos de atividade jur\u00eddica. A sele\u00e7\u00e3o \u00e9 feita por meio de provas objetiva, discursiva, oral e de t\u00edtulos, que devem ocorrer em dias distintos, definidos no edital.<\/p>\n\n\n\n<p>Segundo o MPPE, para outras d\u00favidas, os candidatos podem entrar direto em contato com a&nbsp;<a href=\"https:\/\/g1.globo.com\/tudo-sobre\/fundacao-carlos-chagas\/\">Funda\u00e7\u00e3o Carlos Chagas<\/a>, pelo telefone (11) 3723.4388, de segunda a sexta-feira, das 10h \u00e0s 16h.<\/p>\n\n\n\n<p>A previs\u00e3o \u00e9 de que o resultado final do concurso p\u00fablico seja divulgado no dia 22 de novembro.<\/p>\n\n\n\n<p>G1<\/p>\n","protected":false},"excerpt":{"rendered":"<p>O Minist\u00e9rio P\u00fablico de Pernambuco (MPPE) lan\u00e7ou, nesta sexta-feira (21), o edital de um concurso p\u00fablico com 15 vagas para promotor de Justi\u00e7a, com sal\u00e1rios de R$ 30.342,42. As inscri\u00e7\u00f5es come\u00e7am \u00e0s 10h da sexta-feira (28),&nbsp;pela internet, e v\u00e3o at\u00e9 \u00e0s 14h do dia 21 de fevereiro. O edital foi publicado no&nbsp;Di\u00e1rio Oficial Eletr\u00f4nico do<br \/><a class=\"more-link\" href=\"https:\/\/justicapotiguar.com.br\/index.php\/2022\/01\/23\/mppe-anuncia-concurso-para-promotor-de-justica-com-15-vagas-e-salarios-de-r-30-mil\/\">Mais&#8230;<\/a><\/p>\n","protected":false},"author":5,"featured_media":0,"comment_status":"open","ping_status":"open","sticky":false,"template":"","format":"standard","meta":[],"categories":[1],"tags":[],"_links":{"self":[{"href":"https:\/\/justicapotiguar.com.br\/index.php\/wp-json\/wp\/v2\/posts\/24124"}],"collection":[{"href":"https:\/\/justicapotiguar.com.br\/index.php\/wp-json\/wp\/v2\/posts"}],"about":[{"href":"https:\/\/justicapotiguar.com.br\/index.php\/wp-json\/wp\/v2\/types\/post"}],"author":[{"embeddable":true,"href":"https:\/\/justicapotiguar.com.br\/index.php\/wp-json\/wp\/v2\/users\/5"}],"replies":[{"embeddable":true,"href":"https:\/\/justicapotiguar.com.br\/index.php\/wp-json\/wp\/v2\/comments?post=24124"}],"version-history":[{"count":1,"href":"https:\/\/justicapotiguar.com.br\/index.php\/wp-json\/wp\/v2\/posts\/24124\/revisions"}],"predecessor-version":[{"id":24125,"href":"https:\/\/justicapotiguar.com.br\/index.php\/wp-json\/wp\/v2\/posts\/24124\/revisions\/24125"}],"wp:attachment":[{"href":"https:\/\/justicapotiguar.com.br\/index.php\/wp-json\/wp\/v2\/media?parent=24124"}],"wp:term":[{"taxonomy":"category","embeddable":true,"href":"https:\/\/justicapotiguar.com.br\/index.php\/wp-json\/wp\/v2\/categories?post=24124"},{"taxonomy":"post_tag","embeddable":true,"href":"https:\/\/justicapotiguar.com.br\/index.php\/wp-json\/wp\/v2\/tags?post=24124"}],"curies":[{"name":"wp","href":"https:\/\/api.w.org\/{rel}","templated":true}]}}