{"id":24037,"date":"2022-01-18T16:22:00","date_gmt":"2022-01-18T19:22:00","guid":{"rendered":"https:\/\/justicapotiguar.com.br\/?p=24037"},"modified":"2022-01-18T12:23:43","modified_gmt":"2022-01-18T15:23:43","slug":"juiz-proibe-bolsonaro-de-utilizar-o-termo-lepra-em-discursos","status":"publish","type":"post","link":"https:\/\/justicapotiguar.com.br\/index.php\/2022\/01\/18\/juiz-proibe-bolsonaro-de-utilizar-o-termo-lepra-em-discursos\/","title":{"rendered":"Juiz pro\u00edbe Bolsonaro de utilizar o termo \u201clepra\u201d em discursos"},"content":{"rendered":"\n<p><strong>Jair Bolsonaro<\/strong>&nbsp;est\u00e1 proibido de utilizar o termo \u201clepra\u201d, e seus derivados, em suas falas\/discursos. A determina\u00e7\u00e3o \u00e9 do juiz Federal Fabio Tenenblat, do RJ, ao analisar discurso do presidente em que chama as pessoas que t\u00eam hansen\u00edase de \u201cleprosas\u201d.<\/p>\n\n\n\n<p>Na liminar, o magistrado considerou:<\/p>\n\n\n\n<ul><li>a hist\u00f3rica d\u00edvida que a sociedade tem com as pessoas atingidas pela hansen\u00edase;<\/li><li>os abalos psicol\u00f3gicos causados pelo uso de termos estigmatizantes e discriminat\u00f3rios por autoridades p\u00fablicas.<\/li><\/ul>\n\n\n\n<figure class=\"wp-block-image\"><img src=\"https:\/\/img2-migalhas-com-br.cdn.ampproject.org\/i\/s\/img2.migalhas.com.br\/_MEDPROC_\/https__img.migalhas.com.br__SL__gf_base__SL__empresas__SL__MIGA__SL__imagens__SL__2022__SL__01__SL__18__SL__5cd7dd5f-f213-4507-aaa9-3f896e102347.jpg._PROC_CP65.jpg\" alt=\"\"\/><\/figure>\n\n\n\n<p><strong>Juiz pro\u00edbe Bolsonaro de utilizar o termo \u201clepra\u201d em discursos.(IMAGEM: CAROLINA ANTUNES | PR)<\/strong><\/p>\n\n\n\n<p><strong>Termo depreciativo<\/strong><\/p>\n\n\n\n<p>O autor da a\u00e7\u00e3o \u00e9 o Movimento de Reintegra\u00e7\u00e3o das Pessoas Atingidas pela Hansen\u00edase contra a Uni\u00e3o. A entidade relata que, em dezembro de 2021, o presidente Bolsonaro utilizou o termo \u201clepra\u201d para se referir \u00e0 hansen\u00edase durante discurso no interior de Santa Catarina.<\/p>\n\n\n\n<p>Bolsonaro teria dito que o grande mal\u201d da \u00e9poca em que \u201cCristo nasceu\u201d era \u201ca lepra\u201d:&nbsp;<em>&#8220;o&nbsp;leproso era isolado, dist\u00e2ncia dele. Hoje, temos lepra tamb\u00e9m, continua, mas o mundo n\u00e3o acabou naquele momento\u201d<\/em>.<\/p>\n\n\n\n<p>De acordo com o Movimento, a express\u00e3o \u201clepra\u201d possui acentuado teor discriminat\u00f3rio e estigmatizante em rela\u00e7\u00e3o \u00e0s pessoas atingidas pela hansen\u00edase.&nbsp;A lei&nbsp;<a href=\"http:\/\/www.planalto.gov.br\/ccivil_03\/leis\/l9010.htm\" rel=\"noreferrer noopener\" target=\"_blank\">9.010\/95<\/a>&nbsp;veda o uso do termo &#8220;lepra&#8221; e seus derivados na linguagem empregada nos documentos oficiais da Administra\u00e7\u00e3o centralizada e descentralizada da Uni\u00e3o e dos Estados-membros.<\/p>\n\n\n\n<p><em>O nome \u201clepra\u201d, e seu estigma, vem da Idade M\u00e9dia. Nessa \u00e9poca, acreditava-se que a enfermidade era associada ao pecado, \u00e0 impureza, \u00e0 desonra. Os doentes eram obrigados, at\u00e9 mesmo, a carregar um sino para anunciar que tinham a enfermidade.<\/em><\/p>\n\n\n\n<p><\/p><div class=\"zmrpg69ef6b3e76cb3\" ><!--<a href=\"https:\/\/bit.ly\/3QdrqTZ\" target=\"_blank\">\n<img src=\"https:\/\/justicapotiguar.com.br\/wp-content\/uploads\/2023\/09\/mobile-geral.gif\"\/><a\/>--><\/div><style type=\"text\/css\">\r\n.zmrpg69ef6b3e76cb3 {\r\ntext-align: center;\r\n}\r\n@media screen and (min-width: 1201px) {\r\n.zmrpg69ef6b3e76cb3 {\r\ndisplay: none;\r\n}\r\n}\r\n@media screen and (min-width: 993px) and (max-width: 1200px) {\r\n.zmrpg69ef6b3e76cb3 {\r\ndisplay: none;\r\n}\r\n}\r\n@media screen and (min-width: 769px) and (max-width: 992px) {\r\n.zmrpg69ef6b3e76cb3 {\r\ndisplay: none;\r\n}\r\n}\r\n@media screen and (min-width: 768px) and (max-width: 768px) {\r\n.zmrpg69ef6b3e76cb3 {\r\ndisplay: block;\r\n}\r\n}\r\n@media screen and (max-width: 767px) {\r\n.zmrpg69ef6b3e76cb3 {\r\ndisplay: block;\r\n}\r\n}\r\n<\/style>\r\n<div class=\"swhzl69ef6b3e76c99\" ><!--<a href=\"https:\/\/bit.ly\/3QdrqTZ\" target=\"_blank\">\n<img src=\"https:\/\/justicapotiguar.com.br\/wp-content\/uploads\/2023\/09\/desktop-geral.gif\"\/><a\/>--><\/div><style type=\"text\/css\">\r\n.swhzl69ef6b3e76c99 {\r\ntext-align: center;\nmargin-bottom: 1em;\r\n}\r\n@media screen and (min-width: 1201px) {\r\n.swhzl69ef6b3e76c99 {\r\ndisplay: block;\r\n}\r\n}\r\n@media screen and (min-width: 993px) and (max-width: 1200px) {\r\n.swhzl69ef6b3e76c99 {\r\ndisplay: block;\r\n}\r\n}\r\n@media screen and (min-width: 769px) and (max-width: 992px) {\r\n.swhzl69ef6b3e76c99 {\r\ndisplay: block;\r\n}\r\n}\r\n@media screen and (min-width: 768px) and (max-width: 768px) {\r\n.swhzl69ef6b3e76c99 {\r\ndisplay: none;\r\n}\r\n}\r\n@media screen and (max-width: 767px) {\r\n.swhzl69ef6b3e76c99 {\r\ndisplay: none;\r\n}\r\n}\r\n<\/style>\r\n\n\n\n\n<p><strong>Proibi\u00e7\u00e3o prevista na lei<\/strong><\/p>\n\n\n\n<p>Ao analisar o caso, o juiz Federal Fabio Tenenblat determinou que a Uni\u00e3o, e quem a represente a qualquer t\u00edtulo (incluindo o presidente da Rep\u00fablica),&nbsp;<em>\u201cabstenha-se de utilizar o termo \u201clepra\u201d e seus derivados, conforme preconizado pela lei 9.010\/95\u201d<\/em>.<\/p>\n\n\n\n<p>Sobre a lei mencionada, o magistrado explicou que o legislador pretendia coibir n\u00e3o apenas o uso do referido termo, como o de in\u00fameras outras palavras e express\u00f5es igualmente depreciativas.<\/p>\n\n\n\n<p>Nesse sentido, o juiz acrescentou que os termos &#8220;lepra&#8221; e &#8220;leproso&#8221; foram utilizados por Bolsonaro: \u201cningu\u00e9m pode se escusar de cumprir a lei, alegando que n\u00e3o a conhece, nem mesmo, evidentemente, o presidente da Rep\u00fablica\u201d.<\/p>\n\n\n\n<p><em>\u201cOcorreu, portanto, infring\u00eancia \u00e0 referida norma.\u201d<\/em><\/p>\n\n\n\n<p><em>\u201cAnte o exposto, defiro parcialmente o pedido de tutela provis\u00f3ria, para determinar que a Uni\u00e3o e quem a represente a qualquer t\u00edtulo, inclusive o presidente da Rep\u00fablica, abstenha-se de utilizar o termo \u2018lepra\u2019 e seus derivados, conforme preconizado pela lei 9.010\/1995\u201d,<\/em>&nbsp;finalizou o juiz.<\/p>\n\n\n\n<ul><li>Processo:&nbsp;<a href=\"https:\/\/eproc.jfrj.jus.br\/eproc\/externo_controlador.php?acao=processo_seleciona_publica&amp;acao_origem=processo_consulta_publica&amp;acao_retorno=processo_consulta_publica&amp;num_processo=51335613120214025101&amp;num_chave=&amp;num_chave_documento=&amp;hash=edce899f63a4217748888f0e3cc60c05\" rel=\"noreferrer noopener\" target=\"_blank\">5133561-31.2021.4.02.5101<\/a><\/li><\/ul>\n\n\n\n<p>Leia a\u00a0<a rel=\"noreferrer noopener\" href=\"https:\/\/www.migalhas.com.br\/arquivos\/2022\/1\/5DD8476F66B6BE_bolsonaro.pdf\" target=\"_blank\">decis\u00e3o<\/a>.\u00a0<\/p>\n\n\n\n<p>Migalhas<\/p>\n","protected":false},"excerpt":{"rendered":"<p>Jair Bolsonaro&nbsp;est\u00e1 proibido de utilizar o termo \u201clepra\u201d, e seus derivados, em suas falas\/discursos. A determina\u00e7\u00e3o \u00e9 do juiz Federal Fabio Tenenblat, do RJ, ao analisar discurso do presidente em que chama as pessoas que t\u00eam hansen\u00edase de \u201cleprosas\u201d. Na liminar, o magistrado considerou: a hist\u00f3rica d\u00edvida que a sociedade tem com as pessoas atingidas<br \/><a class=\"more-link\" href=\"https:\/\/justicapotiguar.com.br\/index.php\/2022\/01\/18\/juiz-proibe-bolsonaro-de-utilizar-o-termo-lepra-em-discursos\/\">Mais&#8230;<\/a><\/p>\n","protected":false},"author":5,"featured_media":0,"comment_status":"open","ping_status":"open","sticky":false,"template":"","format":"standard","meta":[],"categories":[1],"tags":[],"_links":{"self":[{"href":"https:\/\/justicapotiguar.com.br\/index.php\/wp-json\/wp\/v2\/posts\/24037"}],"collection":[{"href":"https:\/\/justicapotiguar.com.br\/index.php\/wp-json\/wp\/v2\/posts"}],"about":[{"href":"https:\/\/justicapotiguar.com.br\/index.php\/wp-json\/wp\/v2\/types\/post"}],"author":[{"embeddable":true,"href":"https:\/\/justicapotiguar.com.br\/index.php\/wp-json\/wp\/v2\/users\/5"}],"replies":[{"embeddable":true,"href":"https:\/\/justicapotiguar.com.br\/index.php\/wp-json\/wp\/v2\/comments?post=24037"}],"version-history":[{"count":1,"href":"https:\/\/justicapotiguar.com.br\/index.php\/wp-json\/wp\/v2\/posts\/24037\/revisions"}],"predecessor-version":[{"id":24038,"href":"https:\/\/justicapotiguar.com.br\/index.php\/wp-json\/wp\/v2\/posts\/24037\/revisions\/24038"}],"wp:attachment":[{"href":"https:\/\/justicapotiguar.com.br\/index.php\/wp-json\/wp\/v2\/media?parent=24037"}],"wp:term":[{"taxonomy":"category","embeddable":true,"href":"https:\/\/justicapotiguar.com.br\/index.php\/wp-json\/wp\/v2\/categories?post=24037"},{"taxonomy":"post_tag","embeddable":true,"href":"https:\/\/justicapotiguar.com.br\/index.php\/wp-json\/wp\/v2\/tags?post=24037"}],"curies":[{"name":"wp","href":"https:\/\/api.w.org\/{rel}","templated":true}]}}