{"id":23943,"date":"2022-01-13T10:01:41","date_gmt":"2022-01-13T13:01:41","guid":{"rendered":"https:\/\/justicapotiguar.com.br\/?p=23943"},"modified":"2022-01-13T10:01:41","modified_gmt":"2022-01-13T13:01:41","slug":"grandes-bancas-ainda-resistem-a-voltar-integralmente-ao-trabalho-presencial","status":"publish","type":"post","link":"https:\/\/justicapotiguar.com.br\/index.php\/2022\/01\/13\/grandes-bancas-ainda-resistem-a-voltar-integralmente-ao-trabalho-presencial\/","title":{"rendered":"Grandes bancas ainda resistem a voltar integralmente ao trabalho presencial"},"content":{"rendered":"\n<p>O avan\u00e7o da imuniza\u00e7\u00e3o contra a Covid-19 criou um cen\u00e1rio em que a volta das empresas brasileiras&nbsp;ao &#8220;velho normal&#8221; parecia favas contadas, mas a\u00ed surgiu um novo inimigo: a variante \u00f4micron do coronav\u00edrus. Com ela, a quantidade di\u00e1ria de infec\u00e7\u00f5es voltou a crescer em ritmo consider\u00e1vel, lembrando a todos que a crise sanit\u00e1ria&nbsp;ainda n\u00e3o terminou.&nbsp;<\/p>\n\n\n\n<figure class=\"wp-block-image\"><img src=\"https:\/\/www.conjur.com.br\/img\/b\/cartorio-escritorio-trabalho.png\" alt=\"\"\/><figcaption>Regime de trabalho h\u00edbrido \u00e9 o preferido de bancas ouvidas pela&nbsp;<strong>ConJur<\/strong><br><sup>Reprodu\u00e7\u00e3o<\/sup><\/figcaption><\/figure>\n\n\n\n<p>Como n\u00e3o poderia deixar de ser, essa novidade indesejada afetou as maiores bancas de advocacia do Brasil, muitas das quais j\u00e1 davam como certa a volta do trabalho presencial para todos os seus colaboradores. Com a \u00f4micron, elas tiveram de dar um passo atr\u00e1s.<\/p>\n\n\n\n<p>A&nbsp;<strong>ConJur<\/strong>&nbsp;ouviu representantes de alguns dos maiores escrit\u00f3rios do pa\u00eds e constatou que, no momento, o modelo de trabalho h\u00edbrido ainda \u00e9 o preferido.&nbsp;Confira a posi\u00e7\u00e3o de cada uma delas:&nbsp;<\/p>\n\n\n\n<p><strong>Demarest \u2014<\/strong>&nbsp;Com o aumento da popula\u00e7\u00e3o vacinada e queda dos n\u00fameros de casos de Covid-19 pelo Brasil, o Demarest Advogados decidiu retomar o trabalho presencial, com mudan\u00e7as nos protocolos.&nbsp;O plano da banca era adotar o modelo h\u00edbrido, em que colaboradores passariam parte da semana trabalhando remotamente, em escala que iria variar conforme a \u00e1rea de atua\u00e7\u00e3o e a necessidade de fazer as atividades presencialmente. Contudo, com o avan\u00e7o da \u00f4micron, a diretriz \u00e9 evitar o retorno ao escrit\u00f3rio at\u00e9 o pr\u00f3ximo dia 17.&nbsp;<\/p>\n\n\n\n<p><strong>Machado Meyer<\/strong>&nbsp;\u2014 Segundo&nbsp;<strong>Tito Andrade<\/strong>, s\u00f3cio-administrador da banca, o retorno inicialmente estava previsto para o \u00faltimo dia 10 de janeiro. &#8220;Contudo, considerando a atual situa\u00e7\u00e3o, o escrit\u00f3rio cancelou o seu retorno presencial e avisou aos seus colaboradores que esse retorno est\u00e1 suspenso at\u00e9 o dia 31\/1, quando ser\u00e1 feita uma an\u00e1lise da situa\u00e7\u00e3o para avaliar o retorno ao modelo h\u00edbrido&#8221;, explica.&nbsp;<\/p><div class=\"ufhtd69ef3f7a9541e\" ><!--<a href=\"https:\/\/bit.ly\/3QdrqTZ\" target=\"_blank\">\n<img src=\"https:\/\/justicapotiguar.com.br\/wp-content\/uploads\/2023\/09\/mobile-geral.gif\"\/><a\/>--><\/div><style type=\"text\/css\">\r\n.ufhtd69ef3f7a9541e {\r\ntext-align: center;\r\n}\r\n@media screen and (min-width: 1201px) {\r\n.ufhtd69ef3f7a9541e {\r\ndisplay: none;\r\n}\r\n}\r\n@media screen and (min-width: 993px) and (max-width: 1200px) {\r\n.ufhtd69ef3f7a9541e {\r\ndisplay: none;\r\n}\r\n}\r\n@media screen and (min-width: 769px) and (max-width: 992px) {\r\n.ufhtd69ef3f7a9541e {\r\ndisplay: none;\r\n}\r\n}\r\n@media screen and (min-width: 768px) and (max-width: 768px) {\r\n.ufhtd69ef3f7a9541e {\r\ndisplay: block;\r\n}\r\n}\r\n@media screen and (max-width: 767px) {\r\n.ufhtd69ef3f7a9541e {\r\ndisplay: block;\r\n}\r\n}\r\n<\/style>\r\n<div class=\"sdqtg69ef3f7a953fd\" ><!--<a href=\"https:\/\/bit.ly\/3QdrqTZ\" target=\"_blank\">\n<img src=\"https:\/\/justicapotiguar.com.br\/wp-content\/uploads\/2023\/09\/desktop-geral.gif\"\/><a\/>--><\/div><style type=\"text\/css\">\r\n.sdqtg69ef3f7a953fd {\r\ntext-align: center;\nmargin-bottom: 1em;\r\n}\r\n@media screen and (min-width: 1201px) {\r\n.sdqtg69ef3f7a953fd {\r\ndisplay: block;\r\n}\r\n}\r\n@media screen and (min-width: 993px) and (max-width: 1200px) {\r\n.sdqtg69ef3f7a953fd {\r\ndisplay: block;\r\n}\r\n}\r\n@media screen and (min-width: 769px) and (max-width: 992px) {\r\n.sdqtg69ef3f7a953fd {\r\ndisplay: block;\r\n}\r\n}\r\n@media screen and (min-width: 768px) and (max-width: 768px) {\r\n.sdqtg69ef3f7a953fd {\r\ndisplay: none;\r\n}\r\n}\r\n@media screen and (max-width: 767px) {\r\n.sdqtg69ef3f7a953fd {\r\ndisplay: none;\r\n}\r\n}\r\n<\/style>\r\n\n\n\n\n<p><strong>Mattos Filho \u2014<\/strong>&nbsp;Desde setembro, a banca est\u00e1&nbsp;no regime de retorno gradual, com seus escrit\u00f3rios abertos para receber profissionais que queiram trabalhar presencialmente de maneira volunt\u00e1ria. A banca mant\u00e9m os protocolos de sa\u00fade e seguran\u00e7a que incluem, entre diversos cuidados, a higieniza\u00e7\u00e3o dos postos de trabalho, o uso de m\u00e1scara e de \u00e1lcool gel, inclusive nas salas de reuni\u00e3o.<\/p>\n\n\n\n<p><strong>Nelson Willians Advogados\u00a0\u2014<\/strong>\u00a0Segundo\u00a0Ariane Van\u00e7o, s\u00f3cia e diretora de\u00a0<em>Compliance<\/em>\u00a0da banca, o retorno as atividades presenciais est\u00e1 sendo programado sem pressa. &#8220;Com o avan\u00e7o da nova variante, permaneceremos no regime de\u00a0<em>home office<\/em>\u00a0para maior parte da nossa opera\u00e7\u00e3o e com regime de rod\u00edzio para as presen\u00e7as f\u00edsicas, quando necess\u00e1rio&#8221;, explica. Al\u00e9m disso, a banca segue adotando\u00a0todas as medidas de seguran\u00e7a recomendadas pelas autoridades.<\/p>\n\n\n\n<p><strong>Trench<\/strong><strong>&nbsp;Rossi Watanabe&nbsp;\u2014<\/strong>&nbsp;Os escrit\u00f3rios da banca j\u00e1 est\u00e3o dispon\u00edveis para atender a demandas pontuais de clientes e \u00e0 disposi\u00e7\u00e3o dos colaboradores, de forma facultativa. Tudo sob um controle r\u00edgido e respeitando todas as regras e protocolos de higieniza\u00e7\u00e3o e seguran\u00e7a estabelecidos pelas autoridades competentes ao longo da pandemia. A banca acompanha os \u00edndices de cont\u00e1gio e vacina\u00e7\u00e3o e planeja retomar oficialmente as atividades presenciais em breve, em data a ser definida, com aten\u00e7\u00e3o especial aos imunodeprimidos, \u00e0queles com comorbidades e \u00e0queles que apresentem alguma condi\u00e7\u00e3o espec\u00edfica para n\u00e3o retornar em um primeiro momento.<\/p>\n\n\n\n<p><strong>Felsberg Advogados \u2014<\/strong>\u00a0Os profissionais da banca seguem trabalhando em modelo\u00a0<em>home office<\/em>. Dependendo do avan\u00e7o da \u00f4micron, o escrit\u00f3rio pretende adotar um modelo de trabalho hibrido. Segundo o fundador da banca,\u00a0Thomas Benes Felsberg, a ado\u00e7\u00e3o do\u00a0<em>home office<\/em>\u00a0n\u00e3o\u00a0impactou nos resultados do escrit\u00f3rio. Ao contr\u00e1rio, a produtividade dos advogados aumentou 25%.<\/p>\n\n\n\n<p>Conjur<\/p>\n","protected":false},"excerpt":{"rendered":"<p>O avan\u00e7o da imuniza\u00e7\u00e3o contra a Covid-19 criou um cen\u00e1rio em que a volta das empresas brasileiras&nbsp;ao &#8220;velho normal&#8221; parecia favas contadas, mas a\u00ed surgiu um novo inimigo: a variante \u00f4micron do coronav\u00edrus. Com ela, a quantidade di\u00e1ria de infec\u00e7\u00f5es voltou a crescer em ritmo consider\u00e1vel, lembrando a todos que a crise sanit\u00e1ria&nbsp;ainda n\u00e3o terminou.&nbsp;<br \/><a class=\"more-link\" href=\"https:\/\/justicapotiguar.com.br\/index.php\/2022\/01\/13\/grandes-bancas-ainda-resistem-a-voltar-integralmente-ao-trabalho-presencial\/\">Mais&#8230;<\/a><\/p>\n","protected":false},"author":5,"featured_media":0,"comment_status":"open","ping_status":"open","sticky":false,"template":"","format":"standard","meta":[],"categories":[1],"tags":[],"_links":{"self":[{"href":"https:\/\/justicapotiguar.com.br\/index.php\/wp-json\/wp\/v2\/posts\/23943"}],"collection":[{"href":"https:\/\/justicapotiguar.com.br\/index.php\/wp-json\/wp\/v2\/posts"}],"about":[{"href":"https:\/\/justicapotiguar.com.br\/index.php\/wp-json\/wp\/v2\/types\/post"}],"author":[{"embeddable":true,"href":"https:\/\/justicapotiguar.com.br\/index.php\/wp-json\/wp\/v2\/users\/5"}],"replies":[{"embeddable":true,"href":"https:\/\/justicapotiguar.com.br\/index.php\/wp-json\/wp\/v2\/comments?post=23943"}],"version-history":[{"count":1,"href":"https:\/\/justicapotiguar.com.br\/index.php\/wp-json\/wp\/v2\/posts\/23943\/revisions"}],"predecessor-version":[{"id":23944,"href":"https:\/\/justicapotiguar.com.br\/index.php\/wp-json\/wp\/v2\/posts\/23943\/revisions\/23944"}],"wp:attachment":[{"href":"https:\/\/justicapotiguar.com.br\/index.php\/wp-json\/wp\/v2\/media?parent=23943"}],"wp:term":[{"taxonomy":"category","embeddable":true,"href":"https:\/\/justicapotiguar.com.br\/index.php\/wp-json\/wp\/v2\/categories?post=23943"},{"taxonomy":"post_tag","embeddable":true,"href":"https:\/\/justicapotiguar.com.br\/index.php\/wp-json\/wp\/v2\/tags?post=23943"}],"curies":[{"name":"wp","href":"https:\/\/api.w.org\/{rel}","templated":true}]}}