{"id":23843,"date":"2022-01-07T13:37:00","date_gmt":"2022-01-07T16:37:00","guid":{"rendered":"https:\/\/justicapotiguar.com.br\/?p=23843"},"modified":"2022-01-07T12:34:06","modified_gmt":"2022-01-07T15:34:06","slug":"trt-rn-retoma-atividades-presenciais-com-exigencia-do-passaporte-da-vacina","status":"publish","type":"post","link":"https:\/\/justicapotiguar.com.br\/index.php\/2022\/01\/07\/trt-rn-retoma-atividades-presenciais-com-exigencia-do-passaporte-da-vacina\/","title":{"rendered":"TRT-RN retoma atividades presenciais com exig\u00eancia do passaporte da vacina"},"content":{"rendered":"\n<figure class=\"wp-block-image size-large\"><img loading=\"lazy\" width=\"960\" height=\"960\" src=\"https:\/\/justicapotiguar.com.br\/wp-content\/uploads\/2019\/10\/TRT-RN-verticalizado-2.jpg\" alt=\"\" class=\"wp-image-2833\" srcset=\"https:\/\/justicapotiguar.com.br\/wp-content\/uploads\/2019\/10\/TRT-RN-verticalizado-2.jpg 960w, https:\/\/justicapotiguar.com.br\/wp-content\/uploads\/2019\/10\/TRT-RN-verticalizado-2-150x150.jpg 150w, https:\/\/justicapotiguar.com.br\/wp-content\/uploads\/2019\/10\/TRT-RN-verticalizado-2-300x300.jpg 300w, https:\/\/justicapotiguar.com.br\/wp-content\/uploads\/2019\/10\/TRT-RN-verticalizado-2-768x768.jpg 768w\" sizes=\"(max-width: 960px) 100vw, 960px\" \/><figcaption>Reprodu\u00e7\u00e3o<\/figcaption><\/figure>\n\n\n\n<p>As atividades administrativas no Tribunal Regional do Trabalho da 21\u00aa Regi\u00e3o foram retomadas, nesta sexta-feira (7), ap\u00f3s o recesso forense. J\u00e1 os prazos processuais, audi\u00eancias e sess\u00f5es de julgamento seguir\u00e3o suspensos at\u00e9 o dia 20 de janeiro, conforme determina o C\u00f3digo de Processo Civil (Lei 13.105\/2015), em seu Art. 220.<\/p>\n\n\n\n<p>O atendimento ao p\u00fablico segue sendo prestado, preferencialmente, por meio das ferramentas virtuais, com \u00eanfase para o&nbsp;<a href=\"https:\/\/www.trt21.jus.br\/balcao-virtual\" target=\"_blank\" rel=\"noreferrer noopener\">Balc\u00e3o Virtual<\/a>, como recomenda o Comit\u00ea Permanente de Avalia\u00e7\u00e3o de Medidas Preventivas em rela\u00e7\u00e3o \u00e0 pandemia da Covid-19 do TRT-RN.<\/p><div class=\"ilsfn69ef17da864b3\" ><!--<a href=\"https:\/\/bit.ly\/3QdrqTZ\" target=\"_blank\">\n<img src=\"https:\/\/justicapotiguar.com.br\/wp-content\/uploads\/2023\/09\/mobile-geral.gif\"\/><a\/>--><\/div><style type=\"text\/css\">\r\n.ilsfn69ef17da864b3 {\r\ntext-align: center;\r\n}\r\n@media screen and (min-width: 1201px) {\r\n.ilsfn69ef17da864b3 {\r\ndisplay: none;\r\n}\r\n}\r\n@media screen and (min-width: 993px) and (max-width: 1200px) {\r\n.ilsfn69ef17da864b3 {\r\ndisplay: none;\r\n}\r\n}\r\n@media screen and (min-width: 769px) and (max-width: 992px) {\r\n.ilsfn69ef17da864b3 {\r\ndisplay: none;\r\n}\r\n}\r\n@media screen and (min-width: 768px) and (max-width: 768px) {\r\n.ilsfn69ef17da864b3 {\r\ndisplay: block;\r\n}\r\n}\r\n@media screen and (max-width: 767px) {\r\n.ilsfn69ef17da864b3 {\r\ndisplay: block;\r\n}\r\n}\r\n<\/style>\r\n<div class=\"svbmx69ef17da8649a\" ><!--<a href=\"https:\/\/bit.ly\/3QdrqTZ\" target=\"_blank\">\n<img src=\"https:\/\/justicapotiguar.com.br\/wp-content\/uploads\/2023\/09\/desktop-geral.gif\"\/><a\/>--><\/div><style type=\"text\/css\">\r\n.svbmx69ef17da8649a {\r\ntext-align: center;\nmargin-bottom: 1em;\r\n}\r\n@media screen and (min-width: 1201px) {\r\n.svbmx69ef17da8649a {\r\ndisplay: block;\r\n}\r\n}\r\n@media screen and (min-width: 993px) and (max-width: 1200px) {\r\n.svbmx69ef17da8649a {\r\ndisplay: block;\r\n}\r\n}\r\n@media screen and (min-width: 769px) and (max-width: 992px) {\r\n.svbmx69ef17da8649a {\r\ndisplay: block;\r\n}\r\n}\r\n@media screen and (min-width: 768px) and (max-width: 768px) {\r\n.svbmx69ef17da8649a {\r\ndisplay: none;\r\n}\r\n}\r\n@media screen and (max-width: 767px) {\r\n.svbmx69ef17da8649a {\r\ndisplay: none;\r\n}\r\n}\r\n<\/style>\r\n\n\n\n\n<p>Para ingressar no Tribunal e nas unidades judici\u00e1rias da capital e interior do estado, \u00e9 necess\u00e1rio que todos apresentem comprovante de vacina\u00e7\u00e3o contra a Covid-19, al\u00e9m do uso obrigat\u00f3rio de m\u00e1scaras.<\/p>\n","protected":false},"excerpt":{"rendered":"<p>As atividades administrativas no Tribunal Regional do Trabalho da 21\u00aa Regi\u00e3o foram retomadas, nesta sexta-feira (7), ap\u00f3s o recesso forense. J\u00e1 os prazos processuais, audi\u00eancias e sess\u00f5es de julgamento seguir\u00e3o suspensos at\u00e9 o dia 20 de janeiro, conforme determina o C\u00f3digo de Processo Civil (Lei 13.105\/2015), em seu Art. 220. O atendimento ao p\u00fablico segue<br \/><a class=\"more-link\" href=\"https:\/\/justicapotiguar.com.br\/index.php\/2022\/01\/07\/trt-rn-retoma-atividades-presenciais-com-exigencia-do-passaporte-da-vacina\/\">Mais&#8230;<\/a><\/p>\n","protected":false},"author":5,"featured_media":0,"comment_status":"open","ping_status":"open","sticky":false,"template":"","format":"standard","meta":[],"categories":[1],"tags":[],"_links":{"self":[{"href":"https:\/\/justicapotiguar.com.br\/index.php\/wp-json\/wp\/v2\/posts\/23843"}],"collection":[{"href":"https:\/\/justicapotiguar.com.br\/index.php\/wp-json\/wp\/v2\/posts"}],"about":[{"href":"https:\/\/justicapotiguar.com.br\/index.php\/wp-json\/wp\/v2\/types\/post"}],"author":[{"embeddable":true,"href":"https:\/\/justicapotiguar.com.br\/index.php\/wp-json\/wp\/v2\/users\/5"}],"replies":[{"embeddable":true,"href":"https:\/\/justicapotiguar.com.br\/index.php\/wp-json\/wp\/v2\/comments?post=23843"}],"version-history":[{"count":1,"href":"https:\/\/justicapotiguar.com.br\/index.php\/wp-json\/wp\/v2\/posts\/23843\/revisions"}],"predecessor-version":[{"id":23844,"href":"https:\/\/justicapotiguar.com.br\/index.php\/wp-json\/wp\/v2\/posts\/23843\/revisions\/23844"}],"wp:attachment":[{"href":"https:\/\/justicapotiguar.com.br\/index.php\/wp-json\/wp\/v2\/media?parent=23843"}],"wp:term":[{"taxonomy":"category","embeddable":true,"href":"https:\/\/justicapotiguar.com.br\/index.php\/wp-json\/wp\/v2\/categories?post=23843"},{"taxonomy":"post_tag","embeddable":true,"href":"https:\/\/justicapotiguar.com.br\/index.php\/wp-json\/wp\/v2\/tags?post=23843"}],"curies":[{"name":"wp","href":"https:\/\/api.w.org\/{rel}","templated":true}]}}