{"id":23808,"date":"2022-01-05T08:22:00","date_gmt":"2022-01-05T11:22:00","guid":{"rendered":"https:\/\/justicapotiguar.com.br\/?p=23808"},"modified":"2022-01-04T22:12:40","modified_gmt":"2022-01-05T01:12:40","slug":"assessor-de-imprensa-nao-exerce-funcao-de-jornalista-decide-tst","status":"publish","type":"post","link":"https:\/\/justicapotiguar.com.br\/index.php\/2022\/01\/05\/assessor-de-imprensa-nao-exerce-funcao-de-jornalista-decide-tst\/","title":{"rendered":"Assessor de imprensa n\u00e3o exerce fun\u00e7\u00e3o de jornalista, decide TST"},"content":{"rendered":"\n<p>Assessor de imprensa n\u00e3o desempenha atividades de jornalista. O entendimento \u00e9 da 8\u00aa turma do TST ao registrar que o mero repasse de informa\u00e7\u00f5es jornal\u00edsticas para os \u00f3rg\u00e3os de comunica\u00e7\u00e3o n\u00e3o caracteriza a atividade intelectual exercida pelo jornalista.&nbsp;<\/p>\n\n\n\n<figure class=\"wp-block-image\"><img src=\"https:\/\/img2-migalhas-com-br.cdn.ampproject.org\/i\/s\/img2.migalhas.com.br\/_MEDPROC_\/https__img.migalhas.com.br__SL__gf_base__SL__empresas__SL__MIGA__SL__imagens__SL__2022__SL__01__SL__04__SL__8e53be7d-066e-4b06-a893-a93faba0558d.jpeg._PROC_CP65.jpeg\" alt=\"\"\/><\/figure>\n\n\n\n<p>TST decide que assessor de imprensa n\u00e3o desempenha fun\u00e7\u00e3o de jornalista.(IMAGEM: PEXELS)<\/p>\n\n\n\n<p>Um homem ingressou com reclama\u00e7\u00e3o trabalhista para pedir v\u00ednculo na fun\u00e7\u00e3o de jornalista com a empresa de comunica\u00e7\u00e3o&nbsp;em que prestava servi\u00e7os. O profissional sustentou que, apesar de ser inclu\u00eddo como s\u00f3cio cotista da empresa de telecomunica\u00e7\u00e3o, seu sal\u00e1rio era referente aos servi\u00e7os prestados para o Estado do Rio de Janeiro\/RJ.<\/p>\n\n\n\n<p>O ju\u00edzo de 1\u00ba grau reconheceu o v\u00ednculo do funcion\u00e1rio como assessor de imprensa, todavia, a senten\u00e7a foi reformada pelo TRT da&nbsp;1\u00aa regi\u00e3o. O colegiado&nbsp;entendeu que o profissional exercia fun\u00e7\u00e3o de jornalista, uma vez que repassar informa\u00e7\u00f5es e not\u00edcias da PM\/RJ para ve\u00edculos oficiais de comunica\u00e7\u00e3o enquadrava-se na atividade da profiss\u00e3o nos termos do art. 2\u00ba do decreto-lei&nbsp;<a href=\"http:\/\/www.planalto.gov.br\/ccivil_03\/decreto-lei\/Del0972.htm\" rel=\"noreferrer noopener\" target=\"_blank\">972\/69<\/a>.<\/p>\n\n\n\n<p><strong>Assessor de imprensa x Jornalista<\/strong><\/p>\n\n\n\n<p>Ao analisar o caso, o ministro Emmanoel Pereira explicou a diferen\u00e7a entre as fun\u00e7\u00f5es de assessor de imprensa e jornalista:&nbsp;<\/p><div class=\"iqtec69edff55c1e76\" ><!--<a href=\"https:\/\/bit.ly\/3QdrqTZ\" target=\"_blank\">\n<img src=\"https:\/\/justicapotiguar.com.br\/wp-content\/uploads\/2023\/09\/mobile-geral.gif\"\/><a\/>--><\/div><style type=\"text\/css\">\r\n.iqtec69edff55c1e76 {\r\ntext-align: center;\r\n}\r\n@media screen and (min-width: 1201px) {\r\n.iqtec69edff55c1e76 {\r\ndisplay: none;\r\n}\r\n}\r\n@media screen and (min-width: 993px) and (max-width: 1200px) {\r\n.iqtec69edff55c1e76 {\r\ndisplay: none;\r\n}\r\n}\r\n@media screen and (min-width: 769px) and (max-width: 992px) {\r\n.iqtec69edff55c1e76 {\r\ndisplay: none;\r\n}\r\n}\r\n@media screen and (min-width: 768px) and (max-width: 768px) {\r\n.iqtec69edff55c1e76 {\r\ndisplay: block;\r\n}\r\n}\r\n@media screen and (max-width: 767px) {\r\n.iqtec69edff55c1e76 {\r\ndisplay: block;\r\n}\r\n}\r\n<\/style>\r\n<div class=\"zzkte69edff55c1e59\" ><!--<a href=\"https:\/\/bit.ly\/3QdrqTZ\" target=\"_blank\">\n<img src=\"https:\/\/justicapotiguar.com.br\/wp-content\/uploads\/2023\/09\/desktop-geral.gif\"\/><a\/>--><\/div><style type=\"text\/css\">\r\n.zzkte69edff55c1e59 {\r\ntext-align: center;\nmargin-bottom: 1em;\r\n}\r\n@media screen and (min-width: 1201px) {\r\n.zzkte69edff55c1e59 {\r\ndisplay: block;\r\n}\r\n}\r\n@media screen and (min-width: 993px) and (max-width: 1200px) {\r\n.zzkte69edff55c1e59 {\r\ndisplay: block;\r\n}\r\n}\r\n@media screen and (min-width: 769px) and (max-width: 992px) {\r\n.zzkte69edff55c1e59 {\r\ndisplay: block;\r\n}\r\n}\r\n@media screen and (min-width: 768px) and (max-width: 768px) {\r\n.zzkte69edff55c1e59 {\r\ndisplay: none;\r\n}\r\n}\r\n@media screen and (max-width: 767px) {\r\n.zzkte69edff55c1e59 {\r\ndisplay: none;\r\n}\r\n}\r\n<\/style>\r\n\n\n\n\n<ul><li>Assessor : consultor s\u00eanior que fornece conselhos sobre como lidar com a m\u00eddia e, usando t\u00e9cnicas de manipula\u00e7\u00e3o da m\u00eddia, ajuda o cliente dele ou dela a manter uma imagem p\u00fablica positiva e evitar cobertura negativa da m\u00eddia.<\/li><li>Jornalista :&nbsp; o trabalhador intelectual cuja fun\u00e7\u00e3o se estende desde a busca de informa\u00e7\u00f5es at\u00e9 a reda\u00e7\u00e3o de not\u00edcias e artigos e a organiza\u00e7\u00e3o, orienta\u00e7\u00e3o e dire\u00e7\u00e3o desse trabalho.<\/li><\/ul>\n\n\n\n<p>Com base nessa diferencia\u00e7\u00e3o, o ministro registrou que o profissional repassava informa\u00e7\u00f5es e not\u00edcias da PM\/RJ para os ve\u00edculos oficiais de comunica\u00e7\u00e3o,&nbsp;<em>&#8220;o que descaracteriza a atividade jornal\u00edstica&#8221;<\/em>.<\/p>\n\n\n\n<p><em>&#8220;Incontest\u00e1vel, pois, que as atividades do reclamante n\u00e3o se enquadravam como desempenho da fun\u00e7\u00e3o de jornalista.&#8221;<\/em><\/p>\n\n\n\n<p>Ao subscrever o entendimento do relator, a 8\u00aa turma do TST excluiu da condena\u00e7\u00e3o o reconhecimento do exerc\u00edcio da fun\u00e7\u00e3o de jornalista..<\/p>\n\n\n\n<p>Processo:&nbsp;<a href=\"http:\/\/aplicacao4.tst.jus.br\/consultaProcessual\/consultaTstNumUnica.do?consulta=Consultar&amp;conscsjt=&amp;numeroTst=10845&amp;digitoTst=97&amp;anoTst=2015&amp;orgaoTst=5&amp;tribunalTst=01&amp;varaTst=0039&amp;submit=Consultar\" rel=\"noreferrer noopener\" target=\"_blank\">10845-97.2015.5.01.0039<\/a><\/p>\n\n\n\n<p>Leia o\u00a0<a rel=\"noreferrer noopener\" href=\"https:\/\/www.migalhas.com.br\/arquivos\/2022\/1\/E3F6D138D82928_acordaojornalistacerto.pdf\" target=\"_blank\">ac\u00f3rd\u00e3o<\/a>.<\/p>\n\n\n\n<p>Migalhas<\/p>\n","protected":false},"excerpt":{"rendered":"<p>Assessor de imprensa n\u00e3o desempenha atividades de jornalista. O entendimento \u00e9 da 8\u00aa turma do TST ao registrar que o mero repasse de informa\u00e7\u00f5es jornal\u00edsticas para os \u00f3rg\u00e3os de comunica\u00e7\u00e3o n\u00e3o caracteriza a atividade intelectual exercida pelo jornalista.&nbsp; TST decide que assessor de imprensa n\u00e3o desempenha fun\u00e7\u00e3o de jornalista.(IMAGEM: PEXELS) Um homem ingressou com reclama\u00e7\u00e3o<br \/><a class=\"more-link\" href=\"https:\/\/justicapotiguar.com.br\/index.php\/2022\/01\/05\/assessor-de-imprensa-nao-exerce-funcao-de-jornalista-decide-tst\/\">Mais&#8230;<\/a><\/p>\n","protected":false},"author":5,"featured_media":0,"comment_status":"open","ping_status":"open","sticky":false,"template":"","format":"standard","meta":[],"categories":[1],"tags":[],"_links":{"self":[{"href":"https:\/\/justicapotiguar.com.br\/index.php\/wp-json\/wp\/v2\/posts\/23808"}],"collection":[{"href":"https:\/\/justicapotiguar.com.br\/index.php\/wp-json\/wp\/v2\/posts"}],"about":[{"href":"https:\/\/justicapotiguar.com.br\/index.php\/wp-json\/wp\/v2\/types\/post"}],"author":[{"embeddable":true,"href":"https:\/\/justicapotiguar.com.br\/index.php\/wp-json\/wp\/v2\/users\/5"}],"replies":[{"embeddable":true,"href":"https:\/\/justicapotiguar.com.br\/index.php\/wp-json\/wp\/v2\/comments?post=23808"}],"version-history":[{"count":1,"href":"https:\/\/justicapotiguar.com.br\/index.php\/wp-json\/wp\/v2\/posts\/23808\/revisions"}],"predecessor-version":[{"id":23809,"href":"https:\/\/justicapotiguar.com.br\/index.php\/wp-json\/wp\/v2\/posts\/23808\/revisions\/23809"}],"wp:attachment":[{"href":"https:\/\/justicapotiguar.com.br\/index.php\/wp-json\/wp\/v2\/media?parent=23808"}],"wp:term":[{"taxonomy":"category","embeddable":true,"href":"https:\/\/justicapotiguar.com.br\/index.php\/wp-json\/wp\/v2\/categories?post=23808"},{"taxonomy":"post_tag","embeddable":true,"href":"https:\/\/justicapotiguar.com.br\/index.php\/wp-json\/wp\/v2\/tags?post=23808"}],"curies":[{"name":"wp","href":"https:\/\/api.w.org\/{rel}","templated":true}]}}