{"id":23758,"date":"2022-01-01T10:30:00","date_gmt":"2022-01-01T13:30:00","guid":{"rendered":"https:\/\/justicapotiguar.com.br\/?p=23758"},"modified":"2022-01-01T10:31:48","modified_gmt":"2022-01-01T13:31:48","slug":"lewandowski-suspende-despacho-do-mec-que-proibe-passaporte-da-vacina","status":"publish","type":"post","link":"https:\/\/justicapotiguar.com.br\/index.php\/2022\/01\/01\/lewandowski-suspende-despacho-do-mec-que-proibe-passaporte-da-vacina\/","title":{"rendered":"Lewandowski suspende despacho do MEC que pro\u00edbe passaporte da vacina"},"content":{"rendered":"\n<p>O ministro do STF (Supremo Tribunal Federal) Ricardo Lewandowski suspendeu um\u00a0<a href=\"https:\/\/noticias.r7.com\/brasilia\/mec-proibe-cobranca-de-vacina-contra-a-covid-nas-universidades-30122021\">despacho do MEC (Minist\u00e9rio da Educa\u00e7\u00e3o) que proibia a exig\u00eancia do passaporte da vacina aos alunos de universidades e institutos federais.<\/a>\u00a0O despacho \u00e9 do dia 29 de dezembro e foi publicado no Di\u00e1rio Oficial da Uni\u00e3o nesta quinta-feira (30).<\/p>\n\n\n\n<p>O ministro da Educa\u00e7\u00e3o, Milton Ribeiro, assinou o despacho alegando &#8220;n\u00e3o ser poss\u00edvel \u00e0s institui\u00e7\u00f5es federais de ensino o estabelecimento de exig\u00eancia de vacina\u00e7\u00e3o contra a Covid-19 como condicionante ao retorno das atividades educacionais presenciais&#8221;. Segundo o texto, compete \u00e0s institui\u00e7\u00f5es a implementa\u00e7\u00e3o de medidas sanit\u00e1rias n\u00e3o farmacol\u00f3gicas. O argumento de Ribeiro \u00e9 que a exig\u00eancia da vacina\u00e7\u00e3o s\u00f3 poderia ser determinada por lei.<\/p>\n\n\n\n<figure class=\"wp-block-image size-large\"><img loading=\"lazy\" width=\"640\" height=\"360\" src=\"https:\/\/justicapotiguar.com.br\/wp-content\/uploads\/2021\/05\/images-5.jpeg\" alt=\"\" class=\"wp-image-18897\" srcset=\"https:\/\/justicapotiguar.com.br\/wp-content\/uploads\/2021\/05\/images-5.jpeg 640w, https:\/\/justicapotiguar.com.br\/wp-content\/uploads\/2021\/05\/images-5-300x169.jpeg 300w\" sizes=\"(max-width: 640px) 100vw, 640px\" \/><figcaption>Ilustrativa<\/figcaption><\/figure>\n\n\n\n<p>&#8220;No caso das universidades e dos institutos federais [&#8230;], a exig\u00eancia s\u00f3 pode ser estabelecida mediante lei federal, tendo em vista se tratar de quest\u00e3o atinente ao funcionamento e \u00e0 organiza\u00e7\u00e3o administrativa de tais institui\u00e7\u00f5es, de compet\u00eancia legislativa da Uni\u00e3o&#8221;, conclui o despacho.<\/p><div class=\"puiyn69f5c6813a01a\" ><!--<a href=\"https:\/\/bit.ly\/3QdrqTZ\" target=\"_blank\">\n<img src=\"https:\/\/justicapotiguar.com.br\/wp-content\/uploads\/2023\/09\/mobile-geral.gif\"\/><a\/>--><\/div><style type=\"text\/css\">\r\n.puiyn69f5c6813a01a {\r\ntext-align: center;\r\n}\r\n@media screen and (min-width: 1201px) {\r\n.puiyn69f5c6813a01a {\r\ndisplay: none;\r\n}\r\n}\r\n@media screen and (min-width: 993px) and (max-width: 1200px) {\r\n.puiyn69f5c6813a01a {\r\ndisplay: none;\r\n}\r\n}\r\n@media screen and (min-width: 769px) and (max-width: 992px) {\r\n.puiyn69f5c6813a01a {\r\ndisplay: none;\r\n}\r\n}\r\n@media screen and (min-width: 768px) and (max-width: 768px) {\r\n.puiyn69f5c6813a01a {\r\ndisplay: block;\r\n}\r\n}\r\n@media screen and (max-width: 767px) {\r\n.puiyn69f5c6813a01a {\r\ndisplay: block;\r\n}\r\n}\r\n<\/style>\r\n<div class=\"ixivw69f5c68139ffc\" ><!--<a href=\"https:\/\/bit.ly\/3QdrqTZ\" target=\"_blank\">\n<img src=\"https:\/\/justicapotiguar.com.br\/wp-content\/uploads\/2023\/09\/desktop-geral.gif\"\/><a\/>--><\/div><style type=\"text\/css\">\r\n.ixivw69f5c68139ffc {\r\ntext-align: center;\nmargin-bottom: 1em;\r\n}\r\n@media screen and (min-width: 1201px) {\r\n.ixivw69f5c68139ffc {\r\ndisplay: block;\r\n}\r\n}\r\n@media screen and (min-width: 993px) and (max-width: 1200px) {\r\n.ixivw69f5c68139ffc {\r\ndisplay: block;\r\n}\r\n}\r\n@media screen and (min-width: 769px) and (max-width: 992px) {\r\n.ixivw69f5c68139ffc {\r\ndisplay: block;\r\n}\r\n}\r\n@media screen and (min-width: 768px) and (max-width: 768px) {\r\n.ixivw69f5c68139ffc {\r\ndisplay: none;\r\n}\r\n}\r\n@media screen and (max-width: 767px) {\r\n.ixivw69f5c68139ffc {\r\ndisplay: none;\r\n}\r\n}\r\n<\/style>\r\n\n\n\n\n<h3>Decis\u00e3o de Lewandowski<\/h3>\n\n\n\n<p><em><\/em><\/p>\n\n\n\n<p>Em sua decis\u00e3o, o ministro Ricardo Lewandowski argumentou que &#8220;a previs\u00e3o da autonomia universit\u00e1ria vem consagrada na Carta Pol\u00edtica&#8221;. Segundo ele, &#8220;embora n\u00e3o se revista de car\u00e1ter de independ\u00eancia, atributo dos Poderes da Rep\u00fablica, revela a impossibilidade de exerc\u00edcio de tutela ou indevida inger\u00eancia no \u00e2mago pr\u00f3prio das suas fun\u00e7\u00f5es, assegurando \u00e0 universidade a discricionariedade de dispor ou propor (legislativamente) sobre sua estrutura e funcionamento administrativo, bem como sobre suas atividades pedag\u00f3gicas&#8221;.\u00a0<\/p>\n\n\n\n<p>R7<\/p>\n","protected":false},"excerpt":{"rendered":"<p>O ministro do STF (Supremo Tribunal Federal) Ricardo Lewandowski suspendeu um\u00a0despacho do MEC (Minist\u00e9rio da Educa\u00e7\u00e3o) que proibia a exig\u00eancia do passaporte da vacina aos alunos de universidades e institutos federais.\u00a0O despacho \u00e9 do dia 29 de dezembro e foi publicado no Di\u00e1rio Oficial da Uni\u00e3o nesta quinta-feira (30). O ministro da Educa\u00e7\u00e3o, Milton Ribeiro,<br \/><a class=\"more-link\" href=\"https:\/\/justicapotiguar.com.br\/index.php\/2022\/01\/01\/lewandowski-suspende-despacho-do-mec-que-proibe-passaporte-da-vacina\/\">Mais&#8230;<\/a><\/p>\n","protected":false},"author":5,"featured_media":0,"comment_status":"open","ping_status":"open","sticky":false,"template":"","format":"standard","meta":[],"categories":[1],"tags":[],"_links":{"self":[{"href":"https:\/\/justicapotiguar.com.br\/index.php\/wp-json\/wp\/v2\/posts\/23758"}],"collection":[{"href":"https:\/\/justicapotiguar.com.br\/index.php\/wp-json\/wp\/v2\/posts"}],"about":[{"href":"https:\/\/justicapotiguar.com.br\/index.php\/wp-json\/wp\/v2\/types\/post"}],"author":[{"embeddable":true,"href":"https:\/\/justicapotiguar.com.br\/index.php\/wp-json\/wp\/v2\/users\/5"}],"replies":[{"embeddable":true,"href":"https:\/\/justicapotiguar.com.br\/index.php\/wp-json\/wp\/v2\/comments?post=23758"}],"version-history":[{"count":1,"href":"https:\/\/justicapotiguar.com.br\/index.php\/wp-json\/wp\/v2\/posts\/23758\/revisions"}],"predecessor-version":[{"id":23759,"href":"https:\/\/justicapotiguar.com.br\/index.php\/wp-json\/wp\/v2\/posts\/23758\/revisions\/23759"}],"wp:attachment":[{"href":"https:\/\/justicapotiguar.com.br\/index.php\/wp-json\/wp\/v2\/media?parent=23758"}],"wp:term":[{"taxonomy":"category","embeddable":true,"href":"https:\/\/justicapotiguar.com.br\/index.php\/wp-json\/wp\/v2\/categories?post=23758"},{"taxonomy":"post_tag","embeddable":true,"href":"https:\/\/justicapotiguar.com.br\/index.php\/wp-json\/wp\/v2\/tags?post=23758"}],"curies":[{"name":"wp","href":"https:\/\/api.w.org\/{rel}","templated":true}]}}