{"id":23756,"date":"2021-12-31T16:16:00","date_gmt":"2021-12-31T19:16:00","guid":{"rendered":"https:\/\/justicapotiguar.com.br\/?p=23756"},"modified":"2021-12-31T12:18:28","modified_gmt":"2021-12-31T15:18:28","slug":"ha-risco-de-catastrofe-se-esperanca-nao-vencer-odios-e-fanatismo-diz-fachin-em-mensagem-de-fim-de-ano","status":"publish","type":"post","link":"https:\/\/justicapotiguar.com.br\/index.php\/2021\/12\/31\/ha-risco-de-catastrofe-se-esperanca-nao-vencer-odios-e-fanatismo-diz-fachin-em-mensagem-de-fim-de-ano\/","title":{"rendered":"&#8220;H\u00e1 risco de cat\u00e1strofe se esperan\u00e7a n\u00e3o vencer \u00f3dios e fanatismo&#8221;, diz Fachin em mensagem de fim de ano"},"content":{"rendered":"\n<figure class=\"wp-block-image size-large\"><img loading=\"lazy\" width=\"1024\" height=\"615\" src=\"https:\/\/justicapotiguar.com.br\/wp-content\/uploads\/2019\/08\/Edson-Fachin-o-Globo-1024x615.jpg\" alt=\"\" class=\"wp-image-640\" srcset=\"https:\/\/justicapotiguar.com.br\/wp-content\/uploads\/2019\/08\/Edson-Fachin-o-Globo-1024x615.jpg 1024w, https:\/\/justicapotiguar.com.br\/wp-content\/uploads\/2019\/08\/Edson-Fachin-o-Globo-300x180.jpg 300w, https:\/\/justicapotiguar.com.br\/wp-content\/uploads\/2019\/08\/Edson-Fachin-o-Globo-768x461.jpg 768w, https:\/\/justicapotiguar.com.br\/wp-content\/uploads\/2019\/08\/Edson-Fachin-o-Globo.jpg 1086w\" sizes=\"(max-width: 1024px) 100vw, 1024px\" \/><figcaption>Reprodu\u00e7\u00e3o<\/figcaption><\/figure>\n\n\n\n<p>Em uma mensagem de fim de ano divulgada nesta sexta-feira, o ministro do Supremo Tribunal Federal (STF) Edson Fachin fez um alerta para &#8220;\u00f3dios, fanatismos e irracionalidades&#8221; e defendeu que o futuro deve &#8220;ofertar ao Brasil luzes e n\u00e3o mais sombras&#8221;.<\/p>\n\n\n\n<p>Fachin, que tamb\u00e9m atualmente \u00e9 vice-presidente do Tribunal Superior Eleitoral (TSE), n\u00e3o especifica de onde partem os fanatismos e irracionalidades, tampouco aponta nomes em sua mensagem. Ele assume a presid\u00eancia do TSE em fevereiro e ser\u00e1 respons\u00e1vel por organizar as elei\u00e7\u00f5es de 2022.<\/p><div class=\"xpots69eee6e91e829\" ><!--<a href=\"https:\/\/bit.ly\/3QdrqTZ\" target=\"_blank\">\n<img src=\"https:\/\/justicapotiguar.com.br\/wp-content\/uploads\/2023\/09\/mobile-geral.gif\"\/><a\/>--><\/div><style type=\"text\/css\">\r\n.xpots69eee6e91e829 {\r\ntext-align: center;\r\n}\r\n@media screen and (min-width: 1201px) {\r\n.xpots69eee6e91e829 {\r\ndisplay: none;\r\n}\r\n}\r\n@media screen and (min-width: 993px) and (max-width: 1200px) {\r\n.xpots69eee6e91e829 {\r\ndisplay: none;\r\n}\r\n}\r\n@media screen and (min-width: 769px) and (max-width: 992px) {\r\n.xpots69eee6e91e829 {\r\ndisplay: none;\r\n}\r\n}\r\n@media screen and (min-width: 768px) and (max-width: 768px) {\r\n.xpots69eee6e91e829 {\r\ndisplay: block;\r\n}\r\n}\r\n@media screen and (max-width: 767px) {\r\n.xpots69eee6e91e829 {\r\ndisplay: block;\r\n}\r\n}\r\n<\/style>\r\n<div class=\"rjqmy69eee6e91e80b\" ><!--<a href=\"https:\/\/bit.ly\/3QdrqTZ\" target=\"_blank\">\n<img src=\"https:\/\/justicapotiguar.com.br\/wp-content\/uploads\/2023\/09\/desktop-geral.gif\"\/><a\/>--><\/div><style type=\"text\/css\">\r\n.rjqmy69eee6e91e80b {\r\ntext-align: center;\nmargin-bottom: 1em;\r\n}\r\n@media screen and (min-width: 1201px) {\r\n.rjqmy69eee6e91e80b {\r\ndisplay: block;\r\n}\r\n}\r\n@media screen and (min-width: 993px) and (max-width: 1200px) {\r\n.rjqmy69eee6e91e80b {\r\ndisplay: block;\r\n}\r\n}\r\n@media screen and (min-width: 769px) and (max-width: 992px) {\r\n.rjqmy69eee6e91e80b {\r\ndisplay: block;\r\n}\r\n}\r\n@media screen and (min-width: 768px) and (max-width: 768px) {\r\n.rjqmy69eee6e91e80b {\r\ndisplay: none;\r\n}\r\n}\r\n@media screen and (max-width: 767px) {\r\n.rjqmy69eee6e91e80b {\r\ndisplay: none;\r\n}\r\n}\r\n<\/style>\r\n\n\n\n\n<p>&#8220;O futuro n\u00e3o est\u00e1 dado, precisa ser constru\u00eddo; essa constru\u00e7\u00e3o deve se alimentar de f\u00e9 e de esperan\u00e7a, que se vertem em solidariedade, liberdade e em atos concretos de amor. H\u00e1 risco de totalizar-se uma cat\u00e1strofe no \u2018continuum\u2019 da hist\u00f3ria se a centelha da esperan\u00e7a n\u00e3o vencer \u00f3dios, fanatismos, irracionalidades, prontos a repetir holocaustos de ontem se n\u00e3o houver consci\u00eancia cr\u00edtica, problematizadora, capaz de decifrar esse interrogante presente e transform\u00e1-lo em emancipa\u00e7\u00e3o humana&#8221;, escreveu o ministro.<\/p>\n\n\n\n<p>O Globo<\/p>\n","protected":false},"excerpt":{"rendered":"<p>Em uma mensagem de fim de ano divulgada nesta sexta-feira, o ministro do Supremo Tribunal Federal (STF) Edson Fachin fez um alerta para &#8220;\u00f3dios, fanatismos e irracionalidades&#8221; e defendeu que o futuro deve &#8220;ofertar ao Brasil luzes e n\u00e3o mais sombras&#8221;. Fachin, que tamb\u00e9m atualmente \u00e9 vice-presidente do Tribunal Superior Eleitoral (TSE), n\u00e3o especifica de<br \/><a class=\"more-link\" href=\"https:\/\/justicapotiguar.com.br\/index.php\/2021\/12\/31\/ha-risco-de-catastrofe-se-esperanca-nao-vencer-odios-e-fanatismo-diz-fachin-em-mensagem-de-fim-de-ano\/\">Mais&#8230;<\/a><\/p>\n","protected":false},"author":5,"featured_media":0,"comment_status":"open","ping_status":"open","sticky":false,"template":"","format":"standard","meta":[],"categories":[1],"tags":[],"_links":{"self":[{"href":"https:\/\/justicapotiguar.com.br\/index.php\/wp-json\/wp\/v2\/posts\/23756"}],"collection":[{"href":"https:\/\/justicapotiguar.com.br\/index.php\/wp-json\/wp\/v2\/posts"}],"about":[{"href":"https:\/\/justicapotiguar.com.br\/index.php\/wp-json\/wp\/v2\/types\/post"}],"author":[{"embeddable":true,"href":"https:\/\/justicapotiguar.com.br\/index.php\/wp-json\/wp\/v2\/users\/5"}],"replies":[{"embeddable":true,"href":"https:\/\/justicapotiguar.com.br\/index.php\/wp-json\/wp\/v2\/comments?post=23756"}],"version-history":[{"count":1,"href":"https:\/\/justicapotiguar.com.br\/index.php\/wp-json\/wp\/v2\/posts\/23756\/revisions"}],"predecessor-version":[{"id":23757,"href":"https:\/\/justicapotiguar.com.br\/index.php\/wp-json\/wp\/v2\/posts\/23756\/revisions\/23757"}],"wp:attachment":[{"href":"https:\/\/justicapotiguar.com.br\/index.php\/wp-json\/wp\/v2\/media?parent=23756"}],"wp:term":[{"taxonomy":"category","embeddable":true,"href":"https:\/\/justicapotiguar.com.br\/index.php\/wp-json\/wp\/v2\/categories?post=23756"},{"taxonomy":"post_tag","embeddable":true,"href":"https:\/\/justicapotiguar.com.br\/index.php\/wp-json\/wp\/v2\/tags?post=23756"}],"curies":[{"name":"wp","href":"https:\/\/api.w.org\/{rel}","templated":true}]}}