{"id":23751,"date":"2021-12-31T11:15:00","date_gmt":"2021-12-31T14:15:00","guid":{"rendered":"https:\/\/justicapotiguar.com.br\/?p=23751"},"modified":"2021-12-31T11:15:00","modified_gmt":"2021-12-31T14:15:00","slug":"presidente-do-stj-restabelece-decisao-do-tce-rn-que-suspendeu-reajuste-para-vereadores-de-natal","status":"publish","type":"post","link":"https:\/\/justicapotiguar.com.br\/index.php\/2021\/12\/31\/presidente-do-stj-restabelece-decisao-do-tce-rn-que-suspendeu-reajuste-para-vereadores-de-natal\/","title":{"rendered":"Presidente do STJ restabelece decis\u00e3o do TCE-RN que suspendeu reajuste para vereadores de Natal"},"content":{"rendered":"\n<p>Para evitar les\u00e3o grave \u00e0 ordem e \u00e0 economia p\u00fablicas, o presidente do&nbsp;<a href=\"https:\/\/jusdecisum.com.br\/category\/decisoes-stj\/\">Superior Tribunal de Justi\u00e7a<\/a>&nbsp;(STJ), ministro Humberto Martins, restabeleceu decis\u00e3o do Tribunal de Contas do Rio Grande do Norte (TCE-RN) que havia determinado a suspens\u00e3o do pagamento de reajuste aos vereadores de Natal com base na Lei Municipal 7.108\/2020. A norma disp\u00f5e sobre a fixa\u00e7\u00e3o do subs\u00eddio mensal dos parlamentares para a legislatura 2021\/2024.<\/p>\n\n\n\n<p>A decis\u00e3o do TCE-RN foi tomada ap\u00f3s a pr\u00f3pria corte de contas ter impugnado a lei local, mas o ac\u00f3rd\u00e3o foi suspenso por liminar do Tribunal de Justi\u00e7a do Rio Grande do Norte (TJRN), a pedido da C\u00e2mara Municipal de Natal.<\/p>\n\n\n\n<figure class=\"wp-block-image size-large\"><img loading=\"lazy\" width=\"639\" height=\"411\" src=\"https:\/\/justicapotiguar.com.br\/wp-content\/uploads\/2019\/11\/corregedor-humberto-martins.jpg\" alt=\"\" class=\"wp-image-3606\" srcset=\"https:\/\/justicapotiguar.com.br\/wp-content\/uploads\/2019\/11\/corregedor-humberto-martins.jpg 639w, https:\/\/justicapotiguar.com.br\/wp-content\/uploads\/2019\/11\/corregedor-humberto-martins-300x193.jpg 300w\" sizes=\"(max-width: 639px) 100vw, 639px\" \/><figcaption>Reprodu\u00e7\u00e3o<\/figcaption><\/figure>\n\n\n\n<p>Na avalia\u00e7\u00e3o do ministro Humberto Martins, o<br>aumento para os vereadores de Natal poderia gerar um efeito multiplicador em outros<br>munic\u00edpios e agravar a crise causada pela Covid-19.\u200b<\/p>\n\n\n\n<p>No pedido de suspens\u00e3o da liminar apresentado ao STJ, o tribunal de contas alegou que o reajuste dos vereadores com base na Lei 7.108\/2020 viola o&nbsp;<a target=\"_blank\" href=\"https:\/\/www.planalto.gov.br\/ccivil_03\/leis\/lcp\/lcp101.htm#art21\" rel=\"noreferrer noopener\"><strong>artigo 21 da Lei de Responsabilidade Fiscal<\/strong><\/a>, segundo o qual \u00e9 vedado ato que resulte em aumento de despesa de pessoal nos 180 dias anteriores ao final do mandato do titular do respectivo poder.<\/p><div class=\"aveci69eee6ce58871\" ><!--<a href=\"https:\/\/bit.ly\/3QdrqTZ\" target=\"_blank\">\n<img src=\"https:\/\/justicapotiguar.com.br\/wp-content\/uploads\/2023\/09\/mobile-geral.gif\"\/><a\/>--><\/div><style type=\"text\/css\">\r\n.aveci69eee6ce58871 {\r\ntext-align: center;\r\n}\r\n@media screen and (min-width: 1201px) {\r\n.aveci69eee6ce58871 {\r\ndisplay: none;\r\n}\r\n}\r\n@media screen and (min-width: 993px) and (max-width: 1200px) {\r\n.aveci69eee6ce58871 {\r\ndisplay: none;\r\n}\r\n}\r\n@media screen and (min-width: 769px) and (max-width: 992px) {\r\n.aveci69eee6ce58871 {\r\ndisplay: none;\r\n}\r\n}\r\n@media screen and (min-width: 768px) and (max-width: 768px) {\r\n.aveci69eee6ce58871 {\r\ndisplay: block;\r\n}\r\n}\r\n@media screen and (max-width: 767px) {\r\n.aveci69eee6ce58871 {\r\ndisplay: block;\r\n}\r\n}\r\n<\/style>\r\n<div class=\"vdbjl69eee6ce58852\" ><!--<a href=\"https:\/\/bit.ly\/3QdrqTZ\" target=\"_blank\">\n<img src=\"https:\/\/justicapotiguar.com.br\/wp-content\/uploads\/2023\/09\/desktop-geral.gif\"\/><a\/>--><\/div><style type=\"text\/css\">\r\n.vdbjl69eee6ce58852 {\r\ntext-align: center;\nmargin-bottom: 1em;\r\n}\r\n@media screen and (min-width: 1201px) {\r\n.vdbjl69eee6ce58852 {\r\ndisplay: block;\r\n}\r\n}\r\n@media screen and (min-width: 993px) and (max-width: 1200px) {\r\n.vdbjl69eee6ce58852 {\r\ndisplay: block;\r\n}\r\n}\r\n@media screen and (min-width: 769px) and (max-width: 992px) {\r\n.vdbjl69eee6ce58852 {\r\ndisplay: block;\r\n}\r\n}\r\n@media screen and (min-width: 768px) and (max-width: 768px) {\r\n.vdbjl69eee6ce58852 {\r\ndisplay: none;\r\n}\r\n}\r\n@media screen and (max-width: 767px) {\r\n.vdbjl69eee6ce58852 {\r\ndisplay: none;\r\n}\r\n}\r\n<\/style>\r\n\n\n\n\n<h2>Munic\u00edpios ainda enfrentam problemas econ\u00f4micos gerados pela pandemia<\/h2>\n\n\n\n<p>O ministro Humberto Martins apontou que a suspens\u00e3o do ac\u00f3rd\u00e3o do TCE-RN que impedia a fixa\u00e7\u00e3o de novo subs\u00eddio mensal aos vereadores de Natal tem possibilidade real de causar grave les\u00e3o \u00e0 ordem p\u00fablica, pois, de acordo com o&nbsp;<a target=\"_blank\" href=\"https:\/\/www.planalto.gov.br\/ccivil_03\/leis\/lcp\/lcp173.htm#art8\" rel=\"noreferrer noopener\"><strong>artigo 8\u00ba da Lei Complementar 173\/2020<\/strong><\/a>, n\u00e3o poderia haver aumento de remunera\u00e7\u00e3o para agentes p\u00fablicos at\u00e9 31 de dezembro de 2021.<\/p>\n\n\n\n<p>\u201cA justificar a comprovada les\u00e3o \u00e0 economia p\u00fablica, ressalto que tal aumento, permitido por decis\u00e3o liminar apenas, poder\u00e1 gerar um total descontrole nos gastos da municipalidade, com potencial de incentivar outros munic\u00edpios a tentaram o mesmo, quando ainda vivenciamos as graves consequ\u00eancias dos danos sociais e econ\u00f4micos propiciados pela pandemia da Covid-19\u201d, apontou o ministro.<\/p>\n\n\n\n<p>Ao suspender os efeitos da decis\u00e3o do TJRN, Humberto Martins ainda destacou que o ac\u00f3rd\u00e3o do TCE-RN, \u00e0 primeira vista, n\u00e3o negou vig\u00eancia \u00e0 Lei Municipal 7.108\/2020, j\u00e1 que a corte de contas atuou na fun\u00e7\u00e3o de controladora dos atos administrativos relacionados a despesas com pessoal.<\/p>\n\n\n\n<p><strong><a target=\"_blank\" href=\"http:\/\/www.stj.jus.br\/sites\/portalp\/SiteAssets\/documentos\/noticias\/SS%203365.pdf\" rel=\"noreferrer noopener\">Leia a decis\u00e3o na SS 3.365<\/a><\/strong>.<\/p>\n","protected":false},"excerpt":{"rendered":"<p>Para evitar les\u00e3o grave \u00e0 ordem e \u00e0 economia p\u00fablicas, o presidente do&nbsp;Superior Tribunal de Justi\u00e7a&nbsp;(STJ), ministro Humberto Martins, restabeleceu decis\u00e3o do Tribunal de Contas do Rio Grande do Norte (TCE-RN) que havia determinado a suspens\u00e3o do pagamento de reajuste aos vereadores de Natal com base na Lei Municipal 7.108\/2020. A norma disp\u00f5e sobre a<br \/><a class=\"more-link\" href=\"https:\/\/justicapotiguar.com.br\/index.php\/2021\/12\/31\/presidente-do-stj-restabelece-decisao-do-tce-rn-que-suspendeu-reajuste-para-vereadores-de-natal\/\">Mais&#8230;<\/a><\/p>\n","protected":false},"author":5,"featured_media":0,"comment_status":"open","ping_status":"open","sticky":false,"template":"","format":"standard","meta":[],"categories":[1],"tags":[],"_links":{"self":[{"href":"https:\/\/justicapotiguar.com.br\/index.php\/wp-json\/wp\/v2\/posts\/23751"}],"collection":[{"href":"https:\/\/justicapotiguar.com.br\/index.php\/wp-json\/wp\/v2\/posts"}],"about":[{"href":"https:\/\/justicapotiguar.com.br\/index.php\/wp-json\/wp\/v2\/types\/post"}],"author":[{"embeddable":true,"href":"https:\/\/justicapotiguar.com.br\/index.php\/wp-json\/wp\/v2\/users\/5"}],"replies":[{"embeddable":true,"href":"https:\/\/justicapotiguar.com.br\/index.php\/wp-json\/wp\/v2\/comments?post=23751"}],"version-history":[{"count":1,"href":"https:\/\/justicapotiguar.com.br\/index.php\/wp-json\/wp\/v2\/posts\/23751\/revisions"}],"predecessor-version":[{"id":23752,"href":"https:\/\/justicapotiguar.com.br\/index.php\/wp-json\/wp\/v2\/posts\/23751\/revisions\/23752"}],"wp:attachment":[{"href":"https:\/\/justicapotiguar.com.br\/index.php\/wp-json\/wp\/v2\/media?parent=23751"}],"wp:term":[{"taxonomy":"category","embeddable":true,"href":"https:\/\/justicapotiguar.com.br\/index.php\/wp-json\/wp\/v2\/categories?post=23751"},{"taxonomy":"post_tag","embeddable":true,"href":"https:\/\/justicapotiguar.com.br\/index.php\/wp-json\/wp\/v2\/tags?post=23751"}],"curies":[{"name":"wp","href":"https:\/\/api.w.org\/{rel}","templated":true}]}}