{"id":23676,"date":"2021-12-27T09:33:08","date_gmt":"2021-12-27T12:33:08","guid":{"rendered":"https:\/\/justicapotiguar.com.br\/?p=23676"},"modified":"2021-12-27T12:49:44","modified_gmt":"2021-12-27T15:49:44","slug":"plano-de-saude-deve-custear-integralmente-cirurgia-de-lipedema-em-paciente-potiguar-em-sao-paulo","status":"publish","type":"post","link":"https:\/\/justicapotiguar.com.br\/index.php\/2021\/12\/27\/plano-de-saude-deve-custear-integralmente-cirurgia-de-lipedema-em-paciente-potiguar-em-sao-paulo\/","title":{"rendered":"Plano de Sa\u00fade deve custear integralmente cirurgia de lipedema em paciente potiguar em S\u00e3o Paulo"},"content":{"rendered":"\n<p>O desembargador Am\u00edlcar Maia, do Tribunal de Justi\u00e7a do RN, deferiu pedido de liminar de urg\u00eancia e determinou que uma operadora de Plano de Sa\u00fade  custeie integralmente, incluindo despesas m\u00e9dicas e hospitalares, uma cirurgia para tratar a Lipedema, doen\u00e7a que acomete o sistema linf\u00e1tico, e que ser\u00e1 realizada no dia 7 de janeiro de 2022, no Hospital Oswaldo Cruz, em S\u00e3o Paulo\/SP.<br><br>A autora interp\u00f4s recurso contra a decis\u00e3o da 7\u00aa Vara C\u00edvel de Natal que, indeferiu liminar que objetivava que a operadora do plano de sa\u00fade custeie integralmente as cirurgias de que precisa e constantes em relat\u00f3rio m\u00e9dico anexado aos autos.<br><br>No recurso, a autora informou que a demanda judicial tem o objetivo de obter provimento judicial para obrigar o plano a arcar com todos os custos (honor\u00e1rios da equipe m\u00e9dica, anestesista e hospital) necess\u00e1rios \u00e0 realiza\u00e7\u00e3o, no Hospital Alem\u00e3o Oswaldo Cruz, em S\u00e3o Paulo\/SP, das cirurgias que lhe foram prescritas, uma vez que foi diagnosticada como portadora de Lipedema (CID 11 EF02.2) e n\u00e3o existe no Estado nenhum profissional credenciado \u00e0 operadora habilitado para realizar os procedimentos.<br>\u00a0<\/p>\n\n\n\n<figure class=\"wp-block-image size-large\"><img loading=\"lazy\" width=\"954\" height=\"499\" src=\"https:\/\/justicapotiguar.com.br\/wp-content\/uploads\/2019\/08\/plano-de-sa\u00fade.png\" alt=\"\" class=\"wp-image-661\" srcset=\"https:\/\/justicapotiguar.com.br\/wp-content\/uploads\/2019\/08\/plano-de-sa\u00fade.png 954w, https:\/\/justicapotiguar.com.br\/wp-content\/uploads\/2019\/08\/plano-de-sa\u00fade-300x157.png 300w, https:\/\/justicapotiguar.com.br\/wp-content\/uploads\/2019\/08\/plano-de-sa\u00fade-768x402.png 768w\" sizes=\"(max-width: 954px) 100vw, 954px\" \/><figcaption>Reprodu\u00e7\u00e3o<\/figcaption><\/figure>\n\n\n\n<p>Explicou que a patologia que a acomete \u00e9 progressiva e, de acordo com o laudo m\u00e9dico juntado aos autos, causa fortes crises de dor e fragilidade capilar, onde qualquer trauma na regi\u00e3o evolui com hematomas, dado o car\u00e1ter inflamat\u00f3rio da doen\u00e7a. Esclareceu que, segundo documento m\u00e9dico anexado, se a cirurgia for imediatamente autorizada, ser\u00e3o necess\u00e1rias apenas duas sess\u00f5es para a finaliza\u00e7\u00e3o do tratamento, o que pode n\u00e3o ocorrer caso o procedimento seja postergado para momento posterior, quando a doen\u00e7a tiver evolu\u00eddo, causando inclusive maior preju\u00edzo \u00e0 operadora.<br>&nbsp;<\/p>\n\n\n\n<p>Afirmou que, depois de in\u00fameras tentativas de solu\u00e7\u00e3o administrativa da contenda, a operadora autorizou apenas parcialmente o custeio das cirurgias solicitadas pela usu\u00e1ria, n\u00e3o incluindo o pagamento dos honor\u00e1rios da equipe m\u00e9dica e do anestesista. Alertou que a n\u00e3o realiza\u00e7\u00e3o da cirurgia num curto espa\u00e7o de tempo poder\u00e1 comprometer significativamente o sistema linf\u00e1tico da paciente, que exerce fun\u00e7\u00e3o primordial na defesa imunol\u00f3gica, revelando-se patente a urg\u00eancia que o caso requer.<\/p><div class=\"fdzaq69eed18d3b250\" ><!--<a href=\"https:\/\/bit.ly\/3QdrqTZ\" target=\"_blank\">\n<img src=\"https:\/\/justicapotiguar.com.br\/wp-content\/uploads\/2023\/09\/mobile-geral.gif\"\/><a\/>--><\/div><style type=\"text\/css\">\r\n.fdzaq69eed18d3b250 {\r\ntext-align: center;\r\n}\r\n@media screen and (min-width: 1201px) {\r\n.fdzaq69eed18d3b250 {\r\ndisplay: none;\r\n}\r\n}\r\n@media screen and (min-width: 993px) and (max-width: 1200px) {\r\n.fdzaq69eed18d3b250 {\r\ndisplay: none;\r\n}\r\n}\r\n@media screen and (min-width: 769px) and (max-width: 992px) {\r\n.fdzaq69eed18d3b250 {\r\ndisplay: none;\r\n}\r\n}\r\n@media screen and (min-width: 768px) and (max-width: 768px) {\r\n.fdzaq69eed18d3b250 {\r\ndisplay: block;\r\n}\r\n}\r\n@media screen and (max-width: 767px) {\r\n.fdzaq69eed18d3b250 {\r\ndisplay: block;\r\n}\r\n}\r\n<\/style>\r\n<div class=\"gmtdu69eed18d3b23c\" ><!--<a href=\"https:\/\/bit.ly\/3QdrqTZ\" target=\"_blank\">\n<img src=\"https:\/\/justicapotiguar.com.br\/wp-content\/uploads\/2023\/09\/desktop-geral.gif\"\/><a\/>--><\/div><style type=\"text\/css\">\r\n.gmtdu69eed18d3b23c {\r\ntext-align: center;\nmargin-bottom: 1em;\r\n}\r\n@media screen and (min-width: 1201px) {\r\n.gmtdu69eed18d3b23c {\r\ndisplay: block;\r\n}\r\n}\r\n@media screen and (min-width: 993px) and (max-width: 1200px) {\r\n.gmtdu69eed18d3b23c {\r\ndisplay: block;\r\n}\r\n}\r\n@media screen and (min-width: 769px) and (max-width: 992px) {\r\n.gmtdu69eed18d3b23c {\r\ndisplay: block;\r\n}\r\n}\r\n@media screen and (min-width: 768px) and (max-width: 768px) {\r\n.gmtdu69eed18d3b23c {\r\ndisplay: none;\r\n}\r\n}\r\n@media screen and (max-width: 767px) {\r\n.gmtdu69eed18d3b23c {\r\ndisplay: none;\r\n}\r\n}\r\n<\/style>\r\n\n\n\n\n<p><strong>Decis\u00e3o<\/strong><br><br>Ao julgar o caso, o relator, desembargador Am\u00edlcar Maia, viu preenchidos os requisitos indispens\u00e1veis para a concess\u00e3o da medida de urg\u00eancia postulada. Para ele, apesar dos argumentos utilizados pelo Ju\u00edzo de primeiro grau para negar o pedido de liminar, entendeu que o perigo da demora est\u00e1 plenamente evidenciado no caso concreto.<br><br>Ele observou que, de acordo com o laudo m\u00e9dico juntado, a paciente recebeu diagn\u00f3stico de Lipedema, est\u00e1gio II, estando em tratamento h\u00e1 mais de um ano sem resultado significativo. Considerou a informa\u00e7\u00e3o da cirurgi\u00e3, quando disse que a paciente apresenta evolu\u00e7\u00e3o significativa na progress\u00e3o da doen\u00e7a em per\u00edodo curto de tempo, com sintomas de dores intensas nos membros inferiores, edema, lentifica\u00e7\u00e3o do sistema linf\u00e1tico, varizes, equimoses recorrentes sem ocorr\u00eancia de traumas (decorrente da fragilidade capilar nesta enfermidade) e altera\u00e7\u00f5es nas articula\u00e7\u00f5es dos joelhos.<br><br>O relator tamb\u00e9m levou em considera\u00e7\u00e3o a informa\u00e7\u00e3o da m\u00e9dica de que o Lipedema \u00e9 uma patologia cr\u00f4nica, de car\u00e1ter progressivo e evolutivo, que possui atualmente quatro est\u00e1gios e se n\u00e3o tratado adequadamente, traz s\u00e9rios preju\u00edzos \u00e0 sa\u00fade de seus portadores. Considerou tamb\u00e9m a informa\u00e7\u00e3o de que o desconforto progressivo e a desfigura\u00e7\u00e3o levam uma um sofrimento psicol\u00f3gico e f\u00edsico intensos.<\/p>\n\n\n\n<p>\u201cPelo que se v\u00ea, embora n\u00e3o exista risco de morte, \u00e9 necess\u00e1ria a realiza\u00e7\u00e3o imediata do procedimento cir\u00fargico, dado o car\u00e1ter evolutivo e inflamat\u00f3rio da doen\u00e7a, que j\u00e1 se encontra no segundo dos quatro est\u00e1gios existentes. Al\u00e9m de todos os desconfortos elencados no relat\u00f3rio m\u00e9dico, h\u00e1 de se considerar o s\u00e9rio risco de comprometimento do sistema linf\u00e1tico da paciente, bem como de suas articula\u00e7\u00f5es, j\u00e1 atingidas por outra patologia, o que vem prejudicando a sa\u00fade e a qualidade de vida da agravante\u201d, assinalou o julgador.<br><br><strong>(Agravo de Instrumento n.\u00ba 0813702-16.2021.8.20.0000)<\/strong><\/p>\n","protected":false},"excerpt":{"rendered":"<p>O desembargador Am\u00edlcar Maia, do Tribunal de Justi\u00e7a do RN, deferiu pedido de liminar de urg\u00eancia e determinou que uma operadora de Plano de Sa\u00fade custeie integralmente, incluindo despesas m\u00e9dicas e hospitalares, uma cirurgia para tratar a Lipedema, doen\u00e7a que acomete o sistema linf\u00e1tico, e que ser\u00e1 realizada no dia 7 de janeiro de 2022,<br \/><a class=\"more-link\" href=\"https:\/\/justicapotiguar.com.br\/index.php\/2021\/12\/27\/plano-de-saude-deve-custear-integralmente-cirurgia-de-lipedema-em-paciente-potiguar-em-sao-paulo\/\">Mais&#8230;<\/a><\/p>\n","protected":false},"author":5,"featured_media":0,"comment_status":"open","ping_status":"open","sticky":false,"template":"","format":"standard","meta":[],"categories":[1],"tags":[],"_links":{"self":[{"href":"https:\/\/justicapotiguar.com.br\/index.php\/wp-json\/wp\/v2\/posts\/23676"}],"collection":[{"href":"https:\/\/justicapotiguar.com.br\/index.php\/wp-json\/wp\/v2\/posts"}],"about":[{"href":"https:\/\/justicapotiguar.com.br\/index.php\/wp-json\/wp\/v2\/types\/post"}],"author":[{"embeddable":true,"href":"https:\/\/justicapotiguar.com.br\/index.php\/wp-json\/wp\/v2\/users\/5"}],"replies":[{"embeddable":true,"href":"https:\/\/justicapotiguar.com.br\/index.php\/wp-json\/wp\/v2\/comments?post=23676"}],"version-history":[{"count":3,"href":"https:\/\/justicapotiguar.com.br\/index.php\/wp-json\/wp\/v2\/posts\/23676\/revisions"}],"predecessor-version":[{"id":23686,"href":"https:\/\/justicapotiguar.com.br\/index.php\/wp-json\/wp\/v2\/posts\/23676\/revisions\/23686"}],"wp:attachment":[{"href":"https:\/\/justicapotiguar.com.br\/index.php\/wp-json\/wp\/v2\/media?parent=23676"}],"wp:term":[{"taxonomy":"category","embeddable":true,"href":"https:\/\/justicapotiguar.com.br\/index.php\/wp-json\/wp\/v2\/categories?post=23676"},{"taxonomy":"post_tag","embeddable":true,"href":"https:\/\/justicapotiguar.com.br\/index.php\/wp-json\/wp\/v2\/tags?post=23676"}],"curies":[{"name":"wp","href":"https:\/\/api.w.org\/{rel}","templated":true}]}}