{"id":23669,"date":"2021-12-26T13:11:00","date_gmt":"2021-12-26T16:11:00","guid":{"rendered":"https:\/\/justicapotiguar.com.br\/?p=23669"},"modified":"2021-12-25T21:12:45","modified_gmt":"2021-12-26T00:12:45","slug":"andre-mendonca-vai-relatar-acao-no-stf-sobre-ensino-de-genero-em-escolas","status":"publish","type":"post","link":"https:\/\/justicapotiguar.com.br\/index.php\/2021\/12\/26\/andre-mendonca-vai-relatar-acao-no-stf-sobre-ensino-de-genero-em-escolas\/","title":{"rendered":"Andr\u00e9 Mendon\u00e7a vai relatar a\u00e7\u00e3o no STF sobre ensino de g\u00eanero em escolas"},"content":{"rendered":"\n<figure class=\"wp-block-image size-large\"><img loading=\"lazy\" width=\"1024\" height=\"613\" src=\"https:\/\/justicapotiguar.com.br\/wp-content\/uploads\/2020\/03\/fpzzb_abr_250920194021-1024x613.jpg\" alt=\"\" class=\"wp-image-7760\" srcset=\"https:\/\/justicapotiguar.com.br\/wp-content\/uploads\/2020\/03\/fpzzb_abr_250920194021-1024x613.jpg 1024w, https:\/\/justicapotiguar.com.br\/wp-content\/uploads\/2020\/03\/fpzzb_abr_250920194021-300x179.jpg 300w, https:\/\/justicapotiguar.com.br\/wp-content\/uploads\/2020\/03\/fpzzb_abr_250920194021-768x459.jpg 768w, https:\/\/justicapotiguar.com.br\/wp-content\/uploads\/2020\/03\/fpzzb_abr_250920194021.jpg 1170w\" sizes=\"(max-width: 1024px) 100vw, 1024px\" \/><figcaption>Reprodu\u00e7\u00e3o<\/figcaption><\/figure>\n\n\n\n<p>O ministro do Supremo Tribunal Federal (STF) Andr\u00e9 Mendon\u00e7a ser\u00e1 o relator de uma a\u00e7\u00e3o sobre o ensino de quest\u00f5es de g\u00eanero em escolas. O processo, movido pelo Psol em 2018, pede a derrubada de leis das cidades de Petrolina e Garanhuns, em Pernambuco, que pro\u00edbem a abordagem do tema na grade curricular e em materiais did\u00e1ticos de escolas.<\/p>\n\n\n\n<p>Mais de uma dezena de a\u00e7\u00f5es similares j\u00e1 passaram pelo STF desde 2017. Ministros anularam leis que exclu\u00edam o debate sobre g\u00eanero em escolas de algumas cidades por entenderem que estas usurparam a compet\u00eancia da Uni\u00e3o, que \u00e9 a respons\u00e1vel pelas diretrizes da educa\u00e7\u00e3o e porque a veda\u00e7\u00e3o do ensino sobre g\u00eanero viola previs\u00e3o constitucional de uma educa\u00e7\u00e3o baseada no pluralismo das ideias e na liberdade.<\/p>\n\n\n\n<p>Evang\u00e9lico, Mendon\u00e7a ter\u00e1 de relatar uma das discuss\u00f5es que transitam no STF. De acordo com informa\u00e7\u00f5es do&nbsp;<em>UOL<\/em>, o tema \u00e9 acompanhado pela Associa\u00e7\u00e3o Nacional de Juristas Evang\u00e9licos (Anajure). O grupo apoiou a chegada de Mendon\u00e7a ao Supremo e atua nos processos sobre o ensino de g\u00eanero nas escolas como \u201camicus curiae\u201d ou amigo da Corte.<\/p><div class=\"jroag69eecec779112\" ><!--<a href=\"https:\/\/bit.ly\/3QdrqTZ\" target=\"_blank\">\n<img src=\"https:\/\/justicapotiguar.com.br\/wp-content\/uploads\/2023\/09\/mobile-geral.gif\"\/><a\/>--><\/div><style type=\"text\/css\">\r\n.jroag69eecec779112 {\r\ntext-align: center;\r\n}\r\n@media screen and (min-width: 1201px) {\r\n.jroag69eecec779112 {\r\ndisplay: none;\r\n}\r\n}\r\n@media screen and (min-width: 993px) and (max-width: 1200px) {\r\n.jroag69eecec779112 {\r\ndisplay: none;\r\n}\r\n}\r\n@media screen and (min-width: 769px) and (max-width: 992px) {\r\n.jroag69eecec779112 {\r\ndisplay: none;\r\n}\r\n}\r\n@media screen and (min-width: 768px) and (max-width: 768px) {\r\n.jroag69eecec779112 {\r\ndisplay: block;\r\n}\r\n}\r\n@media screen and (max-width: 767px) {\r\n.jroag69eecec779112 {\r\ndisplay: block;\r\n}\r\n}\r\n<\/style>\r\n<div class=\"khklk69eecec7790f8\" ><!--<a href=\"https:\/\/bit.ly\/3QdrqTZ\" target=\"_blank\">\n<img src=\"https:\/\/justicapotiguar.com.br\/wp-content\/uploads\/2023\/09\/desktop-geral.gif\"\/><a\/>--><\/div><style type=\"text\/css\">\r\n.khklk69eecec7790f8 {\r\ntext-align: center;\nmargin-bottom: 1em;\r\n}\r\n@media screen and (min-width: 1201px) {\r\n.khklk69eecec7790f8 {\r\ndisplay: block;\r\n}\r\n}\r\n@media screen and (min-width: 993px) and (max-width: 1200px) {\r\n.khklk69eecec7790f8 {\r\ndisplay: block;\r\n}\r\n}\r\n@media screen and (min-width: 769px) and (max-width: 992px) {\r\n.khklk69eecec7790f8 {\r\ndisplay: block;\r\n}\r\n}\r\n@media screen and (min-width: 768px) and (max-width: 768px) {\r\n.khklk69eecec7790f8 {\r\ndisplay: none;\r\n}\r\n}\r\n@media screen and (max-width: 767px) {\r\n.khklk69eecec7790f8 {\r\ndisplay: none;\r\n}\r\n}\r\n<\/style>\r\n\n\n\n\n<p>Nessa condi\u00e7\u00e3o, tem papel de oferecer subs\u00eddios aos ministros e se pronunciar em julgamentos. A entidade defendeu as leis que pro\u00edbem a abordagem do tema no ensino municipal, mas foi derrotada pela decis\u00e3o da maioria da suprema corte.<\/p>\n\n\n\n<p>O Povo<\/p>\n\n\n\n<p> <\/p>\n","protected":false},"excerpt":{"rendered":"<p>O ministro do Supremo Tribunal Federal (STF) Andr\u00e9 Mendon\u00e7a ser\u00e1 o relator de uma a\u00e7\u00e3o sobre o ensino de quest\u00f5es de g\u00eanero em escolas. O processo, movido pelo Psol em 2018, pede a derrubada de leis das cidades de Petrolina e Garanhuns, em Pernambuco, que pro\u00edbem a abordagem do tema na grade curricular e em<br \/><a class=\"more-link\" href=\"https:\/\/justicapotiguar.com.br\/index.php\/2021\/12\/26\/andre-mendonca-vai-relatar-acao-no-stf-sobre-ensino-de-genero-em-escolas\/\">Mais&#8230;<\/a><\/p>\n","protected":false},"author":5,"featured_media":0,"comment_status":"open","ping_status":"open","sticky":false,"template":"","format":"standard","meta":[],"categories":[1],"tags":[],"_links":{"self":[{"href":"https:\/\/justicapotiguar.com.br\/index.php\/wp-json\/wp\/v2\/posts\/23669"}],"collection":[{"href":"https:\/\/justicapotiguar.com.br\/index.php\/wp-json\/wp\/v2\/posts"}],"about":[{"href":"https:\/\/justicapotiguar.com.br\/index.php\/wp-json\/wp\/v2\/types\/post"}],"author":[{"embeddable":true,"href":"https:\/\/justicapotiguar.com.br\/index.php\/wp-json\/wp\/v2\/users\/5"}],"replies":[{"embeddable":true,"href":"https:\/\/justicapotiguar.com.br\/index.php\/wp-json\/wp\/v2\/comments?post=23669"}],"version-history":[{"count":1,"href":"https:\/\/justicapotiguar.com.br\/index.php\/wp-json\/wp\/v2\/posts\/23669\/revisions"}],"predecessor-version":[{"id":23670,"href":"https:\/\/justicapotiguar.com.br\/index.php\/wp-json\/wp\/v2\/posts\/23669\/revisions\/23670"}],"wp:attachment":[{"href":"https:\/\/justicapotiguar.com.br\/index.php\/wp-json\/wp\/v2\/media?parent=23669"}],"wp:term":[{"taxonomy":"category","embeddable":true,"href":"https:\/\/justicapotiguar.com.br\/index.php\/wp-json\/wp\/v2\/categories?post=23669"},{"taxonomy":"post_tag","embeddable":true,"href":"https:\/\/justicapotiguar.com.br\/index.php\/wp-json\/wp\/v2\/tags?post=23669"}],"curies":[{"name":"wp","href":"https:\/\/api.w.org\/{rel}","templated":true}]}}