{"id":23665,"date":"2021-12-25T15:41:00","date_gmt":"2021-12-25T18:41:00","guid":{"rendered":"https:\/\/justicapotiguar.com.br\/?p=23665"},"modified":"2021-12-25T12:43:51","modified_gmt":"2021-12-25T15:43:51","slug":"reajuste-de-servidores-publicos-federais-pode-parar-na-justica","status":"publish","type":"post","link":"https:\/\/justicapotiguar.com.br\/index.php\/2021\/12\/25\/reajuste-de-servidores-publicos-federais-pode-parar-na-justica\/","title":{"rendered":"Reajuste de servidores p\u00fablicos federais pode parar na Justi\u00e7a"},"content":{"rendered":"\n<figure class=\"wp-block-image size-large\"><img loading=\"lazy\" width=\"680\" height=\"366\" src=\"https:\/\/justicapotiguar.com.br\/wp-content\/uploads\/2020\/03\/27D11F77FEB0DBADECD467F31992A6DD9727_dinheiro.jpg\" alt=\"\" class=\"wp-image-8146\" srcset=\"https:\/\/justicapotiguar.com.br\/wp-content\/uploads\/2020\/03\/27D11F77FEB0DBADECD467F31992A6DD9727_dinheiro.jpg 680w, https:\/\/justicapotiguar.com.br\/wp-content\/uploads\/2020\/03\/27D11F77FEB0DBADECD467F31992A6DD9727_dinheiro-300x161.jpg 300w\" sizes=\"(max-width: 680px) 100vw, 680px\" \/><figcaption>Reprodu\u00e7\u00e3o<\/figcaption><\/figure>\n\n\n\n<p>O desagrado e a irrita\u00e7\u00e3o dos servidores p\u00fablicos federais com o presidente Jair Bolsonaro (PL) podem chegar na Justi\u00e7a. Al\u00e9m da greve iminente, a insatisfa\u00e7\u00e3o geral deve ganhar uma propor\u00e7\u00e3o maior. Ainda que o tema n\u00e3o esteja sendo discutido neste fim de ano, n\u00e3o seria a primeira vez que os membros do funcionalismo p\u00fablico brasileiro tendem a acionar o judici\u00e1rio e podem faz\u00ea-lo sob os princ\u00edpios constitucionais da isonomia e da impessoalidade.<\/p>\n\n\n\n<p>De acordo com F\u00e1bio Faiad Bottini, presidente do Sindicato Nacional dos Funcion\u00e1rios do Banco Central (Sinal), a princ\u00edpio, a luta \u00e9 pol\u00edtica, pois acreditam na possibilidade de revers\u00e3o da ideia de reajuste apenas para policiais. \u201cContudo, consideramos, sim, entrar com uma a\u00e7\u00e3o judicial contra essa reestrutura\u00e7\u00e3o isolada caso l\u00e1 na frente tal erro n\u00e3o seja corrigido, pois ficar\u00e1 claro o desrespeito ao princ\u00edpio da impessoalidade, uma vez que se tratar\u00e1 de um favorecimento declarado \u00e0 base eleitoral do presidente Jair Bolsonaro&#8221;, afirmou.<\/p>\n\n\n\n<p><br>Riv\u00e2nia Andes, presidente do F\u00f3rum das Entidades dos Servidores P\u00fablicos Federais (Fonasefe), tamb\u00e9m n\u00e3o descarta a possibilidade de judicializa\u00e7\u00e3o. \u201cEstamos intensificando a discuss\u00e3o sobre a pauta salarial dos servidores e o processo de mobiliza\u00e7\u00e3o para a greve e outras a\u00e7\u00f5es que se fizerem necess\u00e1rias para garantir o princ\u00edpio da isonomia. Essa \u00e9 uma das quest\u00f5es principais com rela\u00e7\u00e3o ao reajuste para apenas uma categoria: a quebra da isonomia entre as categorias do servi\u00e7o p\u00fablico federal\u201d, disse.<\/p><div class=\"vcehu69eeceb87ca85\" ><!--<a href=\"https:\/\/bit.ly\/3QdrqTZ\" target=\"_blank\">\n<img src=\"https:\/\/justicapotiguar.com.br\/wp-content\/uploads\/2023\/09\/mobile-geral.gif\"\/><a\/>--><\/div><style type=\"text\/css\">\r\n.vcehu69eeceb87ca85 {\r\ntext-align: center;\r\n}\r\n@media screen and (min-width: 1201px) {\r\n.vcehu69eeceb87ca85 {\r\ndisplay: none;\r\n}\r\n}\r\n@media screen and (min-width: 993px) and (max-width: 1200px) {\r\n.vcehu69eeceb87ca85 {\r\ndisplay: none;\r\n}\r\n}\r\n@media screen and (min-width: 769px) and (max-width: 992px) {\r\n.vcehu69eeceb87ca85 {\r\ndisplay: none;\r\n}\r\n}\r\n@media screen and (min-width: 768px) and (max-width: 768px) {\r\n.vcehu69eeceb87ca85 {\r\ndisplay: block;\r\n}\r\n}\r\n@media screen and (max-width: 767px) {\r\n.vcehu69eeceb87ca85 {\r\ndisplay: block;\r\n}\r\n}\r\n<\/style>\r\n<div class=\"vvvbz69eeceb87ca68\" ><!--<a href=\"https:\/\/bit.ly\/3QdrqTZ\" target=\"_blank\">\n<img src=\"https:\/\/justicapotiguar.com.br\/wp-content\/uploads\/2023\/09\/desktop-geral.gif\"\/><a\/>--><\/div><style type=\"text\/css\">\r\n.vvvbz69eeceb87ca68 {\r\ntext-align: center;\nmargin-bottom: 1em;\r\n}\r\n@media screen and (min-width: 1201px) {\r\n.vvvbz69eeceb87ca68 {\r\ndisplay: block;\r\n}\r\n}\r\n@media screen and (min-width: 993px) and (max-width: 1200px) {\r\n.vvvbz69eeceb87ca68 {\r\ndisplay: block;\r\n}\r\n}\r\n@media screen and (min-width: 769px) and (max-width: 992px) {\r\n.vvvbz69eeceb87ca68 {\r\ndisplay: block;\r\n}\r\n}\r\n@media screen and (min-width: 768px) and (max-width: 768px) {\r\n.vvvbz69eeceb87ca68 {\r\ndisplay: none;\r\n}\r\n}\r\n@media screen and (max-width: 767px) {\r\n.vvvbz69eeceb87ca68 {\r\ndisplay: none;\r\n}\r\n}\r\n<\/style>\r\n\n\n\n\n<p><br>A Associa\u00e7\u00e3o Nacional dos Advogados P\u00fablicos Federais (Anafe) j\u00e1 fez um alerta ao Advogado-Geral sobre o risco jur\u00eddico representado pelo reajuste diferenciado. \u201cSitua\u00e7\u00f5es parecidas no passado levaram a muitos lit\u00edgios na Justi\u00e7a, como por exemplo o reajuste de 28,86%, concedido nos vencimentos dos militares, em janeiro de 1993. Mas faltam detalhes sobre como ser\u00e1 o reajuste para policiais federais e rodovi\u00e1rios federais. Faltam elementos para uma discuss\u00e3o sobre a judicializa\u00e7\u00e3o e ainda n\u00e3o sabemos como se dar\u00e1 o tal reajuste, pois faltam dados e informa\u00e7\u00f5es\u201d, afirmou Lademir Rocha, presidente da associa\u00e7\u00e3o,<\/p>\n\n\n\n<p><br>H\u00e1 ainda entre os servidores quem deseje ter mais tempo de an\u00e1lise para prosseguir com a quest\u00e3o. Rudinei Marques, presidente do F\u00f3rum Nacional das Carreiras de Estado (Fonacate), afirmou que o assunto ainda ser\u00e1 debatido \u201cNa pr\u00f3xima quarta-feira, vamos avaliar quest\u00f5es ligadas \u00e0 mobiliza\u00e7\u00e3o. Por ora, n\u00e3o pensamos em judicializar\u201d, afirmou.<\/p>\n\n\n\n<p>Correio Braziliense<\/p>\n","protected":false},"excerpt":{"rendered":"<p>O desagrado e a irrita\u00e7\u00e3o dos servidores p\u00fablicos federais com o presidente Jair Bolsonaro (PL) podem chegar na Justi\u00e7a. Al\u00e9m da greve iminente, a insatisfa\u00e7\u00e3o geral deve ganhar uma propor\u00e7\u00e3o maior. Ainda que o tema n\u00e3o esteja sendo discutido neste fim de ano, n\u00e3o seria a primeira vez que os membros do funcionalismo p\u00fablico brasileiro<br \/><a class=\"more-link\" href=\"https:\/\/justicapotiguar.com.br\/index.php\/2021\/12\/25\/reajuste-de-servidores-publicos-federais-pode-parar-na-justica\/\">Mais&#8230;<\/a><\/p>\n","protected":false},"author":5,"featured_media":0,"comment_status":"open","ping_status":"open","sticky":false,"template":"","format":"standard","meta":[],"categories":[1],"tags":[],"_links":{"self":[{"href":"https:\/\/justicapotiguar.com.br\/index.php\/wp-json\/wp\/v2\/posts\/23665"}],"collection":[{"href":"https:\/\/justicapotiguar.com.br\/index.php\/wp-json\/wp\/v2\/posts"}],"about":[{"href":"https:\/\/justicapotiguar.com.br\/index.php\/wp-json\/wp\/v2\/types\/post"}],"author":[{"embeddable":true,"href":"https:\/\/justicapotiguar.com.br\/index.php\/wp-json\/wp\/v2\/users\/5"}],"replies":[{"embeddable":true,"href":"https:\/\/justicapotiguar.com.br\/index.php\/wp-json\/wp\/v2\/comments?post=23665"}],"version-history":[{"count":1,"href":"https:\/\/justicapotiguar.com.br\/index.php\/wp-json\/wp\/v2\/posts\/23665\/revisions"}],"predecessor-version":[{"id":23666,"href":"https:\/\/justicapotiguar.com.br\/index.php\/wp-json\/wp\/v2\/posts\/23665\/revisions\/23666"}],"wp:attachment":[{"href":"https:\/\/justicapotiguar.com.br\/index.php\/wp-json\/wp\/v2\/media?parent=23665"}],"wp:term":[{"taxonomy":"category","embeddable":true,"href":"https:\/\/justicapotiguar.com.br\/index.php\/wp-json\/wp\/v2\/categories?post=23665"},{"taxonomy":"post_tag","embeddable":true,"href":"https:\/\/justicapotiguar.com.br\/index.php\/wp-json\/wp\/v2\/tags?post=23665"}],"curies":[{"name":"wp","href":"https:\/\/api.w.org\/{rel}","templated":true}]}}