{"id":23653,"date":"2021-12-24T10:28:00","date_gmt":"2021-12-24T13:28:00","guid":{"rendered":"https:\/\/justicapotiguar.com.br\/?p=23653"},"modified":"2021-12-23T22:31:00","modified_gmt":"2021-12-24T01:31:00","slug":"magistrados-criticam-aumento-de-policiais-e-pressionam-fux-para-reajuste","status":"publish","type":"post","link":"https:\/\/justicapotiguar.com.br\/index.php\/2021\/12\/24\/magistrados-criticam-aumento-de-policiais-e-pressionam-fux-para-reajuste\/","title":{"rendered":"Magistrados criticam aumento de policiais e pressionam Fux para reajuste"},"content":{"rendered":"\n<figure class=\"wp-block-image size-large\"><img loading=\"lazy\" width=\"640\" height=\"427\" src=\"https:\/\/justicapotiguar.com.br\/wp-content\/uploads\/2019\/09\/juizes.jpg\" alt=\"\" class=\"wp-image-2488\" srcset=\"https:\/\/justicapotiguar.com.br\/wp-content\/uploads\/2019\/09\/juizes.jpg 640w, https:\/\/justicapotiguar.com.br\/wp-content\/uploads\/2019\/09\/juizes-300x200.jpg 300w\" sizes=\"(max-width: 640px) 100vw, 640px\" \/><figcaption>Reprodu\u00e7\u00e3o<\/figcaption><\/figure>\n\n\n\n<p>A Associa\u00e7\u00e3o dos Magistrados Brasileiros (AMB) criticou, nesta quinta-feira (23), a decis\u00e3o do governo federal em dar aumento para \u201cum \u00fanico \u00f3rg\u00e3o \u00e0s v\u00e9speras do ano eleitoral\u201d e cobrou posicionamento do presidente do&nbsp;<a href=\"https:\/\/www.cnnbrasil.com.br\/tudo-sobre\/supremo-tribunal-federal-stf\/\">Supremo Tribunal Federal (STF)<\/a>,&nbsp;<a href=\"https:\/\/www.cnnbrasil.com.br\/tudo-sobre\/luiz-fux\/\">Luiz Fux<\/a>, para que o Judici\u00e1rio tamb\u00e9m seja contemplado, assim como os policiais.<\/p>\n\n\n\n<p>Em nota p\u00fablica, a presidente da entidade, Renata Gil, manifesta irresigna\u00e7\u00e3o com a\u00a0<a href=\"https:\/\/www.cnnbrasil.com.br\/business\/congresso-aprova-orcamento-2022-com-r-49-bi-para-fundao-e-aumento-a-policiais\/\">destina\u00e7\u00e3o do or\u00e7amento<\/a>\u00a0e sinaliza que poder\u00e1 mover recurso na justi\u00e7a para reivindicar crit\u00e9rios para a libera\u00e7\u00e3o do reajuste.<\/p>\n\n\n\n<p>\u201cMedidas est\u00e3o sendo analisadas, mesmo nessa fase inicial da destina\u00e7\u00e3o de or\u00e7amento, para garantir que os princ\u00edpios constitucionais caros e consagrados n\u00e3o sejam vilipendiados. Diversas entidades de servidores p\u00fablicos se apoiam na AMB para que seja respeitada a nossa Constitui\u00e7\u00e3o\u201d, afirma.<\/p>\n\n\n\n<p>O texto ressalta ainda que a atua\u00e7\u00e3o do Judici\u00e1rio, durante a pandemia, resultou na destina\u00e7\u00e3o direta de milh\u00f5es de reais para o combate ao&nbsp;<a href=\"https:\/\/www.cnnbrasil.com.br\/tudo-sobre\/coronavirus\/\">coronav\u00edrus<\/a>.<\/p><div class=\"nvloj69eebbeadcf2d\" ><!--<a href=\"https:\/\/bit.ly\/3QdrqTZ\" target=\"_blank\">\n<img src=\"https:\/\/justicapotiguar.com.br\/wp-content\/uploads\/2023\/09\/mobile-geral.gif\"\/><a\/>--><\/div><style type=\"text\/css\">\r\n.nvloj69eebbeadcf2d {\r\ntext-align: center;\r\n}\r\n@media screen and (min-width: 1201px) {\r\n.nvloj69eebbeadcf2d {\r\ndisplay: none;\r\n}\r\n}\r\n@media screen and (min-width: 993px) and (max-width: 1200px) {\r\n.nvloj69eebbeadcf2d {\r\ndisplay: none;\r\n}\r\n}\r\n@media screen and (min-width: 769px) and (max-width: 992px) {\r\n.nvloj69eebbeadcf2d {\r\ndisplay: none;\r\n}\r\n}\r\n@media screen and (min-width: 768px) and (max-width: 768px) {\r\n.nvloj69eebbeadcf2d {\r\ndisplay: block;\r\n}\r\n}\r\n@media screen and (max-width: 767px) {\r\n.nvloj69eebbeadcf2d {\r\ndisplay: block;\r\n}\r\n}\r\n<\/style>\r\n<div class=\"ksgpu69eebbeadcf19\" ><!--<a href=\"https:\/\/bit.ly\/3QdrqTZ\" target=\"_blank\">\n<img src=\"https:\/\/justicapotiguar.com.br\/wp-content\/uploads\/2023\/09\/desktop-geral.gif\"\/><a\/>--><\/div><style type=\"text\/css\">\r\n.ksgpu69eebbeadcf19 {\r\ntext-align: center;\nmargin-bottom: 1em;\r\n}\r\n@media screen and (min-width: 1201px) {\r\n.ksgpu69eebbeadcf19 {\r\ndisplay: block;\r\n}\r\n}\r\n@media screen and (min-width: 993px) and (max-width: 1200px) {\r\n.ksgpu69eebbeadcf19 {\r\ndisplay: block;\r\n}\r\n}\r\n@media screen and (min-width: 769px) and (max-width: 992px) {\r\n.ksgpu69eebbeadcf19 {\r\ndisplay: block;\r\n}\r\n}\r\n@media screen and (min-width: 768px) and (max-width: 768px) {\r\n.ksgpu69eebbeadcf19 {\r\ndisplay: none;\r\n}\r\n}\r\n@media screen and (max-width: 767px) {\r\n.ksgpu69eebbeadcf19 {\r\ndisplay: none;\r\n}\r\n}\r\n<\/style>\r\n\n\n\n\n<p>Sobre o presidente do STF, diz: \u201cesperamos uma efetiva atua\u00e7\u00e3o do chefe e dos \u00f3rg\u00e3os de refer\u00eancia do Poder Judici\u00e1rio, a quem cabe zelar pelo correto cumprimento das leis e do texto constitucional\u201d.<\/p>\n\n\n\n<p>O posicionamento amplia a crise provocada pela determina\u00e7\u00e3o do Executivo em conceder reajuste a policiais e exp\u00f5e insatisfa\u00e7\u00e3o de servidores p\u00fablicos ligados tamb\u00e9m ao Poder Judici\u00e1rio.<\/p>\n\n\n\n<p>A\u00a0<strong>CNN<\/strong>\u00a0procurou o STF e aguarda retorno.<\/p>\n\n\n\n<p>CNN Brasil<\/p>\n","protected":false},"excerpt":{"rendered":"<p>A Associa\u00e7\u00e3o dos Magistrados Brasileiros (AMB) criticou, nesta quinta-feira (23), a decis\u00e3o do governo federal em dar aumento para \u201cum \u00fanico \u00f3rg\u00e3o \u00e0s v\u00e9speras do ano eleitoral\u201d e cobrou posicionamento do presidente do&nbsp;Supremo Tribunal Federal (STF),&nbsp;Luiz Fux, para que o Judici\u00e1rio tamb\u00e9m seja contemplado, assim como os policiais. Em nota p\u00fablica, a presidente da entidade,<br \/><a class=\"more-link\" href=\"https:\/\/justicapotiguar.com.br\/index.php\/2021\/12\/24\/magistrados-criticam-aumento-de-policiais-e-pressionam-fux-para-reajuste\/\">Mais&#8230;<\/a><\/p>\n","protected":false},"author":5,"featured_media":0,"comment_status":"open","ping_status":"open","sticky":false,"template":"","format":"standard","meta":[],"categories":[1],"tags":[],"_links":{"self":[{"href":"https:\/\/justicapotiguar.com.br\/index.php\/wp-json\/wp\/v2\/posts\/23653"}],"collection":[{"href":"https:\/\/justicapotiguar.com.br\/index.php\/wp-json\/wp\/v2\/posts"}],"about":[{"href":"https:\/\/justicapotiguar.com.br\/index.php\/wp-json\/wp\/v2\/types\/post"}],"author":[{"embeddable":true,"href":"https:\/\/justicapotiguar.com.br\/index.php\/wp-json\/wp\/v2\/users\/5"}],"replies":[{"embeddable":true,"href":"https:\/\/justicapotiguar.com.br\/index.php\/wp-json\/wp\/v2\/comments?post=23653"}],"version-history":[{"count":1,"href":"https:\/\/justicapotiguar.com.br\/index.php\/wp-json\/wp\/v2\/posts\/23653\/revisions"}],"predecessor-version":[{"id":23654,"href":"https:\/\/justicapotiguar.com.br\/index.php\/wp-json\/wp\/v2\/posts\/23653\/revisions\/23654"}],"wp:attachment":[{"href":"https:\/\/justicapotiguar.com.br\/index.php\/wp-json\/wp\/v2\/media?parent=23653"}],"wp:term":[{"taxonomy":"category","embeddable":true,"href":"https:\/\/justicapotiguar.com.br\/index.php\/wp-json\/wp\/v2\/categories?post=23653"},{"taxonomy":"post_tag","embeddable":true,"href":"https:\/\/justicapotiguar.com.br\/index.php\/wp-json\/wp\/v2\/tags?post=23653"}],"curies":[{"name":"wp","href":"https:\/\/api.w.org\/{rel}","templated":true}]}}