{"id":23596,"date":"2021-12-22T08:18:00","date_gmt":"2021-12-22T11:18:00","guid":{"rendered":"https:\/\/justicapotiguar.com.br\/?p=23596"},"modified":"2021-12-22T09:06:03","modified_gmt":"2021-12-22T12:06:03","slug":"dono-da-kiss-denuncia-fux-a-comissao-interamericana-de-direitos-humanos-por-veto-a-habeas-corpus","status":"publish","type":"post","link":"https:\/\/justicapotiguar.com.br\/index.php\/2021\/12\/22\/dono-da-kiss-denuncia-fux-a-comissao-interamericana-de-direitos-humanos-por-veto-a-habeas-corpus\/","title":{"rendered":"Dono da Kiss denuncia Fux \u00e0 Comiss\u00e3o Interamericana de Direitos Humanos por veto a habeas corpus"},"content":{"rendered":"\n<figure class=\"wp-block-image size-large\"><img loading=\"lazy\" width=\"460\" height=\"305\" src=\"https:\/\/justicapotiguar.com.br\/wp-content\/uploads\/2021\/01\/divulgacao-luiz-fux-1500-25062020160505370.jpeg\" alt=\"\" class=\"wp-image-15895\" srcset=\"https:\/\/justicapotiguar.com.br\/wp-content\/uploads\/2021\/01\/divulgacao-luiz-fux-1500-25062020160505370.jpeg 460w, https:\/\/justicapotiguar.com.br\/wp-content\/uploads\/2021\/01\/divulgacao-luiz-fux-1500-25062020160505370-300x199.jpeg 300w\" sizes=\"(max-width: 460px) 100vw, 460px\" \/><figcaption>Reprodu\u00e7\u00e3o<\/figcaption><\/figure>\n\n\n\n<p><\/p>\n\n\n\n<p>Os advogados de defesa de<a href=\"https:\/\/www1.folha.uol.com.br\/cotidiano\/2021\/12\/querem-me-prender-me-prendam-eu-estou-cansado-diz-dono-da-kiss.shtml\">&nbsp;Elissandro Callegaro Spohr, s\u00f3cio-propriet\u00e1rio da Kiss<\/a>, enviaram um requerimento \u00e0 Comiss\u00e3o Interamericana de Direitos Humanos contra a medida do presidente do STF (Supremo Tribunal Federal), ministro Luiz Fux, de&nbsp;<a href=\"https:\/\/www1.folha.uol.com.br\/cotidiano\/2021\/12\/caso-kiss-fux-do-stf-barra-habeas-corpus-e-impede-eventual-soltura-dos-4-condenados.shtml\">vetar a soltura dos quatro condenados pelas 242 mortes ocorridas no inc\u00eandio da boate, em 2013<\/a>, na cidade de Santa Maria (RS).<\/p>\n\n\n\n<p>O caso foi enviado \u00e0 comiss\u00e3o nesta ter\u00e7a-feira (21). O texto afirma que o ministro Fux &#8220;manteve presos, em situa\u00e7\u00e3o de risco, cidad\u00e3os que ainda n\u00e3o tiveram sua responsabilidade criminal comprovada e que possuem habeas corpus liberat\u00f3rio concedido por autoridade competente&#8221;. E chama a situa\u00e7\u00e3o de &#8220;grave viola\u00e7\u00e3o de direitos humanos&#8221;.<\/p><div class=\"wozmq69eea0fbdd68c\" ><!--<a href=\"https:\/\/bit.ly\/3QdrqTZ\" target=\"_blank\">\n<img src=\"https:\/\/justicapotiguar.com.br\/wp-content\/uploads\/2023\/09\/mobile-geral.gif\"\/><a\/>--><\/div><style type=\"text\/css\">\r\n.wozmq69eea0fbdd68c {\r\ntext-align: center;\r\n}\r\n@media screen and (min-width: 1201px) {\r\n.wozmq69eea0fbdd68c {\r\ndisplay: none;\r\n}\r\n}\r\n@media screen and (min-width: 993px) and (max-width: 1200px) {\r\n.wozmq69eea0fbdd68c {\r\ndisplay: none;\r\n}\r\n}\r\n@media screen and (min-width: 769px) and (max-width: 992px) {\r\n.wozmq69eea0fbdd68c {\r\ndisplay: none;\r\n}\r\n}\r\n@media screen and (min-width: 768px) and (max-width: 768px) {\r\n.wozmq69eea0fbdd68c {\r\ndisplay: block;\r\n}\r\n}\r\n@media screen and (max-width: 767px) {\r\n.wozmq69eea0fbdd68c {\r\ndisplay: block;\r\n}\r\n}\r\n<\/style>\r\n<div class=\"fpmis69eea0fbdd66c\" ><!--<a href=\"https:\/\/bit.ly\/3QdrqTZ\" target=\"_blank\">\n<img src=\"https:\/\/justicapotiguar.com.br\/wp-content\/uploads\/2023\/09\/desktop-geral.gif\"\/><a\/>--><\/div><style type=\"text\/css\">\r\n.fpmis69eea0fbdd66c {\r\ntext-align: center;\nmargin-bottom: 1em;\r\n}\r\n@media screen and (min-width: 1201px) {\r\n.fpmis69eea0fbdd66c {\r\ndisplay: block;\r\n}\r\n}\r\n@media screen and (min-width: 993px) and (max-width: 1200px) {\r\n.fpmis69eea0fbdd66c {\r\ndisplay: block;\r\n}\r\n}\r\n@media screen and (min-width: 769px) and (max-width: 992px) {\r\n.fpmis69eea0fbdd66c {\r\ndisplay: block;\r\n}\r\n}\r\n@media screen and (min-width: 768px) and (max-width: 768px) {\r\n.fpmis69eea0fbdd66c {\r\ndisplay: none;\r\n}\r\n}\r\n@media screen and (max-width: 767px) {\r\n.fpmis69eea0fbdd66c {\r\ndisplay: none;\r\n}\r\n}\r\n<\/style>\r\n\n\n\n\n<p>Os advogados pedem o &#8220;livre acesso ao instrumento de habeas corpus&#8221; e que sua efic\u00e1cia seja resguardada, &#8220;impedindo seu indeferimento ou descaracteriza\u00e7\u00e3o pr\u00e9via por ato individual e arbitr\u00e1ria de autoridade. E pedem medida cautelar que conceda liberdade imediata para Spohr, para que eke possa aguardar os recursos contra a decis\u00e3o do tribunal do j\u00fari em liberdade.<\/p>\n\n\n\n<p>Spohr foi condenado a 22 anos e seis meses de pris\u00e3o em regime fechado pelos crimes de homic\u00eddio e tentativa de homic\u00eddio simples por dolo eventual. Os outros condenados foram o s\u00f3cio dele na Kiss,&nbsp;<a href=\"https:\/\/www1.folha.uol.com.br\/cotidiano\/2021\/12\/so-quem-esteve-la-para-saber-a-dor-de-olhar-para-as-pessoas-diz-socio-da-kiss.shtml\"><u>Mauro Londero Hoffmann<\/u><\/a>, o vocalista da banda Gurizada Fandangueira,&nbsp;<a href=\"https:\/\/www1.folha.uol.com.br\/cotidiano\/2021\/12\/tive-uma-chance-so-de-apagar-o-fogo-o-extintor-nao-funcionou-diz-vocalista-de-banda-na-kiss.shtml\"><u>Marcelo&nbsp;de Jesus dos&nbsp;Santos<\/u><\/a>, e&nbsp;<a href=\"https:\/\/www1.folha.uol.com.br\/cotidiano\/2021\/12\/diziam-abre-a-porta-esta-pegando-fogo-mas-nao-abriu-diz-assistente-de-banda-na-kiss.shtml\"><u>Luciano Bonilha Le\u00e3o<\/u><\/a>, assistente de palco do grupo musical.<\/p>\n\n\n\n<p>Monica Bergamo<\/p>\n","protected":false},"excerpt":{"rendered":"<p>Os advogados de defesa de&nbsp;Elissandro Callegaro Spohr, s\u00f3cio-propriet\u00e1rio da Kiss, enviaram um requerimento \u00e0 Comiss\u00e3o Interamericana de Direitos Humanos contra a medida do presidente do STF (Supremo Tribunal Federal), ministro Luiz Fux, de&nbsp;vetar a soltura dos quatro condenados pelas 242 mortes ocorridas no inc\u00eandio da boate, em 2013, na cidade de Santa Maria (RS). O<br \/><a class=\"more-link\" href=\"https:\/\/justicapotiguar.com.br\/index.php\/2021\/12\/22\/dono-da-kiss-denuncia-fux-a-comissao-interamericana-de-direitos-humanos-por-veto-a-habeas-corpus\/\">Mais&#8230;<\/a><\/p>\n","protected":false},"author":5,"featured_media":0,"comment_status":"open","ping_status":"open","sticky":false,"template":"","format":"standard","meta":[],"categories":[1],"tags":[],"_links":{"self":[{"href":"https:\/\/justicapotiguar.com.br\/index.php\/wp-json\/wp\/v2\/posts\/23596"}],"collection":[{"href":"https:\/\/justicapotiguar.com.br\/index.php\/wp-json\/wp\/v2\/posts"}],"about":[{"href":"https:\/\/justicapotiguar.com.br\/index.php\/wp-json\/wp\/v2\/types\/post"}],"author":[{"embeddable":true,"href":"https:\/\/justicapotiguar.com.br\/index.php\/wp-json\/wp\/v2\/users\/5"}],"replies":[{"embeddable":true,"href":"https:\/\/justicapotiguar.com.br\/index.php\/wp-json\/wp\/v2\/comments?post=23596"}],"version-history":[{"count":3,"href":"https:\/\/justicapotiguar.com.br\/index.php\/wp-json\/wp\/v2\/posts\/23596\/revisions"}],"predecessor-version":[{"id":23603,"href":"https:\/\/justicapotiguar.com.br\/index.php\/wp-json\/wp\/v2\/posts\/23596\/revisions\/23603"}],"wp:attachment":[{"href":"https:\/\/justicapotiguar.com.br\/index.php\/wp-json\/wp\/v2\/media?parent=23596"}],"wp:term":[{"taxonomy":"category","embeddable":true,"href":"https:\/\/justicapotiguar.com.br\/index.php\/wp-json\/wp\/v2\/categories?post=23596"},{"taxonomy":"post_tag","embeddable":true,"href":"https:\/\/justicapotiguar.com.br\/index.php\/wp-json\/wp\/v2\/tags?post=23596"}],"curies":[{"name":"wp","href":"https:\/\/api.w.org\/{rel}","templated":true}]}}