{"id":23543,"date":"2021-12-18T11:07:59","date_gmt":"2021-12-18T14:07:59","guid":{"rendered":"https:\/\/justicapotiguar.com.br\/?p=23543"},"modified":"2021-12-18T11:07:59","modified_gmt":"2021-12-18T14:07:59","slug":"video-em-ultima-sessao-de-2021-fux-diz-que-cidadaos-ficaram-ao-lado-do-stf","status":"publish","type":"post","link":"https:\/\/justicapotiguar.com.br\/index.php\/2021\/12\/18\/video-em-ultima-sessao-de-2021-fux-diz-que-cidadaos-ficaram-ao-lado-do-stf\/","title":{"rendered":"V\u00cdDEO: Em \u00faltima sess\u00e3o de 2021, Fux diz que cidad\u00e3os ficaram ao lado do STF"},"content":{"rendered":"\n<figure class=\"wp-block-embed is-type-video is-provider-youtube wp-block-embed-youtube wp-embed-aspect-16-9 wp-has-aspect-ratio\"><div class=\"wp-block-embed__wrapper\">\n<iframe loading=\"lazy\" title=\"Em \u00faltima sess\u00e3o de 2021, Fux diz que cidad\u00e3os ficaram ao lado do STF\" width=\"640\" height=\"360\" src=\"https:\/\/www.youtube.com\/embed\/Q1zvWoPGJKY?feature=oembed\" frameborder=\"0\" allow=\"accelerometer; autoplay; clipboard-write; encrypted-media; gyroscope; picture-in-picture\" allowfullscreen><\/iframe>\n<\/div><\/figure>\n\n\n\n<p>Nesta sexta-feira, 17, o plen\u00e1rio do STF realizou a \u00faltima sess\u00e3o de 2021. Em discurso sobre presta\u00e7\u00e3o de contas, o presidente da Corte, ministro Fux, destacou a participa\u00e7\u00e3o e o apoio dos cidad\u00e3os brasileiros ao Supremo:<\/p>\n\n\n\n<p>&#8220;(\u2026) os cidad\u00e3os brasileiros tamb\u00e9m permaneceram ao lado do STF, mesmo nos momentos mais tormentosos e, especialmente, diante das amea\u00e7as mais duras \u00e0s institui\u00e7\u00f5es democr\u00e1ticas.&#8221;<\/p><div class=\"cswvk69ee898790643\" ><!--<a href=\"https:\/\/bit.ly\/3QdrqTZ\" target=\"_blank\">\n<img src=\"https:\/\/justicapotiguar.com.br\/wp-content\/uploads\/2023\/09\/mobile-geral.gif\"\/><a\/>--><\/div><style type=\"text\/css\">\r\n.cswvk69ee898790643 {\r\ntext-align: center;\r\n}\r\n@media screen and (min-width: 1201px) {\r\n.cswvk69ee898790643 {\r\ndisplay: none;\r\n}\r\n}\r\n@media screen and (min-width: 993px) and (max-width: 1200px) {\r\n.cswvk69ee898790643 {\r\ndisplay: none;\r\n}\r\n}\r\n@media screen and (min-width: 769px) and (max-width: 992px) {\r\n.cswvk69ee898790643 {\r\ndisplay: none;\r\n}\r\n}\r\n@media screen and (min-width: 768px) and (max-width: 768px) {\r\n.cswvk69ee898790643 {\r\ndisplay: block;\r\n}\r\n}\r\n@media screen and (max-width: 767px) {\r\n.cswvk69ee898790643 {\r\ndisplay: block;\r\n}\r\n}\r\n<\/style>\r\n<div class=\"koydg69ee898790630\" ><!--<a href=\"https:\/\/bit.ly\/3QdrqTZ\" target=\"_blank\">\n<img src=\"https:\/\/justicapotiguar.com.br\/wp-content\/uploads\/2023\/09\/desktop-geral.gif\"\/><a\/>--><\/div><style type=\"text\/css\">\r\n.koydg69ee898790630 {\r\ntext-align: center;\nmargin-bottom: 1em;\r\n}\r\n@media screen and (min-width: 1201px) {\r\n.koydg69ee898790630 {\r\ndisplay: block;\r\n}\r\n}\r\n@media screen and (min-width: 993px) and (max-width: 1200px) {\r\n.koydg69ee898790630 {\r\ndisplay: block;\r\n}\r\n}\r\n@media screen and (min-width: 769px) and (max-width: 992px) {\r\n.koydg69ee898790630 {\r\ndisplay: block;\r\n}\r\n}\r\n@media screen and (min-width: 768px) and (max-width: 768px) {\r\n.koydg69ee898790630 {\r\ndisplay: none;\r\n}\r\n}\r\n@media screen and (max-width: 767px) {\r\n.koydg69ee898790630 {\r\ndisplay: none;\r\n}\r\n}\r\n<\/style>\r\n\n\n\n\n<p>Migalhas<\/p>\n","protected":false},"excerpt":{"rendered":"<p>Nesta sexta-feira, 17, o plen\u00e1rio do STF realizou a \u00faltima sess\u00e3o de 2021. Em discurso sobre presta\u00e7\u00e3o de contas, o presidente da Corte, ministro Fux, destacou a participa\u00e7\u00e3o e o apoio dos cidad\u00e3os brasileiros ao Supremo: &#8220;(\u2026) os cidad\u00e3os brasileiros tamb\u00e9m permaneceram ao lado do STF, mesmo nos momentos mais tormentosos e, especialmente, diante das<br \/><a class=\"more-link\" href=\"https:\/\/justicapotiguar.com.br\/index.php\/2021\/12\/18\/video-em-ultima-sessao-de-2021-fux-diz-que-cidadaos-ficaram-ao-lado-do-stf\/\">Mais&#8230;<\/a><\/p>\n","protected":false},"author":5,"featured_media":0,"comment_status":"open","ping_status":"open","sticky":false,"template":"","format":"standard","meta":[],"categories":[1],"tags":[],"_links":{"self":[{"href":"https:\/\/justicapotiguar.com.br\/index.php\/wp-json\/wp\/v2\/posts\/23543"}],"collection":[{"href":"https:\/\/justicapotiguar.com.br\/index.php\/wp-json\/wp\/v2\/posts"}],"about":[{"href":"https:\/\/justicapotiguar.com.br\/index.php\/wp-json\/wp\/v2\/types\/post"}],"author":[{"embeddable":true,"href":"https:\/\/justicapotiguar.com.br\/index.php\/wp-json\/wp\/v2\/users\/5"}],"replies":[{"embeddable":true,"href":"https:\/\/justicapotiguar.com.br\/index.php\/wp-json\/wp\/v2\/comments?post=23543"}],"version-history":[{"count":1,"href":"https:\/\/justicapotiguar.com.br\/index.php\/wp-json\/wp\/v2\/posts\/23543\/revisions"}],"predecessor-version":[{"id":23544,"href":"https:\/\/justicapotiguar.com.br\/index.php\/wp-json\/wp\/v2\/posts\/23543\/revisions\/23544"}],"wp:attachment":[{"href":"https:\/\/justicapotiguar.com.br\/index.php\/wp-json\/wp\/v2\/media?parent=23543"}],"wp:term":[{"taxonomy":"category","embeddable":true,"href":"https:\/\/justicapotiguar.com.br\/index.php\/wp-json\/wp\/v2\/categories?post=23543"},{"taxonomy":"post_tag","embeddable":true,"href":"https:\/\/justicapotiguar.com.br\/index.php\/wp-json\/wp\/v2\/tags?post=23543"}],"curies":[{"name":"wp","href":"https:\/\/api.w.org\/{rel}","templated":true}]}}