{"id":23541,"date":"2021-12-18T11:02:11","date_gmt":"2021-12-18T14:02:11","guid":{"rendered":"https:\/\/justicapotiguar.com.br\/?p=23541"},"modified":"2021-12-18T11:02:11","modified_gmt":"2021-12-18T14:02:11","slug":"lewandowski-manda-governo-vacinar-criancas-antes-das-aulas","status":"publish","type":"post","link":"https:\/\/justicapotiguar.com.br\/index.php\/2021\/12\/18\/lewandowski-manda-governo-vacinar-criancas-antes-das-aulas\/","title":{"rendered":"Lewandowski manda governo vacinar crian\u00e7as antes das aulas"},"content":{"rendered":"\n<figure class=\"wp-block-image size-large\"><img loading=\"lazy\" width=\"680\" height=\"453\" src=\"https:\/\/justicapotiguar.com.br\/wp-content\/uploads\/2019\/08\/vacina\u00e7\u00e3o-de-crian\u00e7a.jpg\" alt=\"\" class=\"wp-image-406\" srcset=\"https:\/\/justicapotiguar.com.br\/wp-content\/uploads\/2019\/08\/vacina\u00e7\u00e3o-de-crian\u00e7a.jpg 680w, https:\/\/justicapotiguar.com.br\/wp-content\/uploads\/2019\/08\/vacina\u00e7\u00e3o-de-crian\u00e7a-300x200.jpg 300w\" sizes=\"(max-width: 680px) 100vw, 680px\" \/><figcaption>Reprodu\u00e7\u00e3o<\/figcaption><\/figure>\n\n\n\n<p>O ministro Ricardo Lewandowski, do&nbsp;<a href=\"https:\/\/noticias.r7.com\/brasilia\/quatro-ministros-do-stf-decidem-trabalhar-durante-o-recesso-17122021-1\">STF (Supremo Tribunal Federal)<\/a>, determinou que o governo federal apresente, em um prazo de 48 horas, um planejamento para a vacina\u00e7\u00e3o de crian\u00e7as de 5 a 11 anos.&nbsp;<a href=\"https:\/\/noticias.r7.com\/saude\/anvisa-autoriza-uso-de-vacina-da-pfizer-em-criancas-de-5-a-11-anos-16122021\">A imuniza\u00e7\u00e3o desse p\u00fablico com a vacina da Pfizer foi aprovada pela Anvisa (Ag\u00eancia Nacional de Vigil\u00e2ncia Sanit\u00e1ria) na quinta-feira (16)<\/a>.<\/p>\n\n\n\n<p>De acordo com o magistrado, o cronograma apresentado pelo Executivo deve permitir a vacina\u00e7\u00e3o de todas as crian\u00e7as na faixa et\u00e1ria indicada at\u00e9 o in\u00edcio das aulas de 2022, no pr\u00f3ximo semestre. O ministro atendeu a um pedido do PT (Partido dos Trabalhadores), que alega que \u00e9 necess\u00e1ria a apresenta\u00e7\u00e3o de plano complementar ao utilizado atualmente na imuniza\u00e7\u00e3o dos brasileiros.<\/p><div class=\"mldjh69ee89a6585bc\" ><!--<a href=\"https:\/\/bit.ly\/3QdrqTZ\" target=\"_blank\">\n<img src=\"https:\/\/justicapotiguar.com.br\/wp-content\/uploads\/2023\/09\/mobile-geral.gif\"\/><a\/>--><\/div><style type=\"text\/css\">\r\n.mldjh69ee89a6585bc {\r\ntext-align: center;\r\n}\r\n@media screen and (min-width: 1201px) {\r\n.mldjh69ee89a6585bc {\r\ndisplay: none;\r\n}\r\n}\r\n@media screen and (min-width: 993px) and (max-width: 1200px) {\r\n.mldjh69ee89a6585bc {\r\ndisplay: none;\r\n}\r\n}\r\n@media screen and (min-width: 769px) and (max-width: 992px) {\r\n.mldjh69ee89a6585bc {\r\ndisplay: none;\r\n}\r\n}\r\n@media screen and (min-width: 768px) and (max-width: 768px) {\r\n.mldjh69ee89a6585bc {\r\ndisplay: block;\r\n}\r\n}\r\n@media screen and (max-width: 767px) {\r\n.mldjh69ee89a6585bc {\r\ndisplay: block;\r\n}\r\n}\r\n<\/style>\r\n<div class=\"jttku69ee89a6585a1\" ><!--<a href=\"https:\/\/bit.ly\/3QdrqTZ\" target=\"_blank\">\n<img src=\"https:\/\/justicapotiguar.com.br\/wp-content\/uploads\/2023\/09\/desktop-geral.gif\"\/><a\/>--><\/div><style type=\"text\/css\">\r\n.jttku69ee89a6585a1 {\r\ntext-align: center;\nmargin-bottom: 1em;\r\n}\r\n@media screen and (min-width: 1201px) {\r\n.jttku69ee89a6585a1 {\r\ndisplay: block;\r\n}\r\n}\r\n@media screen and (min-width: 993px) and (max-width: 1200px) {\r\n.jttku69ee89a6585a1 {\r\ndisplay: block;\r\n}\r\n}\r\n@media screen and (min-width: 769px) and (max-width: 992px) {\r\n.jttku69ee89a6585a1 {\r\ndisplay: block;\r\n}\r\n}\r\n@media screen and (min-width: 768px) and (max-width: 768px) {\r\n.jttku69ee89a6585a1 {\r\ndisplay: none;\r\n}\r\n}\r\n@media screen and (max-width: 767px) {\r\n.jttku69ee89a6585a1 {\r\ndisplay: none;\r\n}\r\n}\r\n<\/style>\r\n\n\n\n\n<p>A decis\u00e3o do ministro Lewandowski foi dada no \u00faltimo dia de expediente do Poder Judici\u00e1rio antes do recesso. No entanto,\u00a0<a href=\"https:\/\/noticias.r7.com\/brasilia\/quatro-ministros-do-stf-decidem-trabalhar-durante-o-recesso-17122021-1\">o magistrado informou \u00e0 presid\u00eancia do Supremo que vai continuar trabalhando durante o recesso<\/a>, que se estende at\u00e9 o m\u00eas de fevereiro.\u00a0<\/p>\n\n\n\n<p>R7<\/p>\n","protected":false},"excerpt":{"rendered":"<p>O ministro Ricardo Lewandowski, do&nbsp;STF (Supremo Tribunal Federal), determinou que o governo federal apresente, em um prazo de 48 horas, um planejamento para a vacina\u00e7\u00e3o de crian\u00e7as de 5 a 11 anos.&nbsp;A imuniza\u00e7\u00e3o desse p\u00fablico com a vacina da Pfizer foi aprovada pela Anvisa (Ag\u00eancia Nacional de Vigil\u00e2ncia Sanit\u00e1ria) na quinta-feira (16). De acordo com<br \/><a class=\"more-link\" href=\"https:\/\/justicapotiguar.com.br\/index.php\/2021\/12\/18\/lewandowski-manda-governo-vacinar-criancas-antes-das-aulas\/\">Mais&#8230;<\/a><\/p>\n","protected":false},"author":5,"featured_media":0,"comment_status":"open","ping_status":"open","sticky":false,"template":"","format":"standard","meta":[],"categories":[1],"tags":[],"_links":{"self":[{"href":"https:\/\/justicapotiguar.com.br\/index.php\/wp-json\/wp\/v2\/posts\/23541"}],"collection":[{"href":"https:\/\/justicapotiguar.com.br\/index.php\/wp-json\/wp\/v2\/posts"}],"about":[{"href":"https:\/\/justicapotiguar.com.br\/index.php\/wp-json\/wp\/v2\/types\/post"}],"author":[{"embeddable":true,"href":"https:\/\/justicapotiguar.com.br\/index.php\/wp-json\/wp\/v2\/users\/5"}],"replies":[{"embeddable":true,"href":"https:\/\/justicapotiguar.com.br\/index.php\/wp-json\/wp\/v2\/comments?post=23541"}],"version-history":[{"count":1,"href":"https:\/\/justicapotiguar.com.br\/index.php\/wp-json\/wp\/v2\/posts\/23541\/revisions"}],"predecessor-version":[{"id":23542,"href":"https:\/\/justicapotiguar.com.br\/index.php\/wp-json\/wp\/v2\/posts\/23541\/revisions\/23542"}],"wp:attachment":[{"href":"https:\/\/justicapotiguar.com.br\/index.php\/wp-json\/wp\/v2\/media?parent=23541"}],"wp:term":[{"taxonomy":"category","embeddable":true,"href":"https:\/\/justicapotiguar.com.br\/index.php\/wp-json\/wp\/v2\/categories?post=23541"},{"taxonomy":"post_tag","embeddable":true,"href":"https:\/\/justicapotiguar.com.br\/index.php\/wp-json\/wp\/v2\/tags?post=23541"}],"curies":[{"name":"wp","href":"https:\/\/api.w.org\/{rel}","templated":true}]}}