{"id":23539,"date":"2021-12-17T19:07:47","date_gmt":"2021-12-17T22:07:47","guid":{"rendered":"https:\/\/justicapotiguar.com.br\/?p=23539"},"modified":"2021-12-17T19:07:47","modified_gmt":"2021-12-17T22:07:47","slug":"juiz-determina-fim-da-cobranca-de-tarifa-no-circular-da-ufrn","status":"publish","type":"post","link":"https:\/\/justicapotiguar.com.br\/index.php\/2021\/12\/17\/juiz-determina-fim-da-cobranca-de-tarifa-no-circular-da-ufrn\/","title":{"rendered":"Juiz determina fim da cobran\u00e7a de tarifa no Circular da UFRN"},"content":{"rendered":"\n<figure class=\"wp-block-image size-large\"><img loading=\"lazy\" width=\"507\" height=\"380\" src=\"https:\/\/justicapotiguar.com.br\/wp-content\/uploads\/2021\/12\/images-15.jpeg\" alt=\"\" class=\"wp-image-23272\" srcset=\"https:\/\/justicapotiguar.com.br\/wp-content\/uploads\/2021\/12\/images-15.jpeg 507w, https:\/\/justicapotiguar.com.br\/wp-content\/uploads\/2021\/12\/images-15-300x225.jpeg 300w\" sizes=\"(max-width: 507px) 100vw, 507px\" \/><figcaption>Reprodu\u00e7\u00e3o<\/figcaption><\/figure>\n\n\n\n<p>A linha 588, conhecida popularmente como &#8220;Circular da UFRN&#8221;, dever\u00e1 voltar a ser gratuita. \u00c9 o que determina o juiz Francisco Ser\u00e1phico da N\u00f3brega Coutinho, da 6\u00aa Vara da Fazenda P\u00fablica, em decis\u00e3o judicial publicada na tarde desta sexta-feira (17). A decis\u00e3o \u00e9 em primeiro grau e cabe recurso.\u00a0<\/p>\n\n\n\n<p>A a\u00e7\u00e3o judicial foi movida pela deputada federal Nat\u00e1lia Bonavides (PT). Em sua decis\u00e3o, o magistrado observou que a extin\u00e7\u00e3o da linha 588 &#8220;n\u00e3o poderia ser extinta sem uma decis\u00e3o fundamentada no interesse p\u00fablico, na viabilidade t\u00e9cnica e com participa\u00e7\u00e3o do Conselho Municipal de Transporte e Mobilidade, respeitado o prazo m\u00ednimo de 120 (cento e vinte) dias entre o pedido e a extin\u00e7\u00e3o&#8221;, conforme prev\u00ea a Lei Municipal n\u00ba 622, de 8 de outubro de 2020, que disp\u00f5e sobre a altera\u00e7\u00e3o de itiner\u00e1rio, modifica\u00e7\u00e3o de linhas e hor\u00e1rios de circula\u00e7\u00e3o de \u00f4nibus integrantes da frota de Concession\u00e1rias de Servi\u00e7o P\u00fablico de Transporte Coletivo Municipal.\u00a0<\/p><div class=\"ndvbf69ee89bb2236f\" ><!--<a href=\"https:\/\/bit.ly\/3QdrqTZ\" target=\"_blank\">\n<img src=\"https:\/\/justicapotiguar.com.br\/wp-content\/uploads\/2023\/09\/mobile-geral.gif\"\/><a\/>--><\/div><style type=\"text\/css\">\r\n.ndvbf69ee89bb2236f {\r\ntext-align: center;\r\n}\r\n@media screen and (min-width: 1201px) {\r\n.ndvbf69ee89bb2236f {\r\ndisplay: none;\r\n}\r\n}\r\n@media screen and (min-width: 993px) and (max-width: 1200px) {\r\n.ndvbf69ee89bb2236f {\r\ndisplay: none;\r\n}\r\n}\r\n@media screen and (min-width: 769px) and (max-width: 992px) {\r\n.ndvbf69ee89bb2236f {\r\ndisplay: none;\r\n}\r\n}\r\n@media screen and (min-width: 768px) and (max-width: 768px) {\r\n.ndvbf69ee89bb2236f {\r\ndisplay: block;\r\n}\r\n}\r\n@media screen and (max-width: 767px) {\r\n.ndvbf69ee89bb2236f {\r\ndisplay: block;\r\n}\r\n}\r\n<\/style>\r\n<div class=\"yedwu69ee89bb22359\" ><!--<a href=\"https:\/\/bit.ly\/3QdrqTZ\" target=\"_blank\">\n<img src=\"https:\/\/justicapotiguar.com.br\/wp-content\/uploads\/2023\/09\/desktop-geral.gif\"\/><a\/>--><\/div><style type=\"text\/css\">\r\n.yedwu69ee89bb22359 {\r\ntext-align: center;\nmargin-bottom: 1em;\r\n}\r\n@media screen and (min-width: 1201px) {\r\n.yedwu69ee89bb22359 {\r\ndisplay: block;\r\n}\r\n}\r\n@media screen and (min-width: 993px) and (max-width: 1200px) {\r\n.yedwu69ee89bb22359 {\r\ndisplay: block;\r\n}\r\n}\r\n@media screen and (min-width: 769px) and (max-width: 992px) {\r\n.yedwu69ee89bb22359 {\r\ndisplay: block;\r\n}\r\n}\r\n@media screen and (min-width: 768px) and (max-width: 768px) {\r\n.yedwu69ee89bb22359 {\r\ndisplay: none;\r\n}\r\n}\r\n@media screen and (max-width: 767px) {\r\n.yedwu69ee89bb22359 {\r\ndisplay: none;\r\n}\r\n}\r\n<\/style>\r\n\n\n\n\n<p>Com informa\u00e7\u00f5es da Tribuna do Norte<\/p>\n","protected":false},"excerpt":{"rendered":"<p>A linha 588, conhecida popularmente como &#8220;Circular da UFRN&#8221;, dever\u00e1 voltar a ser gratuita. \u00c9 o que determina o juiz Francisco Ser\u00e1phico da N\u00f3brega Coutinho, da 6\u00aa Vara da Fazenda P\u00fablica, em decis\u00e3o judicial publicada na tarde desta sexta-feira (17). A decis\u00e3o \u00e9 em primeiro grau e cabe recurso.\u00a0 A a\u00e7\u00e3o judicial foi movida pela<br \/><a class=\"more-link\" href=\"https:\/\/justicapotiguar.com.br\/index.php\/2021\/12\/17\/juiz-determina-fim-da-cobranca-de-tarifa-no-circular-da-ufrn\/\">Mais&#8230;<\/a><\/p>\n","protected":false},"author":5,"featured_media":0,"comment_status":"open","ping_status":"open","sticky":false,"template":"","format":"standard","meta":[],"categories":[1],"tags":[],"_links":{"self":[{"href":"https:\/\/justicapotiguar.com.br\/index.php\/wp-json\/wp\/v2\/posts\/23539"}],"collection":[{"href":"https:\/\/justicapotiguar.com.br\/index.php\/wp-json\/wp\/v2\/posts"}],"about":[{"href":"https:\/\/justicapotiguar.com.br\/index.php\/wp-json\/wp\/v2\/types\/post"}],"author":[{"embeddable":true,"href":"https:\/\/justicapotiguar.com.br\/index.php\/wp-json\/wp\/v2\/users\/5"}],"replies":[{"embeddable":true,"href":"https:\/\/justicapotiguar.com.br\/index.php\/wp-json\/wp\/v2\/comments?post=23539"}],"version-history":[{"count":1,"href":"https:\/\/justicapotiguar.com.br\/index.php\/wp-json\/wp\/v2\/posts\/23539\/revisions"}],"predecessor-version":[{"id":23540,"href":"https:\/\/justicapotiguar.com.br\/index.php\/wp-json\/wp\/v2\/posts\/23539\/revisions\/23540"}],"wp:attachment":[{"href":"https:\/\/justicapotiguar.com.br\/index.php\/wp-json\/wp\/v2\/media?parent=23539"}],"wp:term":[{"taxonomy":"category","embeddable":true,"href":"https:\/\/justicapotiguar.com.br\/index.php\/wp-json\/wp\/v2\/categories?post=23539"},{"taxonomy":"post_tag","embeddable":true,"href":"https:\/\/justicapotiguar.com.br\/index.php\/wp-json\/wp\/v2\/tags?post=23539"}],"curies":[{"name":"wp","href":"https:\/\/api.w.org\/{rel}","templated":true}]}}